{"id":16957,"date":"2021-05-25T17:59:57","date_gmt":"2021-05-25T17:59:57","guid":{"rendered":"https:\/\/visionciudadana.com.mx\/chio\/2021\/05\/25\/presenta-faustino-hernandez-alvarez-programa-municipal-de-atencion-a-los-jovenes\/"},"modified":"2025-06-25T00:12:18","modified_gmt":"2025-06-25T00:12:18","slug":"presenta-faustino-hernandez-alvarez-programa-municipal-de-atencion-a-los-jovenes","status":"publish","type":"post","link":"https:\/\/visionciudadana.com.mx\/oficial\/2021\/05\/25\/presenta-faustino-hernandez-alvarez-programa-municipal-de-atencion-a-los-jovenes\/","title":{"rendered":"Presenta Faustino Hern\u00e1ndez \u00c1lvarez programa municipal de atenci\u00f3n a los j\u00f3venes"},"content":{"rendered":"<p>&nbsp;<\/p>\n<p class=\"x_MsoNormal\" align=\"right\"><img fetchpriority=\"high\" decoding=\"async\" src=\"images\/2021\/mayo21\/fausty1.jpg\" alt=\"fausty1\" width=\"780\" height=\"420\" style=\"display: block; margin: 20px auto;\" \/><\/p>\n<p class=\"x_MsoNormal\" style=\"text-align: justify;\"><span style=\"font-size: 14pt; font-family: arial, helvetica, sans-serif;\">El candidato del PRI, PAN y PRD a la Alcald\u00eda de Culiac\u00e1n present\u00f3 su programa municipal a favor de la Juventud donde enumera 10 compromisos para abrir los espacios de participaci\u00f3n para los j\u00f3venes, as\u00ed como las oportunidades y los apoyos que demandan y merecen para aprovechar mucho m\u00e1s su energ\u00eda, talento y creatividad.&nbsp;<\/span><\/p>\n<p style=\"text-align: justify;\">&nbsp;<\/p>\n<p class=\"x_MsoNormal\" style=\"text-align: justify;\"><span style=\"font-size: 14pt; font-family: arial, helvetica, sans-serif;\">En las propuestas de atenci\u00f3n a la juventud destac\u00f3, Faustino Hern\u00e1ndez \u00c1lvarez anunci\u00f3 el fortalecimiento del Instituto Municipal de la Juventud, dot\u00e1ndolo de m\u00e1s recursos, mayores atribuciones y capacidades institucionales, para que se convierta en un verdadero instrumento de promoci\u00f3n del desarrollo de los j\u00f3venes de Culiac\u00e1n.<\/span><\/p>\n<p style=\"text-align: justify;\">&nbsp;<\/p>\n<p class=\"x_MsoNormal\" style=\"text-align: justify;\"><span style=\"font-size: 14pt; font-family: arial, helvetica, sans-serif;\">Tambi\u00e9n se comprometi\u00f3 a trabajar muy fuerte en la reactivaci\u00f3n de la econom\u00eda municipal, para que los j\u00f3venes tengan oportunidades de empleo bien remunerado, y unir esfuerzos con instituciones p\u00fablicas y empresarios, para crear una Bolsa de Trabajo permanente para promover entre los j\u00f3venes las plazas disponibles en el municipio.<\/span><\/p>\n<p style=\"text-align: justify;\">&nbsp;<\/p>\n<p class=\"x_MsoNormal\" style=\"text-align: justify;\"><span style=\"font-size: 14pt; font-family: arial, helvetica, sans-serif;\">Con el mismo fin, se\u00f1al\u00f3 que impulsar\u00e1 la realizaci\u00f3n de Ferias del Empleo, y se gestionar\u00e1 un mayor financiamiento y capacitaci\u00f3n para que los j\u00f3venes puedan desarrollar proyectos de micro y peque\u00f1as empresas.<\/span><\/p>\n<p style=\"text-align: justify;\">&nbsp;<\/p>\n<p class=\"x_MsoNormal\" style=\"text-align: justify;\"><span style=\"font-size: 14pt; font-family: arial, helvetica, sans-serif;\">Asimismo, Faustino Hern\u00e1ndez reiter\u00f3 su propuesta para rehabilitar los parques p\u00fablicos y espacios deportivos, para que los j\u00f3venes tengan condiciones dignas para la recreaci\u00f3n, el esparcimiento y la pr\u00e1ctica del deporte, adem\u00e1s de que se buscar\u00e1 que los j\u00f3venes de Culiac\u00e1n tengan acceso a las actividades culturales y art\u00edsticas.<\/span><\/p>\n<p style=\"text-align: justify;\">&nbsp;<\/p>\n<p class=\"x_MsoNormal\" style=\"text-align: justify;\"><span style=\"font-size: 14pt; font-family: arial, helvetica, sans-serif;\">Finalmente, dijo que se apoyar\u00e1 con Internet a estudiates sobresalientes y de bajos recursos econ\u00f3micos, se organizar\u00e1 la Semana de la Tecnolog\u00eda, se incorporar\u00e1 a los j\u00f3venes en las acciones de cuidado animal, reforestaci\u00f3n y protecci\u00f3n del medio ambiente, se combatir\u00e1n las adicciones e impulsar\u00e1 un programa de seguridad vial y prevenci\u00f3n de accidentes.<\/span><\/p>\n<p style=\"text-align: justify;\">&nbsp;<\/p>\n<p class=\"x_MsoNormal\" style=\"text-align: justify;\"><span style=\"font-size: 14pt; font-family: arial, helvetica, sans-serif;\">\u201cEstos Compromisos, los hemos elaborado a partir del di\u00e1logo con la propia juventud. No son Compromisos que nos hemos sacado de la manga, o que deriven de un simple trabajo de escritorio. En estos encuentros, los j\u00f3venes me han planteado abiertamente sus inquietudes y demandas, que hemos incorporado en nuestra plataforma de gobierno\u201d, manifest\u00f3.<\/span><\/p>\n<p style=\"text-align: justify;\">&nbsp;<\/p>\n<p class=\"x_MsoNormal\" style=\"text-align: justify;\"><span style=\"font-size: 14pt; font-family: arial, helvetica, sans-serif;\"><b>CIERRE DE CAMPA\u00d1A<\/b><\/span><\/p>\n<p class=\"x_MsoNormal\" style=\"text-align: justify;\"><span style=\"font-size: 14pt; font-family: arial, helvetica, sans-serif;\">En la misma conferencia de prensa, el candidato del PRI, PAN y PRD a la Alcald\u00eda inform\u00f3 que debido a que es el coraz\u00f3n de la ciudad y un lugar emblem\u00e1tico de la actividad econ\u00f3mica y la vida comunitaria, se eligi\u00f3 el centro de la capital del estado para realizar el cierre de campa\u00f1a el pr\u00f3ximo s\u00e1bado 29 de mayo, a las 10 de la ma\u00f1ana.<\/span><\/p>\n<p style=\"text-align: justify;\">&nbsp;<\/p>\n<p class=\"x_MsoNormal\" style=\"text-align: justify;\"><span style=\"font-size: 14pt; font-family: arial, helvetica, sans-serif;\">En su agenda de hoy, Faustino Hern\u00e1ndez \u00c1lvarez tuvo muy temprano una serie de entrevista con diferentes medios de comunicaci\u00f3n, adem\u00e1s de un recorrido por el tianguis de la colonia Plutarco El\u00edas Calles; por la tarde, tendr\u00e1 un encuentro con vecinos de la colonia Adolfo L\u00f3pez Mateos.<\/span><\/p>\n<p style=\"text-align: justify;\">&nbsp;<\/p>\n<p style=\"text-align: justify;\">&nbsp;<\/p>\n<p style=\"text-align: justify;\"><span style=\"font-size: 14pt; font-family: arial, helvetica, sans-serif;\">REDACCI\u00d3N\/VISI\u00d3N CIUDADANA.<\/span><\/p>\n","protected":false},"excerpt":{"rendered":"<p>&nbsp; El candidato del PRI, PAN y PRD a la Alcald\u00eda de Culiac\u00e1n present\u00f3 su programa municipal a favor de la Juventud donde enumera 10 compromisos para abrir los espacios de participaci\u00f3n para los j\u00f3venes, as\u00ed como las oportunidades y los apoyos que demandan y merecen para aprovechar mucho m\u00e1s su energ\u00eda, talento y creatividad.&nbsp; [&hellip;]<\/p>\n","protected":false},"author":1,"featured_media":206,"comment_status":"closed","ping_status":"closed","sticky":false,"template":"","format":"standard","meta":{"footnotes":""},"categories":[13],"tags":[],"ppma_author":[31],"class_list":["post-16957","post","type-post","status-publish","format-standard","has-post-thumbnail","hentry","category-locales"],"aioseo_notices":[],"authors":[{"term_id":31,"user_id":1,"is_guest":0,"slug":"ivan3vino","display_name":"Iv\u00e1n Trevi\u00f1o","avatar_url":{"url":"https:\/\/visionciudadana.com.mx\/oficial\/wp-content\/uploads\/2025\/09\/columna-ivan-Trevino.png","url2x":"https:\/\/visionciudadana.com.mx\/oficial\/wp-content\/uploads\/2025\/09\/columna-ivan-Trevino.png"},"0":null,"1":"","2":"","3":"","4":"","5":"","6":"","7":"","8":""}],"_links":{"self":[{"href":"https:\/\/visionciudadana.com.mx\/oficial\/wp-json\/wp\/v2\/posts\/16957","targetHints":{"allow":["GET"]}}],"collection":[{"href":"https:\/\/visionciudadana.com.mx\/oficial\/wp-json\/wp\/v2\/posts"}],"about":[{"href":"https:\/\/visionciudadana.com.mx\/oficial\/wp-json\/wp\/v2\/types\/post"}],"author":[{"embeddable":true,"href":"https:\/\/visionciudadana.com.mx\/oficial\/wp-json\/wp\/v2\/users\/1"}],"replies":[{"embeddable":true,"href":"https:\/\/visionciudadana.com.mx\/oficial\/wp-json\/wp\/v2\/comments?post=16957"}],"version-history":[{"count":1,"href":"https:\/\/visionciudadana.com.mx\/oficial\/wp-json\/wp\/v2\/posts\/16957\/revisions"}],"predecessor-version":[{"id":30995,"href":"https:\/\/visionciudadana.com.mx\/oficial\/wp-json\/wp\/v2\/posts\/16957\/revisions\/30995"}],"wp:featuredmedia":[{"embeddable":true,"href":"https:\/\/visionciudadana.com.mx\/oficial\/wp-json\/wp\/v2\/posts\/206"}],"wp:attachment":[{"href":"https:\/\/visionciudadana.com.mx\/oficial\/wp-json\/wp\/v2\/media?parent=16957"}],"wp:term":[{"taxonomy":"category","embeddable":true,"href":"https:\/\/visionciudadana.com.mx\/oficial\/wp-json\/wp\/v2\/categories?post=16957"},{"taxonomy":"post_tag","embeddable":true,"href":"https:\/\/visionciudadana.com.mx\/oficial\/wp-json\/wp\/v2\/tags?post=16957"},{"taxonomy":"author","embeddable":true,"href":"https:\/\/visionciudadana.com.mx\/oficial\/wp-json\/wp\/v2\/ppma_author?post=16957"}],"curies":[{"name":"wp","href":"https:\/\/api.w.org\/{rel}","templated":true}]}}