{"id":16956,"date":"2021-05-25T17:54:49","date_gmt":"2021-05-25T17:54:49","guid":{"rendered":"https:\/\/visionciudadana.com.mx\/chio\/2021\/05\/25\/ambrocio-chavez-sera-un-diputado-que-salga-del-congreso-del-estado-buscando-las-necesidades-de-la-gente\/"},"modified":"2025-06-25T00:12:18","modified_gmt":"2025-06-25T00:12:18","slug":"ambrocio-chavez-sera-un-diputado-que-salga-del-congreso-del-estado-buscando-las-necesidades-de-la-gente","status":"publish","type":"post","link":"https:\/\/visionciudadana.com.mx\/oficial\/2021\/05\/25\/ambrocio-chavez-sera-un-diputado-que-salga-del-congreso-del-estado-buscando-las-necesidades-de-la-gente\/","title":{"rendered":"Ambrocio Ch\u00e1vez ser\u00e1 un diputado que salga del Congreso del Estado buscando las necesidades de la gente\u00a0"},"content":{"rendered":"<p style=\"text-align: justify;\"><img fetchpriority=\"high\" decoding=\"async\" src=\"images\/2021\/mayo21\/Ambrocio.jpg\" alt=\"Ambrocio\" width=\"780\" height=\"420\" style=\"display: block; margin: 20px auto;\" \/><\/p>\n<p style=\"text-align: justify;\"><span style=\"font-size: 14pt; font-family: arial, helvetica, sans-serif;\">Un diputado serio que salga del Congreso del Estado a las comunidades y colonias para escuchar las necesidades es lo que ofrece Ambrocio Ch\u00e1vez Ch\u00e1vez, pr\u00f3ximo diputado local por el noveno distrito, quien asegura que Salvador Alvarado necesita un cambio de gobierno que realmente se vean resultados a favor del pueblo.&nbsp;<\/span><\/p>\n<p style=\"text-align: justify;\">&nbsp;<\/p>\n<p class=\"x_MsoNormal\" style=\"text-align: justify;\"><span style=\"font-size: 14pt; font-family: arial, helvetica, sans-serif;\">En una reuni\u00f3n con vecinos del fraccionamiento Prado Bonito, Ambrocio Ch\u00e1vez, les habl\u00f3 de frente a la ciudadan\u00eda&nbsp;y les dijo que los candidatos de Morena-PAS van a trabajar bajo la l\u00ednea de no mentir, no robar y no traicionar al pueblo.&nbsp;<\/span><\/p>\n<p style=\"text-align: justify;\">&nbsp;<\/p>\n<p class=\"x_MsoNormal\" style=\"text-align: justify;\"><span style=\"font-size: 14pt; font-family: arial, helvetica, sans-serif;\">Coment\u00f3 que los candidatos del verdadero cambio no son gente improvisada, sino gente preparada y con visi\u00f3n, por eso es que si ganan este 6 de junio con su apoyo van a cumplir con realidades y hechos.&nbsp;<\/span><\/p>\n<p style=\"text-align: justify;\">&nbsp;<\/p>\n<p class=\"x_MsoNormal\" style=\"text-align: justify;\"><span style=\"font-size: 14pt; font-family: arial, helvetica, sans-serif;\">El abanderado por Morena-PAS expres\u00f3 que los alvaradense requieren de un aliado en el Congreso del Estado, que los escuche y lleve la voz a las sesiones para que haya resultados.&nbsp;<\/span><\/p>\n<p style=\"text-align: justify;\">&nbsp;<\/p>\n<p class=\"x_MsoNormal\" style=\"text-align: justify;\"><span style=\"font-size: 14pt; font-family: arial, helvetica, sans-serif;\">Los vecinos del fraccionamiento Prado Bonito solicitaron a los candidatos de Morena-PAS presencia de la polic\u00eda municipal, mejoramiento en la calle principal porque en temporada de lluvias se inunda y un nuevo acceso al lugar para que puedan entrar y salir de los fraccionamientos r\u00e1pidamente.<\/span><\/p>\n<p style=\"text-align: justify;\">&nbsp;<\/p>\n<p class=\"x_MsoNormal\" style=\"text-align: justify;\"><span style=\"font-size: 14pt; font-family: arial, helvetica, sans-serif;\">Tambi\u00e9n les refrendaron que los apoyar\u00e1n este 6 de junio para que ganen, ya que est\u00e1n cansados de vivir en el abandono y saben que con los aspirantes habr\u00e1 un verdadero cambio.&nbsp;<\/span><\/p>\n<p style=\"text-align: justify;\">&nbsp;<\/p>\n<p class=\"x_MsoNormal\" style=\"text-align: justify;\"><span style=\"font-size: 14pt; font-family: arial, helvetica, sans-serif;\">Cabe mencionar que tambi\u00e9n estuvo presente Armando Camacho Aguilar, candidato a la alcald\u00eda de Salvador Alvarado.<\/span><\/p>\n<p style=\"text-align: justify;\">&nbsp;<\/p>\n<p style=\"text-align: justify;\">&nbsp;<\/p>\n<p style=\"text-align: justify;\"><span style=\"font-size: 14pt; font-family: arial, helvetica, sans-serif;\">REDACCI\u00d3N\/VISI\u00d3N CIUDADANA.<\/span><\/p>\n","protected":false},"excerpt":{"rendered":"<p>Un diputado serio que salga del Congreso del Estado a las comunidades y colonias para escuchar las necesidades es lo que ofrece Ambrocio Ch\u00e1vez Ch\u00e1vez, pr\u00f3ximo diputado local por el noveno distrito, quien asegura que Salvador Alvarado necesita un cambio de gobierno que realmente se vean resultados a favor del pueblo.&nbsp; &nbsp; En una reuni\u00f3n [&hellip;]<\/p>\n","protected":false},"author":1,"featured_media":721,"comment_status":"closed","ping_status":"closed","sticky":false,"template":"","format":"standard","meta":{"footnotes":""},"categories":[13],"tags":[],"ppma_author":[31],"class_list":["post-16956","post","type-post","status-publish","format-standard","has-post-thumbnail","hentry","category-locales"],"aioseo_notices":[],"authors":[{"term_id":31,"user_id":1,"is_guest":0,"slug":"ivan3vino","display_name":"Iv\u00e1n Trevi\u00f1o","avatar_url":{"url":"https:\/\/visionciudadana.com.mx\/oficial\/wp-content\/uploads\/2025\/09\/columna-ivan-Trevino.png","url2x":"https:\/\/visionciudadana.com.mx\/oficial\/wp-content\/uploads\/2025\/09\/columna-ivan-Trevino.png"},"0":null,"1":"","2":"","3":"","4":"","5":"","6":"","7":"","8":""}],"_links":{"self":[{"href":"https:\/\/visionciudadana.com.mx\/oficial\/wp-json\/wp\/v2\/posts\/16956","targetHints":{"allow":["GET"]}}],"collection":[{"href":"https:\/\/visionciudadana.com.mx\/oficial\/wp-json\/wp\/v2\/posts"}],"about":[{"href":"https:\/\/visionciudadana.com.mx\/oficial\/wp-json\/wp\/v2\/types\/post"}],"author":[{"embeddable":true,"href":"https:\/\/visionciudadana.com.mx\/oficial\/wp-json\/wp\/v2\/users\/1"}],"replies":[{"embeddable":true,"href":"https:\/\/visionciudadana.com.mx\/oficial\/wp-json\/wp\/v2\/comments?post=16956"}],"version-history":[{"count":1,"href":"https:\/\/visionciudadana.com.mx\/oficial\/wp-json\/wp\/v2\/posts\/16956\/revisions"}],"predecessor-version":[{"id":30996,"href":"https:\/\/visionciudadana.com.mx\/oficial\/wp-json\/wp\/v2\/posts\/16956\/revisions\/30996"}],"wp:featuredmedia":[{"embeddable":true,"href":"https:\/\/visionciudadana.com.mx\/oficial\/wp-json\/wp\/v2\/posts\/721"}],"wp:attachment":[{"href":"https:\/\/visionciudadana.com.mx\/oficial\/wp-json\/wp\/v2\/media?parent=16956"}],"wp:term":[{"taxonomy":"category","embeddable":true,"href":"https:\/\/visionciudadana.com.mx\/oficial\/wp-json\/wp\/v2\/categories?post=16956"},{"taxonomy":"post_tag","embeddable":true,"href":"https:\/\/visionciudadana.com.mx\/oficial\/wp-json\/wp\/v2\/tags?post=16956"},{"taxonomy":"author","embeddable":true,"href":"https:\/\/visionciudadana.com.mx\/oficial\/wp-json\/wp\/v2\/ppma_author?post=16956"}],"curies":[{"name":"wp","href":"https:\/\/api.w.org\/{rel}","templated":true}]}}