{"id":16955,"date":"2021-05-25T17:48:00","date_gmt":"2021-05-25T17:48:00","guid":{"rendered":"https:\/\/visionciudadana.com.mx\/chio\/2021\/05\/25\/formidable-el-futuro-de-sinaloa-con-mario-zamora-vicente-fox\/"},"modified":"2025-06-25T00:12:18","modified_gmt":"2025-06-25T00:12:18","slug":"formidable-el-futuro-de-sinaloa-con-mario-zamora-vicente-fox","status":"publish","type":"post","link":"https:\/\/visionciudadana.com.mx\/oficial\/2021\/05\/25\/formidable-el-futuro-de-sinaloa-con-mario-zamora-vicente-fox\/","title":{"rendered":"Formidable el futuro de Sinaloa con Mario Zamora: Vicente Fox"},"content":{"rendered":"<p style=\"text-align: justify;\"><img fetchpriority=\"high\" decoding=\"async\" src=\"images\/2021\/mayo21\/vicente_fox_opina.PNG\" alt=\"vicente fox opina\" width=\"715\" height=\"502\" style=\"display: block; margin-left: auto; margin-right: auto;\" \/><\/p>\n<p class=\"x_gmail-MsoNoSpacing\" style=\"text-align: justify;\"><span style=\"font-size: 14pt; font-family: arial, helvetica, sans-serif;\">El ex presidente Vicente Fox Quesada exhort\u00f3 a votar este 6 de junio por Mario Zamora Gast\u00e9lum para que se convierta en el pr\u00f3ximo gobernador de Sinaloa, y expres\u00f3 que con su liderazgo el futuro de la entidad ser\u00e1 formidable.<\/span><\/p>\n<p style=\"text-align: justify;\">&nbsp;<\/p>\n<p class=\"x_gmail-MsoNoSpacing\" style=\"text-align: justify;\"><span style=\"font-size: 14pt; font-family: arial, helvetica, sans-serif;\">En un video mensaje dirigido al pueblo de Sinaloa y a Mario Zamora, el ex mandatario panista llam\u00f3 a todos los sinaloenses apoyar al candidato de \u201cVa por Sinaloa\u201d.<\/span><\/p>\n<p style=\"text-align: justify;\">&nbsp;<\/p>\n<p class=\"x_gmail-MsoNoSpacing\" style=\"text-align: justify;\"><span style=\"font-size: 14pt; font-family: arial, helvetica, sans-serif;\">\u201cVamos todos a votar este 6 de junio no solo para ganar Sinaloa sino para contribuir a ganar M\u00e9xico, el 6 de junio vamos a cambiar M\u00e9xico y lo vamos a hacer todos juntos\u201d, dijo.<\/span><\/p>\n<p style=\"text-align: justify;\">&nbsp;<\/p>\n<p class=\"x_gmail-MsoNoSpacing\" style=\"text-align: justify;\"><span style=\"font-size: 14pt; font-family: arial, helvetica, sans-serif;\">Vicente Fox, quien gobern\u00f3 el pa\u00eds de 2000 a 2006, calific\u00f3 a Mario Zamora como una persona que est\u00e1 cerca de la gente, que los sinaloenses, que las sinaloenses quieren y sienten como propio.<\/span><\/p>\n<p style=\"text-align: justify;\">&nbsp;<\/p>\n<p class=\"x_gmail-MsoNoSpacing\" style=\"text-align: justify;\"><span style=\"font-size: 14pt; font-family: arial, helvetica, sans-serif;\">\u201cMario, tu vas a ganar\u201d, expres\u00f3 Fox en este mensaje de poco m\u00e1s de un minuto, en el que le pidi\u00f3 al candidato \u201c\u00e9chale mucha fibra, muchas ganas, (pues) t\u00fa vas a a ganar, t\u00fa vas a gobernar como lo espera todo Sinaloa\u201d.<\/span><\/p>\n<p style=\"text-align: justify;\">&nbsp;<\/p>\n<p class=\"x_gmail-MsoNoSpacing\" style=\"text-align: justify;\"><span style=\"font-size: 14pt; font-family: arial, helvetica, sans-serif;\">El ex presidente se refiri\u00f3 a Mario como el pr\u00f3ximo gobernador e indic\u00f3 que Sinaloa es una bendita tierra que tanto aprecia, extra\u00f1a y en la que hay tantas historias que comparte.<\/span><\/p>\n<p style=\"text-align: justify;\">&nbsp;<\/p>\n<p class=\"x_gmail-MsoNoSpacing\" style=\"text-align: justify;\"><span style=\"font-size: 14pt; font-family: arial, helvetica, sans-serif;\">\u201cUn Sinaloa que es muy parecido a un Guanajuato con una potente y poderosa industria agropecuaria, industrias de alimentos, industrias agr\u00edcolas; formidable el futuro de Sinaloa en manos de un personaje como t\u00fa, alguien que sabe, que tiene claro qu\u00e9 hay que hacer y c\u00f3mo hay que hacerlo\u201d, insisti\u00f3 Vicente Fox.<\/span><\/p>\n<p style=\"text-align: justify;\">&nbsp;<\/p>\n<p style=\"text-align: justify;\">&nbsp;<\/p>\n<p style=\"text-align: justify;\"><span style=\"font-size: 14pt; font-family: arial, helvetica, sans-serif;\">REDACCI\u00d3N\/VISI\u00d3N CIUDADANA.<\/span><\/p>\n<div>&nbsp;<\/div>\n","protected":false},"excerpt":{"rendered":"<p>El ex presidente Vicente Fox Quesada exhort\u00f3 a votar este 6 de junio por Mario Zamora Gast\u00e9lum para que se convierta en el pr\u00f3ximo gobernador de Sinaloa, y expres\u00f3 que con su liderazgo el futuro de la entidad ser\u00e1 formidable. &nbsp; En un video mensaje dirigido al pueblo de Sinaloa y a Mario Zamora, el [&hellip;]<\/p>\n","protected":false},"author":1,"featured_media":719,"comment_status":"closed","ping_status":"closed","sticky":false,"template":"","format":"standard","meta":{"footnotes":""},"categories":[24],"tags":[],"ppma_author":[31],"class_list":["post-16955","post","type-post","status-publish","format-standard","has-post-thumbnail","hentry","category-relevantes"],"aioseo_notices":[],"authors":[{"term_id":31,"user_id":1,"is_guest":0,"slug":"ivan3vino","display_name":"Iv\u00e1n Trevi\u00f1o","avatar_url":{"url":"https:\/\/visionciudadana.com.mx\/oficial\/wp-content\/uploads\/2025\/09\/columna-ivan-Trevino.png","url2x":"https:\/\/visionciudadana.com.mx\/oficial\/wp-content\/uploads\/2025\/09\/columna-ivan-Trevino.png"},"0":null,"1":"","2":"","3":"","4":"","5":"","6":"","7":"","8":""}],"_links":{"self":[{"href":"https:\/\/visionciudadana.com.mx\/oficial\/wp-json\/wp\/v2\/posts\/16955","targetHints":{"allow":["GET"]}}],"collection":[{"href":"https:\/\/visionciudadana.com.mx\/oficial\/wp-json\/wp\/v2\/posts"}],"about":[{"href":"https:\/\/visionciudadana.com.mx\/oficial\/wp-json\/wp\/v2\/types\/post"}],"author":[{"embeddable":true,"href":"https:\/\/visionciudadana.com.mx\/oficial\/wp-json\/wp\/v2\/users\/1"}],"replies":[{"embeddable":true,"href":"https:\/\/visionciudadana.com.mx\/oficial\/wp-json\/wp\/v2\/comments?post=16955"}],"version-history":[{"count":1,"href":"https:\/\/visionciudadana.com.mx\/oficial\/wp-json\/wp\/v2\/posts\/16955\/revisions"}],"predecessor-version":[{"id":30997,"href":"https:\/\/visionciudadana.com.mx\/oficial\/wp-json\/wp\/v2\/posts\/16955\/revisions\/30997"}],"wp:featuredmedia":[{"embeddable":true,"href":"https:\/\/visionciudadana.com.mx\/oficial\/wp-json\/wp\/v2\/posts\/719"}],"wp:attachment":[{"href":"https:\/\/visionciudadana.com.mx\/oficial\/wp-json\/wp\/v2\/media?parent=16955"}],"wp:term":[{"taxonomy":"category","embeddable":true,"href":"https:\/\/visionciudadana.com.mx\/oficial\/wp-json\/wp\/v2\/categories?post=16955"},{"taxonomy":"post_tag","embeddable":true,"href":"https:\/\/visionciudadana.com.mx\/oficial\/wp-json\/wp\/v2\/tags?post=16955"},{"taxonomy":"author","embeddable":true,"href":"https:\/\/visionciudadana.com.mx\/oficial\/wp-json\/wp\/v2\/ppma_author?post=16955"}],"curies":[{"name":"wp","href":"https:\/\/api.w.org\/{rel}","templated":true}]}}