{"id":16954,"date":"2021-05-25T17:35:17","date_gmt":"2021-05-25T17:35:17","guid":{"rendered":"https:\/\/visionciudadana.com.mx\/chio\/2021\/05\/25\/busco-el-voto-para-luchar-porque-no-les-sean-robadas-las-oportunidades-a-los-jovenes-paola-garate\/"},"modified":"2025-06-25T00:12:19","modified_gmt":"2025-06-25T00:12:19","slug":"busco-el-voto-para-luchar-porque-no-les-sean-robadas-las-oportunidades-a-los-jovenes-paola-garate","status":"publish","type":"post","link":"https:\/\/visionciudadana.com.mx\/oficial\/2021\/05\/25\/busco-el-voto-para-luchar-porque-no-les-sean-robadas-las-oportunidades-a-los-jovenes-paola-garate\/","title":{"rendered":"\u201cBusco el voto para luchar, porque no les sean robadas las oportunidades a los j\u00f3venes\u201d: Paola G\u00e1rate"},"content":{"rendered":"<p style=\"text-align: justify;\"><img fetchpriority=\"high\" decoding=\"async\" src=\"images\/2021\/mayo21\/paogara.jpg\" alt=\"paogara\" width=\"780\" height=\"420\" style=\"margin: 20px auto; display: block;\" \/><\/p>\n<p>&nbsp;<\/p>\n<p style=\"text-align: justify;\"><span style=\"font-size: 14pt; font-family: arial, helvetica, sans-serif;\">\u201cVamos a mejorar las condiciones para que las y los j\u00f3venes sinaloenses tengan oportunidad de acceder a una educaci\u00f3n gratuita y de calidad, sin que se sientan intimidados o amedrentados por las autoridades educativas de la UAS que hoy compiten bajo las siglas del PAS. Vamos a terminar con el secuestro de nuestra universidad para que las futuras generaciones se formen, se preparen y tengan con que competir en el mundo laboral\u201d, expres\u00f3 Paola G\u00e1rate.<\/span><\/p>\n<div style=\"text-align: justify;\">&nbsp;<\/div>\n<div style=\"text-align: justify;\"><span style=\"font-size: 14pt; font-family: arial, helvetica, sans-serif;\"><\/span><\/div>\n<div style=\"text-align: justify;\"><span style=\"font-size: 14pt; font-family: arial, helvetica, sans-serif;\">La candidata a diputada local del distrito 17 por la alianza \u201cVa por Sinaloa\u201d se\u00f1al\u00f3 que comprende las necesidades que enfrenta este sector de la sociedad tan afectado durante la pandemia. \u201cMuchos tuvieron que abandonar los estudios porque no ten\u00edan acceso a una computadora o una conexi\u00f3n estable a internet, otros porque tuvieron que incorporarse a trabajar en lo que pudieran ante la falta de ingresos en la familia. Nadie vel\u00f3 por ellas y ellos\u201d a\u00f1adi\u00f3.<\/span><\/div>\n<div style=\"text-align: justify;\">&nbsp;<\/div>\n<div style=\"text-align: justify;\"><span style=\"font-size: 14pt; font-family: arial, helvetica, sans-serif;\"><\/span><\/div>\n<div style=\"text-align: justify;\"><span style=\"font-size: 14pt; font-family: arial, helvetica, sans-serif;\">Al finalizar la entrevista, G\u00e1rate Valenzuela se comprometi\u00f3 a buscar las herramientas necesarias para que las y los j\u00f3venes tengan acceso al deporte, a la cultura y a recursos econ\u00f3micos para emprender sus ideas de negocio. \u201cLlegando al Congreso vamos a crear el Fondo Sinaloense del Emprendedor para que los sue\u00f1os de toda una generaci\u00f3n se consoliden en nuevas peque\u00f1as y medianas empresas, porque tambi\u00e9n ellos merecen tener oportunidades de salir adelante y en m\u00ed siempre tendr\u00e1n una aliada\u201d.<\/span><\/div>\n<div style=\"text-align: justify;\">&nbsp;<\/div>\n<div style=\"text-align: justify;\">&nbsp;<\/div>\n<div style=\"text-align: justify;\">&nbsp;<\/div>\n<div style=\"text-align: justify;\"><span style=\"font-size: 14pt; font-family: arial, helvetica, sans-serif;\">REDACCI\u00d3N\/VISI\u00d3N CIUDADANA.<\/span><\/div>\n","protected":false},"excerpt":{"rendered":"<p>&nbsp; \u201cVamos a mejorar las condiciones para que las y los j\u00f3venes sinaloenses tengan oportunidad de acceder a una educaci\u00f3n gratuita y de calidad, sin que se sientan intimidados o amedrentados por las autoridades educativas de la UAS que hoy compiten bajo las siglas del PAS. Vamos a terminar con el secuestro de nuestra universidad [&hellip;]<\/p>\n","protected":false},"author":1,"featured_media":717,"comment_status":"closed","ping_status":"closed","sticky":false,"template":"","format":"standard","meta":{"footnotes":""},"categories":[13],"tags":[],"ppma_author":[31],"class_list":["post-16954","post","type-post","status-publish","format-standard","has-post-thumbnail","hentry","category-locales"],"aioseo_notices":[],"authors":[{"term_id":31,"user_id":1,"is_guest":0,"slug":"ivan3vino","display_name":"Iv\u00e1n Trevi\u00f1o","avatar_url":{"url":"https:\/\/visionciudadana.com.mx\/oficial\/wp-content\/uploads\/2025\/09\/columna-ivan-Trevino.png","url2x":"https:\/\/visionciudadana.com.mx\/oficial\/wp-content\/uploads\/2025\/09\/columna-ivan-Trevino.png"},"0":null,"1":"","2":"","3":"","4":"","5":"","6":"","7":"","8":""}],"_links":{"self":[{"href":"https:\/\/visionciudadana.com.mx\/oficial\/wp-json\/wp\/v2\/posts\/16954","targetHints":{"allow":["GET"]}}],"collection":[{"href":"https:\/\/visionciudadana.com.mx\/oficial\/wp-json\/wp\/v2\/posts"}],"about":[{"href":"https:\/\/visionciudadana.com.mx\/oficial\/wp-json\/wp\/v2\/types\/post"}],"author":[{"embeddable":true,"href":"https:\/\/visionciudadana.com.mx\/oficial\/wp-json\/wp\/v2\/users\/1"}],"replies":[{"embeddable":true,"href":"https:\/\/visionciudadana.com.mx\/oficial\/wp-json\/wp\/v2\/comments?post=16954"}],"version-history":[{"count":1,"href":"https:\/\/visionciudadana.com.mx\/oficial\/wp-json\/wp\/v2\/posts\/16954\/revisions"}],"predecessor-version":[{"id":30998,"href":"https:\/\/visionciudadana.com.mx\/oficial\/wp-json\/wp\/v2\/posts\/16954\/revisions\/30998"}],"wp:featuredmedia":[{"embeddable":true,"href":"https:\/\/visionciudadana.com.mx\/oficial\/wp-json\/wp\/v2\/posts\/717"}],"wp:attachment":[{"href":"https:\/\/visionciudadana.com.mx\/oficial\/wp-json\/wp\/v2\/media?parent=16954"}],"wp:term":[{"taxonomy":"category","embeddable":true,"href":"https:\/\/visionciudadana.com.mx\/oficial\/wp-json\/wp\/v2\/categories?post=16954"},{"taxonomy":"post_tag","embeddable":true,"href":"https:\/\/visionciudadana.com.mx\/oficial\/wp-json\/wp\/v2\/tags?post=16954"},{"taxonomy":"author","embeddable":true,"href":"https:\/\/visionciudadana.com.mx\/oficial\/wp-json\/wp\/v2\/ppma_author?post=16954"}],"curies":[{"name":"wp","href":"https:\/\/api.w.org\/{rel}","templated":true}]}}