{"id":16953,"date":"2021-05-25T17:30:16","date_gmt":"2021-05-25T17:30:16","guid":{"rendered":"https:\/\/visionciudadana.com.mx\/chio\/2021\/05\/25\/la-encuesta-verdadera-es-el-6-de-junio-y-la-ganaremos-sergio-torres\/"},"modified":"2025-06-25T00:12:19","modified_gmt":"2025-06-25T00:12:19","slug":"la-encuesta-verdadera-es-el-6-de-junio-y-la-ganaremos-sergio-torres","status":"publish","type":"post","link":"https:\/\/visionciudadana.com.mx\/oficial\/2021\/05\/25\/la-encuesta-verdadera-es-el-6-de-junio-y-la-ganaremos-sergio-torres\/","title":{"rendered":"La encuesta verdadera es el 6 de junio y la ganaremos: Sergio Torres"},"content":{"rendered":"<p><img fetchpriority=\"high\" decoding=\"async\" src=\"images\/2021\/mayo21\/sergis5.jpg\" alt=\"sergis5\" width=\"780\" height=\"420\" style=\"display: block; margin: 20px auto;\" \/><\/p>\n<div>&nbsp;<\/div>\n<div style=\"text-align: justify;\"><span style=\"font-size: 14pt; font-family: arial, helvetica, sans-serif;\">Esperamos elecciones&nbsp; justas, limpias, transparentes y sin violencia, donde la gente vote sin presiones y que&nbsp; espero ganar con un margen superior al 5 por ciento, para no dejar dudas ni tengamos que acudir a tribunales electorales, se\u00f1al\u00f3 Sergio Torres, candidato de Movimiento Ciudadano al gobierno de Sinaloa.&nbsp;<\/span><\/div>\n<div>&nbsp;<\/div>\n<div style=\"text-align: justify;\"><span style=\"font-size: 14pt; font-family: arial, helvetica, sans-serif;\"><\/span><\/div>\n<div style=\"text-align: justify;\"><span style=\"font-size: 14pt; font-family: arial, helvetica, sans-serif;\">Expres\u00f3 que es la ciudadan\u00eda quien tiene en sus manos el lograr unas elecciones exitosas, y que las instituciones y los tres niveles de gobierno cumplan con sus respectivas tareas para as&gt; garantizarlo.<\/span><\/div>\n<div style=\"text-align: justify;\">&nbsp;<\/div>\n<div style=\"text-align: justify;\"><span style=\"font-size: 14pt; font-family: arial, helvetica, sans-serif;\"><\/span><\/div>\n<div style=\"text-align: justify;\"><span style=\"font-size: 14pt; font-family: arial, helvetica, sans-serif;\">VOTO \u00daTIL<\/span><\/div>\n<div style=\"text-align: justify;\"><span style=\"font-size: 14pt; font-family: arial, helvetica, sans-serif;\">\u00abEs incre\u00edble que el Pri llame al voto \u00fatil, cuando es un partido in\u00fatil en el gobierno y como oposici\u00f3n.<\/span><\/div>\n<div style=\"text-align: justify;\"><span style=\"font-size: 14pt; font-family: arial, helvetica, sans-serif;\"><\/span><\/div>\n<div style=\"text-align: justify;\"><span style=\"font-size: 14pt; font-family: arial, helvetica, sans-serif;\">El voto \u00fatil verdadero, dijo, se llama Movimiento Ciudadano con Sergio Torres como gobernador, que lucharemos por regresar los 5 mil millones de pesos del presupuesto federal que le quitaron a Sinaloa, devolver las guarder\u00edas que desapareci\u00f3 el gobierno morenista, y donde gobernar\u00e1n los ciudadanos y no la clase pol\u00edtica de siempre.<\/span><\/div>\n<div style=\"text-align: justify;\">&nbsp;<\/div>\n<div style=\"text-align: justify;\"><span style=\"font-size: 14pt; font-family: arial, helvetica, sans-serif;\"><\/span><\/div>\n<div style=\"text-align: justify;\"><span style=\"font-size: 14pt; font-family: arial, helvetica, sans-serif;\">Segundo debate<\/span><\/div>\n<div style=\"text-align: justify;\"><span style=\"font-size: 14pt; font-family: arial, helvetica, sans-serif;\"><\/span><\/div>\n<div style=\"text-align: justify;\"><span style=\"font-size: 14pt; font-family: arial, helvetica, sans-serif;\">Sergio Torres llam\u00f3 a la ciudadan\u00eda a presenciar el segundo debate de candidatos al gobirrno del estado, donde dijo \u00abhabr\u00e1 sorpresas\u00bb y se definir\u00e1 el rumbo de la elecci\u00f3n, donde los indecisos podr\u00e1n tomar una decisi\u00f3n y que est\u00e1 m\u00e1s que claro, que no votar\u00e1n por ninguna de las dos alianzas t\u00f3xicas, perversas y convenencieras.&nbsp;<\/span><\/div>\n<div style=\"text-align: justify;\">&nbsp;<\/div>\n<div style=\"text-align: justify;\"><span style=\"font-size: 14pt; font-family: arial, helvetica, sans-serif;\"><\/span><\/div>\n<div style=\"text-align: justify;\"><span style=\"font-size: 14pt; font-family: arial, helvetica, sans-serif;\">Este debate, dejar\u00e1 en claro,el crecimiento de Movimiento Ciudadano como opci\u00f3n real para ganar la gobernatura de Sinaloa, y que Morena es una gran decepci\u00f3n y el Pri ya nadie lo quiere en el gobierno.<\/span><\/div>\n<div style=\"text-align: justify;\">&nbsp;<\/div>\n<div style=\"text-align: justify;\"><span style=\"font-size: 14pt; font-family: arial, helvetica, sans-serif;\"><\/span><\/div>\n<div style=\"text-align: justify;\"><span style=\"font-size: 14pt; font-family: arial, helvetica, sans-serif;\">\u00abVamos, dijo Sergio Torres, a se\u00f1alar, una vez m\u00e1s, lo que son verdaderamente Rocha y Zamora\u00bb.<\/span><\/div>\n<div style=\"text-align: justify;\">&nbsp;<\/div>\n<div style=\"text-align: justify;\"><span style=\"font-size: 14pt; font-family: arial, helvetica, sans-serif;\"><\/span><\/div>\n<div style=\"text-align: justify;\"><span style=\"font-size: 14pt; font-family: arial, helvetica, sans-serif;\">La corrientada de Mario Zamora<\/span><\/div>\n<div style=\"text-align: justify;\">&nbsp;<\/div>\n<div style=\"text-align: justify;\"><span style=\"font-size: 14pt; font-family: arial, helvetica, sans-serif;\"><\/span><\/div>\n<div style=\"text-align: justify;\"><span style=\"font-size: 14pt; font-family: arial, helvetica, sans-serif;\">Luego de la aclaraci\u00f3n de Jes\u00fas Vizcarra de no tener inter\u00e9s en involucrarse, con ning\u00fan candidato, en la contienda electoral, desmintiendo con ello lo asegurado por el candidato Zamora sobre el supuesto apoyo del empresario de la carne, Sergio Torres asegur\u00f3 que en Sinaloa eso se le llama \u00abcorrientada\u00bb.<\/span><\/div>\n<div style=\"text-align: justify;\">&nbsp;<\/div>\n<div style=\"text-align: justify;\"><span style=\"font-size: 14pt; font-family: arial, helvetica, sans-serif;\"><\/span><\/div>\n<div style=\"text-align: justify;\"><span style=\"font-size: 14pt; font-family: arial, helvetica, sans-serif;\">Eso, y otras acciones, muestran lo desesperados que andan, ante su asegurada derrota.<\/span><\/div>\n<div style=\"text-align: justify;\">&nbsp;<\/div>\n<div style=\"text-align: justify;\">&nbsp;<\/div>\n<div style=\"text-align: justify;\">&nbsp;<\/div>\n<div style=\"text-align: justify;\"><span style=\"font-size: 14pt; font-family: arial, helvetica, sans-serif;\">REDACCI\u00d3N\/VISI\u00d3N CIUDADANA,.<\/span><\/div>\n","protected":false},"excerpt":{"rendered":"<p>&nbsp; Esperamos elecciones&nbsp; justas, limpias, transparentes y sin violencia, donde la gente vote sin presiones y que&nbsp; espero ganar con un margen superior al 5 por ciento, para no dejar dudas ni tengamos que acudir a tribunales electorales, se\u00f1al\u00f3 Sergio Torres, candidato de Movimiento Ciudadano al gobierno de Sinaloa.&nbsp; &nbsp; Expres\u00f3 que es la ciudadan\u00eda [&hellip;]<\/p>\n","protected":false},"author":1,"featured_media":715,"comment_status":"closed","ping_status":"closed","sticky":false,"template":"","format":"standard","meta":{"footnotes":""},"categories":[13],"tags":[],"ppma_author":[31],"class_list":["post-16953","post","type-post","status-publish","format-standard","has-post-thumbnail","hentry","category-locales"],"aioseo_notices":[],"authors":[{"term_id":31,"user_id":1,"is_guest":0,"slug":"ivan3vino","display_name":"Iv\u00e1n Trevi\u00f1o","avatar_url":{"url":"https:\/\/visionciudadana.com.mx\/oficial\/wp-content\/uploads\/2025\/09\/columna-ivan-Trevino.png","url2x":"https:\/\/visionciudadana.com.mx\/oficial\/wp-content\/uploads\/2025\/09\/columna-ivan-Trevino.png"},"0":null,"1":"","2":"","3":"","4":"","5":"","6":"","7":"","8":""}],"_links":{"self":[{"href":"https:\/\/visionciudadana.com.mx\/oficial\/wp-json\/wp\/v2\/posts\/16953","targetHints":{"allow":["GET"]}}],"collection":[{"href":"https:\/\/visionciudadana.com.mx\/oficial\/wp-json\/wp\/v2\/posts"}],"about":[{"href":"https:\/\/visionciudadana.com.mx\/oficial\/wp-json\/wp\/v2\/types\/post"}],"author":[{"embeddable":true,"href":"https:\/\/visionciudadana.com.mx\/oficial\/wp-json\/wp\/v2\/users\/1"}],"replies":[{"embeddable":true,"href":"https:\/\/visionciudadana.com.mx\/oficial\/wp-json\/wp\/v2\/comments?post=16953"}],"version-history":[{"count":1,"href":"https:\/\/visionciudadana.com.mx\/oficial\/wp-json\/wp\/v2\/posts\/16953\/revisions"}],"predecessor-version":[{"id":30999,"href":"https:\/\/visionciudadana.com.mx\/oficial\/wp-json\/wp\/v2\/posts\/16953\/revisions\/30999"}],"wp:featuredmedia":[{"embeddable":true,"href":"https:\/\/visionciudadana.com.mx\/oficial\/wp-json\/wp\/v2\/posts\/715"}],"wp:attachment":[{"href":"https:\/\/visionciudadana.com.mx\/oficial\/wp-json\/wp\/v2\/media?parent=16953"}],"wp:term":[{"taxonomy":"category","embeddable":true,"href":"https:\/\/visionciudadana.com.mx\/oficial\/wp-json\/wp\/v2\/categories?post=16953"},{"taxonomy":"post_tag","embeddable":true,"href":"https:\/\/visionciudadana.com.mx\/oficial\/wp-json\/wp\/v2\/tags?post=16953"},{"taxonomy":"author","embeddable":true,"href":"https:\/\/visionciudadana.com.mx\/oficial\/wp-json\/wp\/v2\/ppma_author?post=16953"}],"curies":[{"name":"wp","href":"https:\/\/api.w.org\/{rel}","templated":true}]}}