{"id":16952,"date":"2021-05-25T17:26:27","date_gmt":"2021-05-25T17:26:27","guid":{"rendered":"https:\/\/visionciudadana.com.mx\/chio\/2021\/05\/25\/presenta-estrada-ferreiro-reconsideracion-ante-tribunal-de-guadalajara-por-sentencia-del-iees\/"},"modified":"2025-06-25T00:12:19","modified_gmt":"2025-06-25T00:12:19","slug":"presenta-estrada-ferreiro-reconsideracion-ante-tribunal-de-guadalajara-por-sentencia-del-iees","status":"publish","type":"post","link":"https:\/\/visionciudadana.com.mx\/oficial\/2021\/05\/25\/presenta-estrada-ferreiro-reconsideracion-ante-tribunal-de-guadalajara-por-sentencia-del-iees\/","title":{"rendered":"Presenta Estrada Ferreiro reconsideraci\u00f3n ante tribunal de Guadalajara por sentencia del IEES"},"content":{"rendered":"<p>&nbsp;<\/p>\n<p><img fetchpriority=\"high\" decoding=\"async\" src=\"images\/2021\/mayo21\/jefs5.jpg\" alt=\"jefs5\" width=\"780\" height=\"420\" style=\"display: block; margin: 20px auto;\" \/><\/p>\n<div style=\"text-align: justify;\"><span style=\"font-size: 14pt; font-family: arial, helvetica, sans-serif;\"> El candidato a alcalde de Culiac\u00e1n Lic. Jes\u00fas Estrada Ferreiro, inform\u00f3 que este d\u00eda se present\u00f3 un recurso de reconsideraci\u00f3n en el tribunal de Guadalajara, esto ante la sentencia del Instituto Electoral del Estado de Sinaloa de no validar su candidatura com\u00fan con el Partido Sinaloense, afirmando que tendr\u00e1 resoluci\u00f3n a su favor.&nbsp;<\/span><\/div>\n<div style=\"text-align: justify;\">&nbsp;<\/div>\n<div style=\"text-align: justify;\"><span style=\"font-size: 14pt; font-family: arial, helvetica, sans-serif;\"><\/span><\/div>\n<div style=\"text-align: justify;\"><span style=\"font-size: 14pt; font-family: arial, helvetica, sans-serif;\">En rueda de prensa con medios de comunicaci\u00f3n, Estrada Ferreiro dijo que aunque se haya aprobado la impugnaci\u00f3n presentada para invalidar su reelecci\u00f3n y la de otros contendientes, bajo el argumento de que debe ser \u00fanicamente por el partido que los postul\u00f3, hay jurisprudencia al respecto porque los partidos tienen autonom\u00eda.&nbsp;<\/span><\/div>\n<div style=\"text-align: justify;\">&nbsp;<\/div>\n<div style=\"text-align: justify;\"><span style=\"font-size: 14pt; font-family: arial, helvetica, sans-serif;\"><\/span><\/div>\n<div style=\"text-align: justify;\"><span style=\"font-size: 14pt; font-family: arial, helvetica, sans-serif;\">\u00abYo como juez les digo que se violentan derechos humanos tambi\u00e9n de candidatos y de partidos, no de partidos como instituciones si no de las personas, porque el principio de neutralidad que establece la Constituci\u00f3n en los art\u00edculos 17, 14 y 16, se violentan cuando una autoridad dice es que esto es as\u00ed, no, si no est\u00e1 en la Constituci\u00f3n no puede interpretarla a su gusto\u00bb, explic\u00f3.&nbsp;<\/span><\/div>\n<div style=\"text-align: justify;\">&nbsp;<\/div>\n<div style=\"text-align: justify;\"><span style=\"font-size: 14pt; font-family: arial, helvetica, sans-serif;\"><\/span><\/div>\n<div style=\"text-align: justify;\"><span style=\"font-size: 14pt; font-family: arial, helvetica, sans-serif;\">Asimismo, resalt\u00f3 que el art\u00edculo 17 establece que la justicia debe impartirse en forma pronta completa y expedita y en los t\u00e9rminos que marca la ley, mientras el otro marca que las sentencias deben ser conforme a lo que indica la ley, no una autoridad.&nbsp;<\/span><\/div>\n<div style=\"text-align: justify;\">&nbsp;<\/div>\n<div style=\"text-align: justify;\"><span style=\"font-size: 14pt; font-family: arial, helvetica, sans-serif;\"><\/span><\/div>\n<div style=\"text-align: justify;\"><span style=\"font-size: 14pt; font-family: arial, helvetica, sans-serif;\">\u00abSi la ley no establece esos requisitos, o esos impedimentos, no tiene porque alguien incorporarlos a una resoluci\u00f3n por eso creo que vamos a ganar esa contienda judicial, porque adem\u00e1s no hay mucho tiempo para eso, esto tiene que resolverse de aqu\u00ed a 3 d\u00edas a m\u00e1s tardar\u00bb, expres\u00f3.&nbsp;<\/span><\/div>\n<div style=\"text-align: justify;\">&nbsp;<\/div>\n<div style=\"text-align: justify;\"><span style=\"font-size: 14pt; font-family: arial, helvetica, sans-serif;\"><\/span><\/div>\n<div style=\"text-align: justify;\"><span style=\"font-size: 14pt; font-family: arial, helvetica, sans-serif;\">El candidato precis\u00f3 que al obtener una resoluci\u00f3n favorable las boletas electorales deber\u00e1n ser reimpresas, orden que dar\u00e1 la autoridad judicial y a la que el IEES tendr\u00e1 que apegarse.&nbsp;<\/span><\/div>\n<div style=\"text-align: justify;\">&nbsp;<\/div>\n<div style=\"text-align: justify;\"><span style=\"font-size: 14pt; font-family: arial, helvetica, sans-serif;\"><\/span><\/div>\n<div style=\"text-align: justify;\"><span style=\"font-size: 14pt; font-family: arial, helvetica, sans-serif;\">Estrada Ferreiro asegur\u00f3 que el pueblo es quien lo apoya, incluso personas de otros partidos le han manifestado su respaldo para que contin\u00fae gobernando Culiac\u00e1n, por ello sabe que podr\u00eda ganar a\u00fan sin participar en esta contienda en coalici\u00f3n.&nbsp;<\/span><\/div>\n<div style=\"text-align: justify;\">&nbsp;<\/div>\n<div style=\"text-align: justify;\"><span style=\"font-size: 14pt; font-family: arial, helvetica, sans-serif;\"><\/span><\/div>\n<div style=\"text-align: justify;\"><span style=\"font-size: 14pt; font-family: arial, helvetica, sans-serif;\">Sin embargo, aclar\u00f3 que el PAS es un Partido con una estructura fuerte en Culiac\u00e1n y todo Sinaloa, por ello se present\u00f3 este recurso de reconsideraci\u00f3n que recalc\u00f3, conf\u00eda en que ser\u00e1 a su favor.<\/span><\/div>\n<div style=\"text-align: justify;\">&nbsp;<\/div>\n<div style=\"text-align: justify;\">&nbsp;<\/div>\n<div style=\"text-align: justify;\">&nbsp;<\/div>\n<div style=\"text-align: justify;\"><span style=\"font-size: 14pt; font-family: arial, helvetica, sans-serif;\">REDACCI\u00d3N\/VISI\u00d3N CIUDADANA.<\/span><\/div>\n","protected":false},"excerpt":{"rendered":"<p>&nbsp; El candidato a alcalde de Culiac\u00e1n Lic. Jes\u00fas Estrada Ferreiro, inform\u00f3 que este d\u00eda se present\u00f3 un recurso de reconsideraci\u00f3n en el tribunal de Guadalajara, esto ante la sentencia del Instituto Electoral del Estado de Sinaloa de no validar su candidatura com\u00fan con el Partido Sinaloense, afirmando que tendr\u00e1 resoluci\u00f3n a su favor.&nbsp; &nbsp; [&hellip;]<\/p>\n","protected":false},"author":1,"featured_media":713,"comment_status":"closed","ping_status":"closed","sticky":false,"template":"","format":"standard","meta":{"footnotes":""},"categories":[13],"tags":[],"ppma_author":[31],"class_list":["post-16952","post","type-post","status-publish","format-standard","has-post-thumbnail","hentry","category-locales"],"aioseo_notices":[],"authors":[{"term_id":31,"user_id":1,"is_guest":0,"slug":"ivan3vino","display_name":"Iv\u00e1n Trevi\u00f1o","avatar_url":{"url":"https:\/\/visionciudadana.com.mx\/oficial\/wp-content\/uploads\/2025\/09\/columna-ivan-Trevino.png","url2x":"https:\/\/visionciudadana.com.mx\/oficial\/wp-content\/uploads\/2025\/09\/columna-ivan-Trevino.png"},"0":null,"1":"","2":"","3":"","4":"","5":"","6":"","7":"","8":""}],"_links":{"self":[{"href":"https:\/\/visionciudadana.com.mx\/oficial\/wp-json\/wp\/v2\/posts\/16952","targetHints":{"allow":["GET"]}}],"collection":[{"href":"https:\/\/visionciudadana.com.mx\/oficial\/wp-json\/wp\/v2\/posts"}],"about":[{"href":"https:\/\/visionciudadana.com.mx\/oficial\/wp-json\/wp\/v2\/types\/post"}],"author":[{"embeddable":true,"href":"https:\/\/visionciudadana.com.mx\/oficial\/wp-json\/wp\/v2\/users\/1"}],"replies":[{"embeddable":true,"href":"https:\/\/visionciudadana.com.mx\/oficial\/wp-json\/wp\/v2\/comments?post=16952"}],"version-history":[{"count":1,"href":"https:\/\/visionciudadana.com.mx\/oficial\/wp-json\/wp\/v2\/posts\/16952\/revisions"}],"predecessor-version":[{"id":31000,"href":"https:\/\/visionciudadana.com.mx\/oficial\/wp-json\/wp\/v2\/posts\/16952\/revisions\/31000"}],"wp:featuredmedia":[{"embeddable":true,"href":"https:\/\/visionciudadana.com.mx\/oficial\/wp-json\/wp\/v2\/posts\/713"}],"wp:attachment":[{"href":"https:\/\/visionciudadana.com.mx\/oficial\/wp-json\/wp\/v2\/media?parent=16952"}],"wp:term":[{"taxonomy":"category","embeddable":true,"href":"https:\/\/visionciudadana.com.mx\/oficial\/wp-json\/wp\/v2\/categories?post=16952"},{"taxonomy":"post_tag","embeddable":true,"href":"https:\/\/visionciudadana.com.mx\/oficial\/wp-json\/wp\/v2\/tags?post=16952"},{"taxonomy":"author","embeddable":true,"href":"https:\/\/visionciudadana.com.mx\/oficial\/wp-json\/wp\/v2\/ppma_author?post=16952"}],"curies":[{"name":"wp","href":"https:\/\/api.w.org\/{rel}","templated":true}]}}