{"id":16951,"date":"2021-05-25T17:21:36","date_gmt":"2021-05-25T17:21:36","guid":{"rendered":"https:\/\/visionciudadana.com.mx\/chio\/2021\/05\/25\/pas-morena-cierran-campana-en-el-distrito-17\/"},"modified":"2025-06-25T00:12:19","modified_gmt":"2025-06-25T00:12:19","slug":"pas-morena-cierran-campana-en-el-distrito-17","status":"publish","type":"post","link":"https:\/\/visionciudadana.com.mx\/oficial\/2021\/05\/25\/pas-morena-cierran-campana-en-el-distrito-17\/","title":{"rendered":"PAS-MORENA cierran campa\u00f1a en el distrito 17."},"content":{"rendered":"<p><img fetchpriority=\"high\" decoding=\"async\" src=\"images\/2021\/mayo21\/rochis4.jpg\" alt=\"rochis4\" width=\"780\" height=\"420\" style=\"display: block; margin: 20px auto;\" \/><\/p>\n<div>&nbsp;<\/div>\n<div style=\"text-align: justify;\"><span style=\"font-size: 14pt; font-family: arial, helvetica, sans-serif;\">En la colonia L\u00e1zaro C\u00e1rdenas que se ubica en el distrito 17, el candidato a diputado local por esta demarcaci\u00f3n, Gene Ren\u00e9 Boj\u00f3rquez, cerr\u00f3 campa\u00f1a acompa\u00f1ado por H\u00e9ctor Melesio Cu\u00e9n Ojeda, presidente del Partido Sinaloense, y su suplente, la se\u00f1ora Isabel Sicairos, gran gestora de los sectores populares.<\/span><\/div>\n<div style=\"text-align: justify;\">&nbsp;<\/div>\n<div style=\"text-align: justify;\"><span style=\"font-size: 14pt; font-family: arial, helvetica, sans-serif;\"><\/span><\/div>\n<div style=\"text-align: justify;\"><span style=\"font-size: 14pt; font-family: arial, helvetica, sans-serif;\">En un evento donde se dieron cita cientos de colonos, Gene Boj\u00f3rquez afirm\u00f3 que el movimiento en pro de su candidatura inici\u00f3 con poca gente, pero despu\u00e9s de recorrer varias veces el distrito 17, ahora somos una gran familia constituida por los habitantes, el partido MORENA y el PAS.<\/span><\/div>\n<div style=\"text-align: justify;\">&nbsp;<\/div>\n<div style=\"text-align: justify;\"><span style=\"font-size: 14pt; font-family: arial, helvetica, sans-serif;\"><\/span><\/div>\n<div style=\"text-align: justify;\"><span style=\"font-size: 14pt; font-family: arial, helvetica, sans-serif;\">No hay duda de que el Dr. Rub\u00e9n Rocha Moya, candidato a la gubernatura del estado tiene ganada esta campa\u00f1a, y junto a \u00e9l todos los candidatos que formamos la unidad PAS-MORENA, yo ser\u00e9 un diputado que le dedicar\u00e9 mucho tiempo a la gesti\u00f3n social, tengo la juventud y el \u00e1nimo de recorrer cuantas veces sea necesario las colonias populares de este distrito 17. No me cansar\u00e9 porque he aprendido a trabajar como lo hace nuestro l\u00edder Cu\u00e9n Ojeda. Fue el compromiso de Gene Boj\u00f3rquez.<\/span><\/div>\n<div style=\"text-align: justify;\">&nbsp;<\/div>\n<div style=\"text-align: justify;\"><span style=\"font-size: 14pt; font-family: arial, helvetica, sans-serif;\"><\/span><\/div>\n<div style=\"text-align: justify;\"><span style=\"font-size: 14pt; font-family: arial, helvetica, sans-serif;\">Cu\u00e9n Ojeda denunci\u00f3 que Sinaloa sigue con el horario de verano porque en el pleno del senado de la rep\u00fablica dos legisladores sinaloenses votaron en contra; Diva Hadamira Gastelum y Daniel Amador, priistas los dos, y hoy de nueva cuenta andan pidiendo el voto para el PRI cuando ha sido un partido que traiciona al pueblo.<\/span><\/div>\n<div style=\"text-align: justify;\">&nbsp;<\/div>\n<div style=\"text-align: justify;\"><span style=\"font-size: 14pt; font-family: arial, helvetica, sans-serif;\"><\/span><\/div>\n<div style=\"text-align: justify;\"><span style=\"font-size: 14pt; font-family: arial, helvetica, sans-serif;\">El PAS no se equivoc\u00f3 en apoyar al Dr. Rub\u00e9n Rocha Moya, durante los 220 eventos y 70 reuniones privadas que hemos tenido, ha demostrado que sabe escuchar a la gente, pr\u00e1cticamente todos los sectores sociales le han hecho llegar sus consideraciones y propuestas, mismas que el candidato ha recogido para afinar su programa de trabajo.<\/span><\/div>\n<div style=\"text-align: justify;\">&nbsp;<\/div>\n<div style=\"text-align: justify;\"><span style=\"font-size: 14pt; font-family: arial, helvetica, sans-serif;\"><\/span><\/div>\n<div style=\"text-align: justify;\"><span style=\"font-size: 14pt; font-family: arial, helvetica, sans-serif;\">Rocha Moya gobernar\u00e1 en la etapa post COVID, dado que esta pandemia ya se est\u00e1 resolviendo gracias a la visi\u00f3n del presidente Andr\u00e9s Manuel L\u00f3pez Obrador de adquirir 250 millones de dosis de vacuna. Sin embargo, el COVID trajo como consecuencia muchos problemas econ\u00f3micos y sociales; p\u00e9rdida de empleos, cierre de empresas, mas pobreza, se increment\u00f3 la inseguridad, pero el pr\u00f3ximo gobierno actuar\u00e1 para beneficiar a los sectores m\u00e1s vulnerables, por ello debemos de apoyar al Dr. Rub\u00e9n Rocha Moya y a Gene Boj\u00f3rquez, que ya demostr\u00f3 tener capacidad para ser diputado. Fue parte del mensaje de Cu\u00e9n Ojeda.<\/span><\/div>\n<div style=\"text-align: justify;\">&nbsp;<\/div>\n<div style=\"text-align: justify;\">&nbsp;<\/div>\n<div style=\"text-align: justify;\">&nbsp;<\/div>\n<div style=\"text-align: justify;\"><span style=\"font-size: 14pt; font-family: arial, helvetica, sans-serif;\">REDACCI\u00d3N\/VISI\u00d3N CIUDADANA.<\/span><\/div>\n","protected":false},"excerpt":{"rendered":"<p>&nbsp; En la colonia L\u00e1zaro C\u00e1rdenas que se ubica en el distrito 17, el candidato a diputado local por esta demarcaci\u00f3n, Gene Ren\u00e9 Boj\u00f3rquez, cerr\u00f3 campa\u00f1a acompa\u00f1ado por H\u00e9ctor Melesio Cu\u00e9n Ojeda, presidente del Partido Sinaloense, y su suplente, la se\u00f1ora Isabel Sicairos, gran gestora de los sectores populares. &nbsp; En un evento donde se [&hellip;]<\/p>\n","protected":false},"author":1,"featured_media":711,"comment_status":"closed","ping_status":"closed","sticky":false,"template":"","format":"standard","meta":{"footnotes":""},"categories":[13],"tags":[],"ppma_author":[31],"class_list":["post-16951","post","type-post","status-publish","format-standard","has-post-thumbnail","hentry","category-locales"],"aioseo_notices":[],"authors":[{"term_id":31,"user_id":1,"is_guest":0,"slug":"ivan3vino","display_name":"Iv\u00e1n Trevi\u00f1o","avatar_url":{"url":"https:\/\/visionciudadana.com.mx\/oficial\/wp-content\/uploads\/2025\/09\/columna-ivan-Trevino.png","url2x":"https:\/\/visionciudadana.com.mx\/oficial\/wp-content\/uploads\/2025\/09\/columna-ivan-Trevino.png"},"0":null,"1":"","2":"","3":"","4":"","5":"","6":"","7":"","8":""}],"_links":{"self":[{"href":"https:\/\/visionciudadana.com.mx\/oficial\/wp-json\/wp\/v2\/posts\/16951","targetHints":{"allow":["GET"]}}],"collection":[{"href":"https:\/\/visionciudadana.com.mx\/oficial\/wp-json\/wp\/v2\/posts"}],"about":[{"href":"https:\/\/visionciudadana.com.mx\/oficial\/wp-json\/wp\/v2\/types\/post"}],"author":[{"embeddable":true,"href":"https:\/\/visionciudadana.com.mx\/oficial\/wp-json\/wp\/v2\/users\/1"}],"replies":[{"embeddable":true,"href":"https:\/\/visionciudadana.com.mx\/oficial\/wp-json\/wp\/v2\/comments?post=16951"}],"version-history":[{"count":1,"href":"https:\/\/visionciudadana.com.mx\/oficial\/wp-json\/wp\/v2\/posts\/16951\/revisions"}],"predecessor-version":[{"id":31001,"href":"https:\/\/visionciudadana.com.mx\/oficial\/wp-json\/wp\/v2\/posts\/16951\/revisions\/31001"}],"wp:featuredmedia":[{"embeddable":true,"href":"https:\/\/visionciudadana.com.mx\/oficial\/wp-json\/wp\/v2\/posts\/711"}],"wp:attachment":[{"href":"https:\/\/visionciudadana.com.mx\/oficial\/wp-json\/wp\/v2\/media?parent=16951"}],"wp:term":[{"taxonomy":"category","embeddable":true,"href":"https:\/\/visionciudadana.com.mx\/oficial\/wp-json\/wp\/v2\/categories?post=16951"},{"taxonomy":"post_tag","embeddable":true,"href":"https:\/\/visionciudadana.com.mx\/oficial\/wp-json\/wp\/v2\/tags?post=16951"},{"taxonomy":"author","embeddable":true,"href":"https:\/\/visionciudadana.com.mx\/oficial\/wp-json\/wp\/v2\/ppma_author?post=16951"}],"curies":[{"name":"wp","href":"https:\/\/api.w.org\/{rel}","templated":true}]}}