{"id":16950,"date":"2021-05-25T17:18:05","date_gmt":"2021-05-25T17:18:05","guid":{"rendered":"https:\/\/visionciudadana.com.mx\/chio\/2021\/05\/25\/oepriss-convoca-a-la-cultura-de-la-prevencion-en-la-temporada-de-huracanes-2021\/"},"modified":"2025-06-25T00:12:19","modified_gmt":"2025-06-25T00:12:19","slug":"oepriss-convoca-a-la-cultura-de-la-prevencion-en-la-temporada-de-huracanes-2021","status":"publish","type":"post","link":"https:\/\/visionciudadana.com.mx\/oficial\/2021\/05\/25\/oepriss-convoca-a-la-cultura-de-la-prevencion-en-la-temporada-de-huracanes-2021\/","title":{"rendered":"oepriss convoca a la cultura de la prevenci\u00f3n en la temporada de huracanes 2021"},"content":{"rendered":"<p><img fetchpriority=\"high\" decoding=\"async\" src=\"images\/2021\/mayo21\/huracanes.jpg\" alt=\"huracanes\" width=\"780\" height=\"420\" style=\"margin: 20px auto; display: block;\" \/><\/p>\n<div>&nbsp;<\/div>\n<div style=\"text-align: justify;\"><span style=\"font-size: 14pt; font-family: arial, helvetica, sans-serif;\">La temporada en que aumentan los riesgos por huracanes comprende el periodo de mayo a noviembre por lo que es indispensable acentuar la toma de precauciones ante el pr\u00f3ximo ciclo de lluvias en Sinaloa y poner atenci\u00f3n a los avisos oficiales meteorol\u00f3gicos y de protecci\u00f3n civil para prepararse y prevenir cualquier contingencia que pueda afectar la salud o poner en peligro la vida, alert\u00f3 el comisionado Jorge Alan Urbina Vidales.<\/span><\/div>\n<div style=\"text-align: justify;\">&nbsp;<\/div>\n<div style=\"text-align: justify;\"><span style=\"font-size: 14pt; font-family: arial, helvetica, sans-serif;\"><\/span><\/div>\n<div style=\"text-align: justify;\"><span style=\"font-size: 14pt; font-family: arial, helvetica, sans-serif;\">La Secretar\u00eda de Salud, a trav\u00e9s de la Comisi\u00f3n Estatal para la Protecci\u00f3n contra Riesgos Sanitarios de Sinaloa (COEPRISS), ha preparado un conjunto de acciones y recomendaciones por instrucciones del gobernador Quirino Ordaz Coppel y el secretario de salud Dr. Efr\u00e9n Encinas Torres, mismas que han sido revisadas y avaladas por expertos ante esta clase de fen\u00f3menos meteorol\u00f3gicos.<\/span><\/div>\n<div style=\"text-align: justify;\">&nbsp;<\/div>\n<div style=\"text-align: justify;\"><span style=\"font-size: 14pt; font-family: arial, helvetica, sans-serif;\"><\/span><\/div>\n<div style=\"text-align: justify;\"><span style=\"font-size: 14pt; font-family: arial, helvetica, sans-serif;\">Precis\u00f3 que el Sistema de Alerta Temprana de Ciclones Tropicales mide el grado de peligrosidad de un cicl\u00f3n: el color azul determina un peligro m\u00ednimo, el verde refiere al peligro bajo, el amarillo es peligro moderado, el naranja indica peligro alto y si es color rojo, se trata de peligro m\u00e1ximo.<\/span><\/div>\n<div style=\"text-align: justify;\">&nbsp;<\/div>\n<div style=\"text-align: justify;\"><span style=\"font-size: 14pt; font-family: arial, helvetica, sans-serif;\"><\/span><\/div>\n<div style=\"text-align: justify;\"><span style=\"font-size: 14pt; font-family: arial, helvetica, sans-serif;\">Apunt\u00f3 que cada a\u00f1o el Ejecutivo del Estado con la puntual colaboraci\u00f3n de la presidenta del Sistema DIF Sinaloa, Rosy Fuentes de Ordaz,&nbsp; instala el Consejo Estatal de Protecci\u00f3n Civil compuesto por los titulares de todas las dependencias y organismos encargados de dar auxilio a la ciudadan\u00eda en caso de un desastre natural.<\/span><\/div>\n<div style=\"text-align: justify;\">&nbsp;<\/div>\n<div style=\"text-align: justify;\"><span style=\"font-size: 14pt; font-family: arial, helvetica, sans-serif;\"><\/span><\/div>\n<div style=\"text-align: justify;\"><span style=\"font-size: 14pt; font-family: arial, helvetica, sans-serif;\">Explic\u00f3 que la temporada de huracanes en el Oc\u00e9ano Pac\u00edfico es el ciclo anual en el que aumentan los ciclones tropicales monitoreados por la Comisi\u00f3n Nacional del Agua (Conagua) y su Servicio Meteorol\u00f3gico Nacional (SMN), mismos que reciben su nombre conforme a un listado elaborado por la Organizaci\u00f3n Meteorol\u00f3gica Mundial de acuerdo a criterios internacionales previstos para esta clase de fen\u00f3menos meteorol\u00f3gicos.<\/span><\/div>\n<div style=\"text-align: justify;\">&nbsp;<\/div>\n<div style=\"text-align: justify;\"><span style=\"font-size: 14pt; font-family: arial, helvetica, sans-serif;\"><\/span><\/div>\n<div style=\"text-align: justify;\"><span style=\"font-size: 14pt; font-family: arial, helvetica, sans-serif;\">\u201cEn Sinaloa conocemos bien los efectos de los huracanes porque nos han afectado en diversas ocasiones y por eso las precauciones son indispensables para prevenir riesgos. En nuestro estado hemos tenido experiencias con lluvias intensas, huracanes e inundaciones, desastres que alteran el medio ambiente y ponen en riesgo la salud\u201d, advirti\u00f3.<\/span><\/div>\n<div style=\"text-align: justify;\">&nbsp;<\/div>\n<div style=\"text-align: justify;\"><span style=\"font-size: 14pt; font-family: arial, helvetica, sans-serif;\"><\/span><\/div>\n<div style=\"text-align: justify;\"><span style=\"font-size: 14pt; font-family: arial, helvetica, sans-serif;\">\u201cSe pronostica una temporada de huracanes posiblemente por encima del promedio normal. El calentamiento de la regi\u00f3n tropical de los oc\u00e9anos durante los meses de agosto, septiembre y octubre, ser\u00e1 el factor principal para el aumento del desarrollo cicl\u00f3nico seg\u00fan los expertos por lo que la cultura de la prevenci\u00f3n es el mejor camino a seguir en periodo de huracanes\u201d, se\u00f1al\u00f3.<\/span><\/div>\n<div style=\"text-align: justify;\">&nbsp;<\/div>\n<div style=\"text-align: justify;\"><span style=\"font-size: 14pt; font-family: arial, helvetica, sans-serif;\"><\/span><\/div>\n<div style=\"text-align: justify;\"><span style=\"font-size: 14pt; font-family: arial, helvetica, sans-serif;\">\u201cEn esta temporada de calor aumenta tambi\u00e9n el riesgo de diarreas cuando los alimentos no se conservan adecuadamente, por lo tanto es importante seguir el programa de Seis Pasos de la Salud y una parte fundamental es el lavado constante de manos y utensilios\u201d, apunt\u00f3.<\/span><\/div>\n<div style=\"text-align: justify;\">&nbsp;<\/div>\n<div style=\"text-align: justify;\"><span style=\"font-size: 14pt; font-family: arial, helvetica, sans-serif;\"><\/span><\/div>\n<div style=\"text-align: justify;\"><span style=\"font-size: 14pt; font-family: arial, helvetica, sans-serif;\">Sostuvo que el rubro m\u00e1s importante de la actuaci\u00f3n de Coepriss es la atenci\u00f3n y la prevenci\u00f3n de las contingencias sanitarias entre las que destacan inundaciones, alertas por huracanes o tormentas tropicales.<\/span><\/div>\n<div style=\"text-align: justify;\">&nbsp;<\/div>\n<div style=\"text-align: justify;\">&nbsp;<\/div>\n<div style=\"text-align: justify;\"><span style=\"font-size: 14pt; font-family: arial, helvetica, sans-serif;\">REDACCI\u00d3N\/VISI\u00d3N CIUDADANA.<\/span><\/div>\n","protected":false},"excerpt":{"rendered":"<p>&nbsp; La temporada en que aumentan los riesgos por huracanes comprende el periodo de mayo a noviembre por lo que es indispensable acentuar la toma de precauciones ante el pr\u00f3ximo ciclo de lluvias en Sinaloa y poner atenci\u00f3n a los avisos oficiales meteorol\u00f3gicos y de protecci\u00f3n civil para prepararse y prevenir cualquier contingencia que pueda [&hellip;]<\/p>\n","protected":false},"author":1,"featured_media":600,"comment_status":"closed","ping_status":"closed","sticky":false,"template":"","format":"standard","meta":{"footnotes":""},"categories":[24],"tags":[],"ppma_author":[31],"class_list":["post-16950","post","type-post","status-publish","format-standard","has-post-thumbnail","hentry","category-relevantes"],"aioseo_notices":[],"authors":[{"term_id":31,"user_id":1,"is_guest":0,"slug":"ivan3vino","display_name":"Iv\u00e1n Trevi\u00f1o","avatar_url":{"url":"https:\/\/visionciudadana.com.mx\/oficial\/wp-content\/uploads\/2025\/09\/columna-ivan-Trevino.png","url2x":"https:\/\/visionciudadana.com.mx\/oficial\/wp-content\/uploads\/2025\/09\/columna-ivan-Trevino.png"},"0":null,"1":"","2":"","3":"","4":"","5":"","6":"","7":"","8":""}],"_links":{"self":[{"href":"https:\/\/visionciudadana.com.mx\/oficial\/wp-json\/wp\/v2\/posts\/16950","targetHints":{"allow":["GET"]}}],"collection":[{"href":"https:\/\/visionciudadana.com.mx\/oficial\/wp-json\/wp\/v2\/posts"}],"about":[{"href":"https:\/\/visionciudadana.com.mx\/oficial\/wp-json\/wp\/v2\/types\/post"}],"author":[{"embeddable":true,"href":"https:\/\/visionciudadana.com.mx\/oficial\/wp-json\/wp\/v2\/users\/1"}],"replies":[{"embeddable":true,"href":"https:\/\/visionciudadana.com.mx\/oficial\/wp-json\/wp\/v2\/comments?post=16950"}],"version-history":[{"count":1,"href":"https:\/\/visionciudadana.com.mx\/oficial\/wp-json\/wp\/v2\/posts\/16950\/revisions"}],"predecessor-version":[{"id":31002,"href":"https:\/\/visionciudadana.com.mx\/oficial\/wp-json\/wp\/v2\/posts\/16950\/revisions\/31002"}],"wp:featuredmedia":[{"embeddable":true,"href":"https:\/\/visionciudadana.com.mx\/oficial\/wp-json\/wp\/v2\/posts\/600"}],"wp:attachment":[{"href":"https:\/\/visionciudadana.com.mx\/oficial\/wp-json\/wp\/v2\/media?parent=16950"}],"wp:term":[{"taxonomy":"category","embeddable":true,"href":"https:\/\/visionciudadana.com.mx\/oficial\/wp-json\/wp\/v2\/categories?post=16950"},{"taxonomy":"post_tag","embeddable":true,"href":"https:\/\/visionciudadana.com.mx\/oficial\/wp-json\/wp\/v2\/tags?post=16950"},{"taxonomy":"author","embeddable":true,"href":"https:\/\/visionciudadana.com.mx\/oficial\/wp-json\/wp\/v2\/ppma_author?post=16950"}],"curies":[{"name":"wp","href":"https:\/\/api.w.org\/{rel}","templated":true}]}}