{"id":16944,"date":"2021-05-21T21:08:28","date_gmt":"2021-05-21T21:08:28","guid":{"rendered":"https:\/\/visionciudadana.com.mx\/chio\/2021\/05\/21\/llama-estrada-ferreiro-a-la-unidad-y-a-trabajar-por-morena\/"},"modified":"2025-06-25T00:12:19","modified_gmt":"2025-06-25T00:12:19","slug":"llama-estrada-ferreiro-a-la-unidad-y-a-trabajar-por-morena","status":"publish","type":"post","link":"https:\/\/visionciudadana.com.mx\/oficial\/2021\/05\/21\/llama-estrada-ferreiro-a-la-unidad-y-a-trabajar-por-morena\/","title":{"rendered":"Llama Estrada Ferreiro a la unidad y a trabajar por Morena\u00a0"},"content":{"rendered":"<p style=\"text-align: justify;\">&nbsp;<\/p>\n<div style=\"text-align: justify;\"><span style=\"font-size: 14pt; font-family: arial, helvetica, sans-serif;\">&nbsp;<img fetchpriority=\"high\" decoding=\"async\" src=\"images\/2021\/mayo21\/jefs4.PNG\" alt=\"jefs4\" width=\"706\" height=\"422\" style=\"display: block; margin: 20px auto;\" \/><\/span><\/div>\n<div style=\"text-align: justify;\"><span style=\"font-size: 14pt; font-family: arial, helvetica, sans-serif;\">Para avanzar en el proyecto de naci\u00f3n de Morena, debe seguir el trabajo conjunto, la honestidad y el respeto, dijo el Lic. Jes\u00fas Estrada Ferreiro, candidato a alcalde de Culiac\u00e1n al llamar a la unidad del partido y a seguir con los principios que lo rigen y que lo han caracterizado.<\/span><\/div>\n<div style=\"text-align: justify;\">&nbsp;<\/div>\n<div style=\"text-align: justify;\"><span style=\"font-size: 14pt; font-family: arial, helvetica, sans-serif;\"><\/span><\/div>\n<div style=\"text-align: justify;\"><span style=\"font-size: 14pt; font-family: arial, helvetica, sans-serif;\">\u201cYo conf\u00edo mucho en ustedes, pero tambi\u00e9n les invito con mucho respeto para que hagamos las cosas correctamente, estamos trabajando para un pueblo, no para un partido solamente, estamos trabajando para una causa hist\u00f3rica\u201d, expres\u00f3.<\/span><\/div>\n<div style=\"text-align: justify;\">&nbsp;<\/div>\n<div style=\"text-align: justify;\"><span style=\"font-size: 14pt; font-family: arial, helvetica, sans-serif;\"><\/span><\/div>\n<div style=\"text-align: justify;\"><span style=\"font-size: 14pt; font-family: arial, helvetica, sans-serif;\">En reuni\u00f3n con estructura interna de distintos distritos, Estrada Ferreiro resalt\u00f3 que lo m\u00e1s importante en este momento es seguir promoviendo el voto por Morena para lograr el objetivo de cambiar todo M\u00e9xico.<\/span><\/div>\n<div style=\"text-align: justify;\">&nbsp;<\/div>\n<div style=\"text-align: justify;\"><span style=\"font-size: 14pt; font-family: arial, helvetica, sans-serif;\"><\/span><\/div>\n<div style=\"text-align: justify;\"><span style=\"font-size: 14pt; font-family: arial, helvetica, sans-serif;\">\u201cEs la unidad que quiere el presidente de la rep\u00fablica para M\u00e9xico, no nada m\u00e1s para el partido, es la unidad que requerimos para poder triunfar este 6 de junio y que no nos roben los votos, por eso la estructura electoral debe ser impecable\u201d, asegur\u00f3.<\/span><\/div>\n<div style=\"text-align: justify;\">&nbsp;<\/div>\n<div style=\"text-align: justify;\"><span style=\"font-size: 14pt; font-family: arial, helvetica, sans-serif;\"><\/span><\/div>\n<div style=\"text-align: justify;\"><span style=\"font-size: 14pt; font-family: arial, helvetica, sans-serif;\">El candidato afirm\u00f3 adem\u00e1s que los ciudadanos son conscientes de que Culiac\u00e1n, Sinaloa y todo M\u00e9xico requieren un cambio, por eso este 6 de junio con su respaldo continuar\u00e1 el progreso que se necesita.<\/span><\/div>\n<div style=\"text-align: justify;\">&nbsp;<\/div>\n<div style=\"text-align: justify;\">&nbsp;<\/div>\n<div style=\"text-align: justify;\">&nbsp;<\/div>\n<div style=\"text-align: justify;\"><span style=\"font-size: 14pt; font-family: arial, helvetica, sans-serif;\">REDACCI\u00d3N\/VISI\u00d3N CIUDADANA.<\/span><\/div>\n","protected":false},"excerpt":{"rendered":"<p>&nbsp; &nbsp; Para avanzar en el proyecto de naci\u00f3n de Morena, debe seguir el trabajo conjunto, la honestidad y el respeto, dijo el Lic. Jes\u00fas Estrada Ferreiro, candidato a alcalde de Culiac\u00e1n al llamar a la unidad del partido y a seguir con los principios que lo rigen y que lo han caracterizado. &nbsp; \u201cYo [&hellip;]<\/p>\n","protected":false},"author":1,"featured_media":703,"comment_status":"closed","ping_status":"closed","sticky":false,"template":"","format":"standard","meta":{"footnotes":""},"categories":[24],"tags":[],"ppma_author":[31],"class_list":["post-16944","post","type-post","status-publish","format-standard","has-post-thumbnail","hentry","category-relevantes"],"aioseo_notices":[],"authors":[{"term_id":31,"user_id":1,"is_guest":0,"slug":"ivan3vino","display_name":"Iv\u00e1n Trevi\u00f1o","avatar_url":{"url":"https:\/\/visionciudadana.com.mx\/oficial\/wp-content\/uploads\/2025\/09\/columna-ivan-Trevino.png","url2x":"https:\/\/visionciudadana.com.mx\/oficial\/wp-content\/uploads\/2025\/09\/columna-ivan-Trevino.png"},"0":null,"1":"","2":"","3":"","4":"","5":"","6":"","7":"","8":""}],"_links":{"self":[{"href":"https:\/\/visionciudadana.com.mx\/oficial\/wp-json\/wp\/v2\/posts\/16944","targetHints":{"allow":["GET"]}}],"collection":[{"href":"https:\/\/visionciudadana.com.mx\/oficial\/wp-json\/wp\/v2\/posts"}],"about":[{"href":"https:\/\/visionciudadana.com.mx\/oficial\/wp-json\/wp\/v2\/types\/post"}],"author":[{"embeddable":true,"href":"https:\/\/visionciudadana.com.mx\/oficial\/wp-json\/wp\/v2\/users\/1"}],"replies":[{"embeddable":true,"href":"https:\/\/visionciudadana.com.mx\/oficial\/wp-json\/wp\/v2\/comments?post=16944"}],"version-history":[{"count":1,"href":"https:\/\/visionciudadana.com.mx\/oficial\/wp-json\/wp\/v2\/posts\/16944\/revisions"}],"predecessor-version":[{"id":31003,"href":"https:\/\/visionciudadana.com.mx\/oficial\/wp-json\/wp\/v2\/posts\/16944\/revisions\/31003"}],"wp:featuredmedia":[{"embeddable":true,"href":"https:\/\/visionciudadana.com.mx\/oficial\/wp-json\/wp\/v2\/posts\/703"}],"wp:attachment":[{"href":"https:\/\/visionciudadana.com.mx\/oficial\/wp-json\/wp\/v2\/media?parent=16944"}],"wp:term":[{"taxonomy":"category","embeddable":true,"href":"https:\/\/visionciudadana.com.mx\/oficial\/wp-json\/wp\/v2\/categories?post=16944"},{"taxonomy":"post_tag","embeddable":true,"href":"https:\/\/visionciudadana.com.mx\/oficial\/wp-json\/wp\/v2\/tags?post=16944"},{"taxonomy":"author","embeddable":true,"href":"https:\/\/visionciudadana.com.mx\/oficial\/wp-json\/wp\/v2\/ppma_author?post=16944"}],"curies":[{"name":"wp","href":"https:\/\/api.w.org\/{rel}","templated":true}]}}