{"id":16943,"date":"2021-05-21T20:21:53","date_gmt":"2021-05-21T20:21:53","guid":{"rendered":"https:\/\/visionciudadana.com.mx\/chio\/2021\/05\/21\/ruben-rocha-moya-ganara-contundentemente-y-tendra-toda-la-atribucion-y-competencia-para-nombrar-su-gabinete-cuen-ojeda\/"},"modified":"2025-06-25T00:12:19","modified_gmt":"2025-06-25T00:12:19","slug":"ruben-rocha-moya-ganara-contundentemente-y-tendra-toda-la-atribucion-y-competencia-para-nombrar-su-gabinete-cuen-ojeda","status":"publish","type":"post","link":"https:\/\/visionciudadana.com.mx\/oficial\/2021\/05\/21\/ruben-rocha-moya-ganara-contundentemente-y-tendra-toda-la-atribucion-y-competencia-para-nombrar-su-gabinete-cuen-ojeda\/","title":{"rendered":"Rub\u00e9n Rocha Moya ganar\u00e1 contundentemente, y tendr\u00e1 toda la atribuci\u00f3n y competencia para nombrar su gabinete: Cu\u00e9n Ojeda   \u00a0"},"content":{"rendered":"<p style=\"text-align: justify;\">&nbsp;<\/p>\n<div style=\"text-align: justify;\"><span style=\"font-size: 14pt; font-family: arial, helvetica, sans-serif;\">&nbsp;<img fetchpriority=\"high\" decoding=\"async\" src=\"images\/2021\/mayo21\/hmc.jpg\" alt=\"hmc\" width=\"780\" height=\"420\" style=\"display: block; margin: 20px auto;\" \/><\/span><\/div>\n<div style=\"text-align: justify;\">&nbsp;<\/div>\n<div style=\"text-align: justify;\"><span style=\"font-size: 14pt; font-family: arial, helvetica, sans-serif;\"><\/span><\/div>\n<div style=\"text-align: justify;\"><span style=\"font-size: 14pt; font-family: arial, helvetica, sans-serif;\">PAS y MORENA han hecho una gran campa\u00f1a, hemos concretado un gran equipo que ha realizado alrededor de 220 eventos de manera conjunta, 50 de manera privada y cerca de 20 foros tem\u00e1ticos donde se le ha escuchado a la gente organizados en sus sectores sociales correspondientes.<\/span><\/div>\n<div style=\"text-align: justify;\">&nbsp;<\/div>\n<div style=\"text-align: justify;\"><span style=\"font-size: 14pt; font-family: arial, helvetica, sans-serif;\"><\/span><\/div>\n<div style=\"text-align: justify;\"><span style=\"font-size: 14pt; font-family: arial, helvetica, sans-serif;\">La candidatura del Rocha Moya penetr\u00f3 en la poblaci\u00f3n, ha prendido mucho, los sinaloenses quieren que su pr\u00f3ximo gobernador sea una persona seria que agarre \u201cal toro por los cuernos\u201d en relaci\u00f3n a los problemas que tiene Sinaloa, ya no quieren m\u00e1s corruptos en los diferentes \u00f3rganos de gobierno.<\/span><\/div>\n<div style=\"text-align: justify;\">&nbsp;<\/div>\n<div style=\"text-align: justify;\"><span style=\"font-size: 14pt; font-family: arial, helvetica, sans-serif;\"><\/span><\/div>\n<div style=\"text-align: justify;\"><span style=\"font-size: 14pt; font-family: arial, helvetica, sans-serif;\">El Dr. Rub\u00e9n Rocha Moya est\u00e1 consciente de que le tocar\u00e1 gobernar en la etapa post COVID 19, que implica resarcir muchos problemas ocasionados por la pandemia, por ello en su programa de trabajo tiene contemplado un agresivo proceso de industrializaci\u00f3n del estado, es urgente darles valor agregado a nuestros productos primarios.<\/span><\/div>\n<div style=\"text-align: justify;\"><span style=\"font-size: 14pt; font-family: arial, helvetica, sans-serif;\"><\/span><\/div>\n<div style=\"text-align: justify;\">&nbsp;<\/div>\n<div style=\"text-align: justify;\"><span style=\"font-size: 14pt; font-family: arial, helvetica, sans-serif;\">Cu\u00e9n Ojeda explic\u00f3 que cu\u00e1ndo se ha hablado de que Sinaloa ser\u00e1 co-gobernado en conjunto con el Dr. Rocha Moya obedece a que el PAS tendr\u00e1 un grupo parlamentario consolidado, que tendr\u00e1 varias presidencias municipales e incluso funcionarios en los diferentes niveles de gobierno, dado que el convenio firmado por MORENA y PAS contempla el concepto de inclusi\u00f3n.<\/span><\/div>\n<div style=\"text-align: justify;\">&nbsp;<\/div>\n<div style=\"text-align: justify;\"><span style=\"font-size: 14pt; font-family: arial, helvetica, sans-serif;\"><\/span><\/div>\n<div style=\"text-align: justify;\"><span style=\"font-size: 14pt; font-family: arial, helvetica, sans-serif;\">Otras opiniones son manipuladas, son de periodistas y columnistas militantes que tienen telara\u00f1as y cochambre en la cabeza. El Dr. Rocha Moya tendr\u00e1 toda la facultad, competencia y atribuci\u00f3n de nombrar a su gabinete, eso lo entendemos en el PAS. En relaci\u00f3n a que si voy a aceptar alguna posici\u00f3n en el pr\u00f3ximo gabinete lo tendr\u00eda que valorar, siempre he dicho \u201cde esa agua nunca he de beber\u201d.<\/span><\/div>\n<div style=\"text-align: justify;\">&nbsp;<\/div>\n<div style=\"text-align: justify;\">&nbsp;<\/div>\n<div style=\"text-align: justify;\"><span style=\"font-size: 14pt; font-family: arial, helvetica, sans-serif;\">REDACCI\u00d3N\/VISI\u00d3N CIUDADANA.<\/span><\/div>\n","protected":false},"excerpt":{"rendered":"<p>&nbsp; &nbsp; &nbsp; PAS y MORENA han hecho una gran campa\u00f1a, hemos concretado un gran equipo que ha realizado alrededor de 220 eventos de manera conjunta, 50 de manera privada y cerca de 20 foros tem\u00e1ticos donde se le ha escuchado a la gente organizados en sus sectores sociales correspondientes. &nbsp; La candidatura del Rocha [&hellip;]<\/p>\n","protected":false},"author":1,"featured_media":701,"comment_status":"closed","ping_status":"closed","sticky":false,"template":"","format":"standard","meta":{"footnotes":""},"categories":[24],"tags":[],"ppma_author":[31],"class_list":["post-16943","post","type-post","status-publish","format-standard","has-post-thumbnail","hentry","category-relevantes"],"aioseo_notices":[],"authors":[{"term_id":31,"user_id":1,"is_guest":0,"slug":"ivan3vino","display_name":"Iv\u00e1n Trevi\u00f1o","avatar_url":{"url":"https:\/\/visionciudadana.com.mx\/oficial\/wp-content\/uploads\/2025\/09\/columna-ivan-Trevino.png","url2x":"https:\/\/visionciudadana.com.mx\/oficial\/wp-content\/uploads\/2025\/09\/columna-ivan-Trevino.png"},"0":null,"1":"","2":"","3":"","4":"","5":"","6":"","7":"","8":""}],"_links":{"self":[{"href":"https:\/\/visionciudadana.com.mx\/oficial\/wp-json\/wp\/v2\/posts\/16943","targetHints":{"allow":["GET"]}}],"collection":[{"href":"https:\/\/visionciudadana.com.mx\/oficial\/wp-json\/wp\/v2\/posts"}],"about":[{"href":"https:\/\/visionciudadana.com.mx\/oficial\/wp-json\/wp\/v2\/types\/post"}],"author":[{"embeddable":true,"href":"https:\/\/visionciudadana.com.mx\/oficial\/wp-json\/wp\/v2\/users\/1"}],"replies":[{"embeddable":true,"href":"https:\/\/visionciudadana.com.mx\/oficial\/wp-json\/wp\/v2\/comments?post=16943"}],"version-history":[{"count":1,"href":"https:\/\/visionciudadana.com.mx\/oficial\/wp-json\/wp\/v2\/posts\/16943\/revisions"}],"predecessor-version":[{"id":31004,"href":"https:\/\/visionciudadana.com.mx\/oficial\/wp-json\/wp\/v2\/posts\/16943\/revisions\/31004"}],"wp:featuredmedia":[{"embeddable":true,"href":"https:\/\/visionciudadana.com.mx\/oficial\/wp-json\/wp\/v2\/posts\/701"}],"wp:attachment":[{"href":"https:\/\/visionciudadana.com.mx\/oficial\/wp-json\/wp\/v2\/media?parent=16943"}],"wp:term":[{"taxonomy":"category","embeddable":true,"href":"https:\/\/visionciudadana.com.mx\/oficial\/wp-json\/wp\/v2\/categories?post=16943"},{"taxonomy":"post_tag","embeddable":true,"href":"https:\/\/visionciudadana.com.mx\/oficial\/wp-json\/wp\/v2\/tags?post=16943"},{"taxonomy":"author","embeddable":true,"href":"https:\/\/visionciudadana.com.mx\/oficial\/wp-json\/wp\/v2\/ppma_author?post=16943"}],"curies":[{"name":"wp","href":"https:\/\/api.w.org\/{rel}","templated":true}]}}