{"id":16941,"date":"2021-05-21T20:03:49","date_gmt":"2021-05-21T20:03:49","guid":{"rendered":"https:\/\/visionciudadana.com.mx\/chio\/2021\/05\/21\/inicia-uas-jornada-de-aplicacion-del-examen-ceneval-modalidad-desde-casa\/"},"modified":"2025-06-25T00:12:20","modified_gmt":"2025-06-25T00:12:20","slug":"inicia-uas-jornada-de-aplicacion-del-examen-ceneval-modalidad-desde-casa","status":"publish","type":"post","link":"https:\/\/visionciudadana.com.mx\/oficial\/2021\/05\/21\/inicia-uas-jornada-de-aplicacion-del-examen-ceneval-modalidad-desde-casa\/","title":{"rendered":"Inicia UAS Jornada de Aplicaci\u00f3n del Examen CENEVAL modalidad \u201cdesde casa\u201d"},"content":{"rendered":"<p><img fetchpriority=\"high\" decoding=\"async\" src=\"images\/2021\/mayo21\/ceneval-desde-casa.jpg\" alt=\"ceneval desde casa\" width=\"780\" height=\"420\" style=\"display: block; margin: 20px auto;\" \/><\/p>\n<p class=\"x_MsoNormal\" align=\"right\"><i>.<\/i><\/p>\n<p class=\"x_MsoNormal\" style=\"text-align: justify;\"><span style=\"font-size: 14pt; font-family: arial, helvetica, sans-serif;\">Ante las circunstancias que la pandemia por COVID-19 ha impuesto y haciendo uso de la experiencia del a\u00f1o pasado, la Universidad Aut\u00f3noma de Sinaloa y el Centro Nacional para la Evaluaci\u00f3n (CENEVAL) pusieron en marcha la Jornada Institucional de Aplicaci\u00f3n del Exani II, examen modalidad \u201cdesde casa\u201d, para los aspirantes de nuevo ingreso al nivel superior en el marco del Proceso de Admisi\u00f3n 2021-2022.<\/span><\/p>\n<p style=\"text-align: justify;\">&nbsp;<\/p>\n<p class=\"x_MsoNormal\" style=\"text-align: justify;\"><span style=\"font-size: 14pt; font-family: arial, helvetica, sans-serif;\">El Rector, doctor Juan Eulogio Guerra Liera, inform\u00f3 que este d\u00eda jueves 20 de mayo aplicar\u00e1n el examen 11 mil 936 aspirantes de las unidades regionales Centro Norte, Norte y Sur, en horarios escalonados en la plataforma de CENEVAL y ma\u00f1ana viernes 21 ser\u00e1n 10 mil 800 aspirantes de la Unidad Regional Centro.<\/span><\/p>\n<p style=\"text-align: justify;\">&nbsp;<\/p>\n<p class=\"x_MsoNormal\" style=\"text-align: justify;\"><span style=\"font-size: 14pt; font-family: arial, helvetica, sans-serif;\">\u201cEn total estamos hablando de 22 mil 736 j\u00f3venes que buscan un espacio en nuestras aulas, a quienes agradecemos su confianza y les deseamos el mayor de los \u00e9xitos en esta prueba (\u2026) sean bienvenidos a la Universidad Aut\u00f3noma de Sinaloa en esta fase de la aplicaci\u00f3n del Examen CENEVAL, que nos dar\u00e1n elementos muy importantes para seguir preparando el futuro de nuestra instituci\u00f3n&nbsp;y el futuro del egresado de nuestro pa\u00eds\u201d, expres\u00f3 Guerra Liera en un evento virtual de arranque de la Jornada en el que estuvo presente v\u00eda Zoom el Director General de CENEVAL, maestro Antonio \u00c1vila D\u00edaz.<\/span><\/p>\n<p style=\"text-align: justify;\">&nbsp;<\/p>\n<p class=\"x_MsoNormal\" style=\"text-align: justify;\"><span style=\"font-size: 14pt; font-family: arial, helvetica, sans-serif;\">La UAS, su Secretar\u00eda Acad\u00e9mica y el CENEVAL, agreg\u00f3 el Rector, hoy ponen un c\u00famulo de experiencia y de intenciones para que los j\u00f3venes aspirantes en un ambiente confiable puedan contestar, aplicarse y&nbsp;abrir esa oportunidad para un futuro.<\/span><\/p>\n<p style=\"text-align: justify;\">&nbsp;<\/p>\n<p class=\"x_MsoNormal\" style=\"text-align: justify;\"><span style=\"font-size: 14pt; font-family: arial, helvetica, sans-serif;\">As\u00ed mismo dio a conocer que se cre\u00f3 un Centro de Atenci\u00f3n Telef\u00f3nica con el n\u00famero 667 729 60 12 para que los aspirantes puedan aclarar cualquier duda o problema con el equipo de c\u00f3mputo, el internet, la plataforma, la contrase\u00f1a, entre otras incidencias de car\u00e1cter estrictamente t\u00e9cnico, el cual es atendido por 50 personas en todo el estado debidamente capacitados.<\/span><\/p>\n<p style=\"text-align: justify;\">&nbsp;<\/p>\n<p class=\"x_MsoNormal\" style=\"text-align: justify;\"><span style=\"font-size: 14pt; font-family: arial, helvetica, sans-serif;\">Como en otros a\u00f1os se cuenta con la intervenci\u00f3n de los notarios p\u00fablicos n\u00famero 83, licenciado Eduardo Niebla \u00c1lvarez y n\u00famero 162, licenciado&nbsp;Ismael Arenas Espinoza para dar fe y legalidad de la transparencia del proceso.<\/span><\/p>\n<p style=\"text-align: justify;\">&nbsp;<\/p>\n<p class=\"x_MsoNormal\" style=\"text-align: justify;\"><span style=\"font-size: 14pt; font-family: arial, helvetica, sans-serif;\">\u201cEste ha sido un esfuerzo de planeaci\u00f3n de la Comisi\u00f3n Institucional de Admisi\u00f3n y de una excelente coordinaci\u00f3n con el CENEVAL que dirige Antonio \u00c1vila D\u00edaz (\u2026) nos da gusto tenerlo de manera virtual ya que ha sido un excelente respaldo en estas pruebas de CENEVAL y adem\u00e1s hemos venido trabajando con ellos por m\u00e1s de 13 a\u00f1os, tiempo que ha sido un factor de confianza para la sociedad sinaloense\u201d, manifest\u00f3 el Rector.<\/span><\/p>\n<p style=\"text-align: justify;\">&nbsp;<\/p>\n<p class=\"x_MsoNormal\" style=\"text-align: justify;\"><span style=\"font-size: 14pt; font-family: arial, helvetica, sans-serif;\">El dirigente universitario agradeci\u00f3 y reconoci\u00f3 el trabajo de todos los que colaboran para que esta Jornada se cristalice, desde la Comisi\u00f3n Institucional de Admisi\u00f3n, hasta la Secretar\u00eda Acad\u00e9mica con su titular el doctor Luis Piestch Castro.<\/span><\/p>\n<p style=\"text-align: justify;\">&nbsp;<\/p>\n<p class=\"x_MsoNormal\" style=\"text-align: justify;\"><span style=\"font-size: 14pt; font-family: arial, helvetica, sans-serif;\">\u201cA todas y todos los aspirantes, a sus familias y a la sociedad sinaloense les reiteramos nuestro compromiso con la transparencia&nbsp;y equidad en la aplicaci\u00f3n de este instrumento; a los padres de familia nuevamente agradecemos su confianza hacia la Universidad y su compromiso con sus hijos, sepan que siempre seremos aliados para procurarles el mejor futuro posible basado en la educaci\u00f3n, la cultura y los valores\u201d, dijo.<\/span><\/p>\n<p style=\"text-align: justify;\">&nbsp;<\/p>\n<p class=\"x_MsoNormal\" style=\"text-align: justify;\"><span style=\"font-size: 14pt; font-family: arial, helvetica, sans-serif;\">De igual forma el Rector agradeci\u00f3 a CENEVAL y a su director por esa gran confianza y coordinaci\u00f3n con la Casa Rosalina que hoy permite ofrecer a m\u00e1s de 22 mil j\u00f3venes aspirantes la posibilidad de presentar un examen situacional, de diagn\u00f3stico, que permita conocer el perfil con el que llegan y a la instituci\u00f3n le permite ubicar \u00e1reas de oportunidad.<\/span><\/p>\n<p style=\"text-align: justify;\">&nbsp;<\/p>\n<p class=\"x_MsoNormal\" style=\"text-align: justify;\"><span style=\"font-size: 14pt; font-family: arial, helvetica, sans-serif;\">Por su parte,<b>&nbsp;<\/b>el Director General de CENEVAL, Antonio \u00c1vila D\u00edaz, agradeci\u00f3 poder acompa\u00f1ar a la Universidad en sus proyectos de evaluaci\u00f3n y se\u00f1al\u00f3 que en esta ocasi\u00f3n tanto la UAS como el Centro que representa se han preparado desde hace meses para realizar el examen de admisi\u00f3n a m\u00e1s de 22 mil j\u00f3venes sinaloenses.<\/span><\/p>\n<p style=\"text-align: justify;\">&nbsp;<\/p>\n<p class=\"x_MsoNormal\" style=\"text-align: justify;\"><span style=\"font-size: 14pt; font-family: arial, helvetica, sans-serif;\">\u201cEnmarcada todav\u00eda por la pandemia, este proceso de evaluaci\u00f3n se distingue al exigir un &nbsp;despliegue tecnol\u00f3gico in\u00e9dito en la historia de la Universidad y ha demandado un cuidado extremo para garantizar proceso transparente a los aspirantes, a sus familias y a la sociedad; el Examen desde Casa es una respuesta que ofrece el CENEVAL a partir del&nbsp; 2020, dise\u00f1ado en el momento adecuado para cuidar los protocolos establecidos por las autoridades sanitarias del pa\u00eds (\u2026) j\u00f3venes, reciban con entusiasmo y responsabilidad la oportunidad de formar parte de esta ilustre casa de estudios\u201d, comparti\u00f3.<\/span><\/p>\n<p style=\"text-align: justify;\">&nbsp;<\/p>\n<p class=\"x_MsoNormal\" style=\"text-align: justify;\"><span style=\"font-size: 14pt; font-family: arial, helvetica, sans-serif;\">Precis\u00f3 que esta modalidad permitir\u00e1 aplicar el Exani II de manera segura, confiable y v\u00e1lida.<\/span><\/p>\n<p style=\"text-align: justify;\">&nbsp;<\/p>\n<p style=\"text-align: justify;\">&nbsp;<\/p>\n<p style=\"text-align: justify;\"><span style=\"font-size: 14pt; font-family: arial, helvetica, sans-serif;\">REDACCI\u00d3N\/VISI\u00d3N CIUDADANA.<\/span><\/p>\n","protected":false},"excerpt":{"rendered":"<p>. Ante las circunstancias que la pandemia por COVID-19 ha impuesto y haciendo uso de la experiencia del a\u00f1o pasado, la Universidad Aut\u00f3noma de Sinaloa y el Centro Nacional para la Evaluaci\u00f3n (CENEVAL) pusieron en marcha la Jornada Institucional de Aplicaci\u00f3n del Exani II, examen modalidad \u201cdesde casa\u201d, para los aspirantes de nuevo ingreso al [&hellip;]<\/p>\n","protected":false},"author":1,"featured_media":697,"comment_status":"closed","ping_status":"closed","sticky":false,"template":"","format":"standard","meta":{"footnotes":""},"categories":[24],"tags":[],"ppma_author":[31],"class_list":["post-16941","post","type-post","status-publish","format-standard","has-post-thumbnail","hentry","category-relevantes"],"aioseo_notices":[],"authors":[{"term_id":31,"user_id":1,"is_guest":0,"slug":"ivan3vino","display_name":"Iv\u00e1n Trevi\u00f1o","avatar_url":{"url":"https:\/\/visionciudadana.com.mx\/oficial\/wp-content\/uploads\/2025\/09\/columna-ivan-Trevino.png","url2x":"https:\/\/visionciudadana.com.mx\/oficial\/wp-content\/uploads\/2025\/09\/columna-ivan-Trevino.png"},"0":null,"1":"","2":"","3":"","4":"","5":"","6":"","7":"","8":""}],"_links":{"self":[{"href":"https:\/\/visionciudadana.com.mx\/oficial\/wp-json\/wp\/v2\/posts\/16941","targetHints":{"allow":["GET"]}}],"collection":[{"href":"https:\/\/visionciudadana.com.mx\/oficial\/wp-json\/wp\/v2\/posts"}],"about":[{"href":"https:\/\/visionciudadana.com.mx\/oficial\/wp-json\/wp\/v2\/types\/post"}],"author":[{"embeddable":true,"href":"https:\/\/visionciudadana.com.mx\/oficial\/wp-json\/wp\/v2\/users\/1"}],"replies":[{"embeddable":true,"href":"https:\/\/visionciudadana.com.mx\/oficial\/wp-json\/wp\/v2\/comments?post=16941"}],"version-history":[{"count":1,"href":"https:\/\/visionciudadana.com.mx\/oficial\/wp-json\/wp\/v2\/posts\/16941\/revisions"}],"predecessor-version":[{"id":31006,"href":"https:\/\/visionciudadana.com.mx\/oficial\/wp-json\/wp\/v2\/posts\/16941\/revisions\/31006"}],"wp:featuredmedia":[{"embeddable":true,"href":"https:\/\/visionciudadana.com.mx\/oficial\/wp-json\/wp\/v2\/posts\/697"}],"wp:attachment":[{"href":"https:\/\/visionciudadana.com.mx\/oficial\/wp-json\/wp\/v2\/media?parent=16941"}],"wp:term":[{"taxonomy":"category","embeddable":true,"href":"https:\/\/visionciudadana.com.mx\/oficial\/wp-json\/wp\/v2\/categories?post=16941"},{"taxonomy":"post_tag","embeddable":true,"href":"https:\/\/visionciudadana.com.mx\/oficial\/wp-json\/wp\/v2\/tags?post=16941"},{"taxonomy":"author","embeddable":true,"href":"https:\/\/visionciudadana.com.mx\/oficial\/wp-json\/wp\/v2\/ppma_author?post=16941"}],"curies":[{"name":"wp","href":"https:\/\/api.w.org\/{rel}","templated":true}]}}