{"id":16940,"date":"2021-05-21T19:55:18","date_gmt":"2021-05-21T19:55:18","guid":{"rendered":"https:\/\/visionciudadana.com.mx\/chio\/2021\/05\/21\/instituciones-financieras-ven-inminente-triunfo-de-ruben-rocha-moya\/"},"modified":"2025-06-25T00:12:20","modified_gmt":"2025-06-25T00:12:20","slug":"instituciones-financieras-ven-inminente-triunfo-de-ruben-rocha-moya","status":"publish","type":"post","link":"https:\/\/visionciudadana.com.mx\/oficial\/2021\/05\/21\/instituciones-financieras-ven-inminente-triunfo-de-ruben-rocha-moya\/","title":{"rendered":"Instituciones financieras ven inminente triunfo de Rub\u00e9n Rocha Moya"},"content":{"rendered":"<p><img fetchpriority=\"high\" decoding=\"async\" src=\"images\/2021\/mayo21\/rocha1.jpg\" alt=\"rocha1\" width=\"780\" height=\"420\" style=\"display: block; margin: 20px auto;\" \/><\/p>\n<p>&nbsp;<\/p>\n<p class=\"x_MsoNormal\" style=\"text-align: justify;\"><span style=\"font-size: 14pt; font-family: arial, helvetica, sans-serif;\">El candidato de la alianza Morena-PAS a la gubernatura, Rub\u00e9n Rocha Moya, puntualiz\u00f3 que los cierres de campa\u00f1a est\u00e1n confirmando que las y los ciudadanos lo ven como la mejor opci\u00f3n de voto para el pr\u00f3ximo 6 de junio; previamente abordado al respecto, dijo sentirse motivado por el nuevo estudio elaborado por Scotiabank y entregado a sus inversionistas, que de acuerdo a encuestas vaticina el triunfo del candidato morenista en Sinaloa.<\/span><\/p>\n<p style=\"text-align: justify;\">&nbsp;<\/p>\n<p class=\"x_MsoNormal\" style=\"text-align: justify;\"><span style=\"font-size: 14pt; font-family: arial, helvetica, sans-serif;\">As\u00ed tambi\u00e9n se public\u00f3 ayer jueves la encuesta de la empresa de comunicaci\u00f3n LatinUs y Grupo Reforma, que a decir del periodista Carlos Loret de Mola, quien present\u00f3 los resultados, da una \u00abc\u00f3moda ventaja\u00bb de 10 puntos a Rub\u00e9n Rocha Moya por encima del segundo lugar.<\/span><\/p>\n<p style=\"text-align: justify;\">&nbsp;<\/p>\n<p class=\"x_MsoNormal\" style=\"text-align: justify;\"><span style=\"font-size: 14pt; font-family: arial, helvetica, sans-serif;\">Por lo que se refiere a la instituci\u00f3n financiera internacional Scotiabank, en su m\u00e1s reciente estudio \u201cMexico\u2019s 2021 elections\u201d, analiza el proceso electoral en nuestro pa\u00eds, y en el caso de Sinaloa el estudio arroja que tres encuestas confirman la victoria del candidato de Morena a la gubernatura.<\/span><\/p>\n<p style=\"text-align: justify;\">&nbsp;<\/p>\n<p class=\"x_MsoNormal\" style=\"text-align: justify;\"><span style=\"font-size: 14pt; font-family: arial, helvetica, sans-serif;\">El reporte de Scotiabank se suma al de JP Morgan en confirmar que Rocha Moya ganar\u00e1 el 6 de junio.<\/span><\/p>\n<p style=\"text-align: justify;\">&nbsp;<\/p>\n<p class=\"x_MsoNormal\" style=\"text-align: justify;\"><span style=\"font-size: 14pt; font-family: arial, helvetica, sans-serif;\">En otro tema, Rocha Moya cerr\u00f3 campa\u00f1a la tarde-noche de este jueves en la sindicatura de Mochicahui, El Fuerte, ante una numerosa concurrencia que, cumpliendo el protocolo sanitario, llen\u00f3 la explanada de la Plazuela, sin duda un pre\u00e1mbulo de c\u00f3mo esta comunidad y todo Sinaloa acudir\u00e1 a votar el pr\u00f3ximo 6 de junio.<\/span><\/p>\n<p style=\"text-align: justify;\">&nbsp;<\/p>\n<p class=\"x_MsoNormal\" style=\"text-align: justify;\"><span style=\"font-size: 14pt; font-family: arial, helvetica, sans-serif;\">\u201cQuiero felicitar y pedirles un aplauso a todos los compa\u00f1eros del equipo del candidato a alcalde Gildardo Leyva, a las y los brigadistas; esta concurrencia nos habla de que hay un trabajo de tierra, ha habido sin lugar a duda un recorrido por el municipio, han convencido, por lo que podemos decir que ya ganamos la campa\u00f1a y ahora solo nos falta ganar la elecci\u00f3n\u201d, expres\u00f3.<\/span><\/p>\n<p style=\"text-align: justify;\">&nbsp;<\/p>\n<p class=\"x_MsoNormal\" style=\"text-align: justify;\"><span style=\"font-size: 14pt; font-family: arial, helvetica, sans-serif;\">El candidato se dijo gratamente sorprendido, \u201capantallado\u201d, por la gran asistencia y exhort\u00f3 a los presentes a acudir temprano a votar el d\u00eda de la jornada electoral; a emitir el sufragio cuatro por cuatro, es decir, a votar por todos los candidatos de Morena; y a no caer en el voto cruzado porque quien lo haga viola uno de los principios del partido: no traicionar.<\/span><\/p>\n<p style=\"text-align: justify;\">&nbsp;<\/p>\n<p class=\"x_MsoNormal\" style=\"text-align: justify;\"><span style=\"font-size: 14pt; font-family: arial, helvetica, sans-serif;\">\u201cVamos a instalar un gobierno en Sinaloa y en El Fuerte que mire fundamentalmente hacia sus comunidades m\u00e1s necesitadas, m\u00e1s pobres, vamos a levantar la calidad de vida de nuestras comunidades rurales, de nuestros pueblos originarios, de los yoremes, de los mayos\u201d, manifest\u00f3.<\/span><\/p>\n<p style=\"text-align: justify;\">&nbsp;<\/p>\n<p class=\"x_MsoNormal\" style=\"text-align: justify;\"><span style=\"font-size: 14pt; font-family: arial, helvetica, sans-serif;\">El candidato se comprometi\u00f3 ah\u00ed mismo a que su gobierno atender\u00e1 las necesidades m\u00e1s prioritarias, como son la pavimentaci\u00f3n de calles, construcci\u00f3n y rehabilitaci\u00f3n de carreteras, sistemas de agua potable y drenaje, salud y educaci\u00f3n, con obras y acciones que hagan realidad el estado de bienestar en Sinaloa.<\/span><\/p>\n<p style=\"text-align: justify;\">&nbsp;<\/p>\n<p class=\"x_MsoNormal\" style=\"text-align: justify;\"><span style=\"font-size: 14pt; font-family: arial, helvetica, sans-serif;\">Rub\u00e9n Rocha Moya estuvo acompa\u00f1ado en el cierre de campa\u00f1a por la vicepresidenta de la Mesa Directiva del Senado, senadora Imelda Castro Castro; el senador Ra\u00fal Elenes Angulo; el delegado del Comit\u00e9 Ejecutivo Nacional de Morena en Sinaloa, senador Am\u00e9rico Villarreal Anaya; el candidato a la alcald\u00eda de El Fuerte, Gildardo Leyva; y el candidato a la diputaci\u00f3n local por el Distrito 1, Mart\u00edn Vega.<\/span><\/p>\n<p style=\"text-align: justify;\">&nbsp;<\/p>\n<p style=\"text-align: justify;\">&nbsp;<\/p>\n<p style=\"text-align: justify;\"><span style=\"font-size: 14pt; font-family: arial, helvetica, sans-serif;\">REDACCI\u00d3N\/VISI\u00d3N CIUDADANA.<\/span><\/p>\n","protected":false},"excerpt":{"rendered":"<p>&nbsp; El candidato de la alianza Morena-PAS a la gubernatura, Rub\u00e9n Rocha Moya, puntualiz\u00f3 que los cierres de campa\u00f1a est\u00e1n confirmando que las y los ciudadanos lo ven como la mejor opci\u00f3n de voto para el pr\u00f3ximo 6 de junio; previamente abordado al respecto, dijo sentirse motivado por el nuevo estudio elaborado por Scotiabank y [&hellip;]<\/p>\n","protected":false},"author":1,"featured_media":695,"comment_status":"closed","ping_status":"closed","sticky":false,"template":"","format":"standard","meta":{"footnotes":""},"categories":[24],"tags":[],"ppma_author":[31],"class_list":["post-16940","post","type-post","status-publish","format-standard","has-post-thumbnail","hentry","category-relevantes"],"aioseo_notices":[],"authors":[{"term_id":31,"user_id":1,"is_guest":0,"slug":"ivan3vino","display_name":"Iv\u00e1n Trevi\u00f1o","avatar_url":{"url":"https:\/\/visionciudadana.com.mx\/oficial\/wp-content\/uploads\/2025\/09\/columna-ivan-Trevino.png","url2x":"https:\/\/visionciudadana.com.mx\/oficial\/wp-content\/uploads\/2025\/09\/columna-ivan-Trevino.png"},"0":null,"1":"","2":"","3":"","4":"","5":"","6":"","7":"","8":""}],"_links":{"self":[{"href":"https:\/\/visionciudadana.com.mx\/oficial\/wp-json\/wp\/v2\/posts\/16940","targetHints":{"allow":["GET"]}}],"collection":[{"href":"https:\/\/visionciudadana.com.mx\/oficial\/wp-json\/wp\/v2\/posts"}],"about":[{"href":"https:\/\/visionciudadana.com.mx\/oficial\/wp-json\/wp\/v2\/types\/post"}],"author":[{"embeddable":true,"href":"https:\/\/visionciudadana.com.mx\/oficial\/wp-json\/wp\/v2\/users\/1"}],"replies":[{"embeddable":true,"href":"https:\/\/visionciudadana.com.mx\/oficial\/wp-json\/wp\/v2\/comments?post=16940"}],"version-history":[{"count":1,"href":"https:\/\/visionciudadana.com.mx\/oficial\/wp-json\/wp\/v2\/posts\/16940\/revisions"}],"predecessor-version":[{"id":31007,"href":"https:\/\/visionciudadana.com.mx\/oficial\/wp-json\/wp\/v2\/posts\/16940\/revisions\/31007"}],"wp:featuredmedia":[{"embeddable":true,"href":"https:\/\/visionciudadana.com.mx\/oficial\/wp-json\/wp\/v2\/posts\/695"}],"wp:attachment":[{"href":"https:\/\/visionciudadana.com.mx\/oficial\/wp-json\/wp\/v2\/media?parent=16940"}],"wp:term":[{"taxonomy":"category","embeddable":true,"href":"https:\/\/visionciudadana.com.mx\/oficial\/wp-json\/wp\/v2\/categories?post=16940"},{"taxonomy":"post_tag","embeddable":true,"href":"https:\/\/visionciudadana.com.mx\/oficial\/wp-json\/wp\/v2\/tags?post=16940"},{"taxonomy":"author","embeddable":true,"href":"https:\/\/visionciudadana.com.mx\/oficial\/wp-json\/wp\/v2\/ppma_author?post=16940"}],"curies":[{"name":"wp","href":"https:\/\/api.w.org\/{rel}","templated":true}]}}