{"id":16937,"date":"2021-05-21T18:41:50","date_gmt":"2021-05-21T18:41:50","guid":{"rendered":"https:\/\/visionciudadana.com.mx\/chio\/2021\/05\/21\/estrada-ferreiro-ha-gobernado-con-respeto-y-sin-discriminacion-hacia-la-ciudadania\/"},"modified":"2025-06-25T00:12:20","modified_gmt":"2025-06-25T00:12:20","slug":"estrada-ferreiro-ha-gobernado-con-respeto-y-sin-discriminacion-hacia-la-ciudadania","status":"publish","type":"post","link":"https:\/\/visionciudadana.com.mx\/oficial\/2021\/05\/21\/estrada-ferreiro-ha-gobernado-con-respeto-y-sin-discriminacion-hacia-la-ciudadania\/","title":{"rendered":"Estrada Ferreiro ha gobernado con respeto y sin discriminaci\u00f3n hacia la ciudadan\u00eda"},"content":{"rendered":"<p style=\"text-align: justify;\"><img fetchpriority=\"high\" decoding=\"async\" src=\"images\/2021\/mayo21\/jefs1.jpg\" alt=\"jefs1\" width=\"780\" height=\"420\" style=\"display: block; margin: 20px auto;\" \/><\/p>\n<div style=\"text-align: justify;\"><span style=\"font-size: 14pt; font-family: arial, helvetica, sans-serif;\"><\/span><\/div>\n<div style=\"text-align: justify;\"><span style=\"font-size: 14pt; font-family: arial, helvetica, sans-serif;\">Gobernar con respeto para toda la ciudadan\u00eda, sin distinci\u00f3n de religi\u00f3n, raza, orientaci\u00f3n sexual o ideolog\u00eda pol\u00edtica es parte del equilibrio con el que se ha atendido a la poblaci\u00f3n en Culiac\u00e1n, explic\u00f3 Jes\u00fas Estrada Ferreiro a integrantes de la Comunidad LGBTTTIQ+.<\/span><\/div>\n<div style=\"text-align: justify;\"><span style=\"font-size: 14pt; font-family: arial, helvetica, sans-serif;\"><\/span><\/div>\n<div style=\"text-align: justify;\"><span style=\"font-size: 14pt; font-family: arial, helvetica, sans-serif;\"><\/span><\/div>\n<div style=\"text-align: justify;\"><span style=\"font-size: 14pt; font-family: arial, helvetica, sans-serif;\">\u201cNo hay discriminaci\u00f3n de mi parte, todo mundo merece respeto, hasta los animalitos que son seres vivos hay que cuidarlos, con m\u00e1s raz\u00f3n un ser humano, sin importar su ideolog\u00eda pol\u00edtica, su preferencia sexual o el g\u00e9nero, yo creo que es la normalidad que debe existir en cualquier sociedad y no andar discriminando gente\u201d, resalt\u00f3.<\/span><\/div>\n<div style=\"text-align: justify;\"><span style=\"font-size: 14pt; font-family: arial, helvetica, sans-serif;\"><\/span><\/div>\n<div style=\"text-align: justify;\"><span style=\"font-size: 14pt; font-family: arial, helvetica, sans-serif;\"><\/span><\/div>\n<div style=\"text-align: justify;\"><span style=\"font-size: 14pt; font-family: arial, helvetica, sans-serif;\">El candidato a la alcald\u00eda de Culiac\u00e1n por la alianza de Morena-PAS, Lic. Jes\u00fas Estrada Ferreiro, detall\u00f3 que durante su Administraci\u00f3n Municipal se ha distinguido por apoyar a todos los sectores de la sociedad al igual que a la comunidad LGBTTTIQ+, todo esto en la medida de las posibilidades del Gobierno Municipal.<\/span><\/div>\n<div style=\"text-align: justify;\"><span style=\"font-size: 14pt; font-family: arial, helvetica, sans-serif;\"><\/span><\/div>\n<div style=\"text-align: justify;\"><span style=\"font-size: 14pt; font-family: arial, helvetica, sans-serif;\"><\/span><\/div>\n<div style=\"text-align: justify;\"><span style=\"font-size: 14pt; font-family: arial, helvetica, sans-serif;\">Durante el encuentro, miembros de la Comunidad externaron propuestas, mismas que Estrada Ferreiro, dijo analizar\u00e1 y evaluar\u00e1 para dar prioridad a las demandas que no impliquen la discriminaci\u00f3n de otros grupos de la sociedad Culiacanense.<\/span><\/div>\n<div style=\"text-align: justify;\">&nbsp;<\/div>\n<div style=\"text-align: justify;\">&nbsp;<\/div>\n<div style=\"text-align: justify;\">&nbsp;<\/div>\n<div style=\"text-align: justify;\"><span style=\"font-size: 14pt; font-family: arial, helvetica, sans-serif;\">REDACCI\u00d3N\/VISI\u00d3N CIUDADANA.<\/span><\/div>\n","protected":false},"excerpt":{"rendered":"<p>Gobernar con respeto para toda la ciudadan\u00eda, sin distinci\u00f3n de religi\u00f3n, raza, orientaci\u00f3n sexual o ideolog\u00eda pol\u00edtica es parte del equilibrio con el que se ha atendido a la poblaci\u00f3n en Culiac\u00e1n, explic\u00f3 Jes\u00fas Estrada Ferreiro a integrantes de la Comunidad LGBTTTIQ+. \u201cNo hay discriminaci\u00f3n de mi parte, todo mundo merece respeto, hasta los animalitos [&hellip;]<\/p>\n","protected":false},"author":1,"featured_media":689,"comment_status":"closed","ping_status":"closed","sticky":false,"template":"","format":"standard","meta":{"footnotes":""},"categories":[24],"tags":[],"ppma_author":[31],"class_list":["post-16937","post","type-post","status-publish","format-standard","has-post-thumbnail","hentry","category-relevantes"],"aioseo_notices":[],"authors":[{"term_id":31,"user_id":1,"is_guest":0,"slug":"ivan3vino","display_name":"Iv\u00e1n Trevi\u00f1o","avatar_url":{"url":"https:\/\/visionciudadana.com.mx\/oficial\/wp-content\/uploads\/2025\/09\/columna-ivan-Trevino.png","url2x":"https:\/\/visionciudadana.com.mx\/oficial\/wp-content\/uploads\/2025\/09\/columna-ivan-Trevino.png"},"0":null,"1":"","2":"","3":"","4":"","5":"","6":"","7":"","8":""}],"_links":{"self":[{"href":"https:\/\/visionciudadana.com.mx\/oficial\/wp-json\/wp\/v2\/posts\/16937","targetHints":{"allow":["GET"]}}],"collection":[{"href":"https:\/\/visionciudadana.com.mx\/oficial\/wp-json\/wp\/v2\/posts"}],"about":[{"href":"https:\/\/visionciudadana.com.mx\/oficial\/wp-json\/wp\/v2\/types\/post"}],"author":[{"embeddable":true,"href":"https:\/\/visionciudadana.com.mx\/oficial\/wp-json\/wp\/v2\/users\/1"}],"replies":[{"embeddable":true,"href":"https:\/\/visionciudadana.com.mx\/oficial\/wp-json\/wp\/v2\/comments?post=16937"}],"version-history":[{"count":1,"href":"https:\/\/visionciudadana.com.mx\/oficial\/wp-json\/wp\/v2\/posts\/16937\/revisions"}],"predecessor-version":[{"id":31010,"href":"https:\/\/visionciudadana.com.mx\/oficial\/wp-json\/wp\/v2\/posts\/16937\/revisions\/31010"}],"wp:featuredmedia":[{"embeddable":true,"href":"https:\/\/visionciudadana.com.mx\/oficial\/wp-json\/wp\/v2\/posts\/689"}],"wp:attachment":[{"href":"https:\/\/visionciudadana.com.mx\/oficial\/wp-json\/wp\/v2\/media?parent=16937"}],"wp:term":[{"taxonomy":"category","embeddable":true,"href":"https:\/\/visionciudadana.com.mx\/oficial\/wp-json\/wp\/v2\/categories?post=16937"},{"taxonomy":"post_tag","embeddable":true,"href":"https:\/\/visionciudadana.com.mx\/oficial\/wp-json\/wp\/v2\/tags?post=16937"},{"taxonomy":"author","embeddable":true,"href":"https:\/\/visionciudadana.com.mx\/oficial\/wp-json\/wp\/v2\/ppma_author?post=16937"}],"curies":[{"name":"wp","href":"https:\/\/api.w.org\/{rel}","templated":true}]}}