{"id":16930,"date":"2021-05-20T02:08:52","date_gmt":"2021-05-20T02:08:52","guid":{"rendered":"https:\/\/visionciudadana.com.mx\/chio\/2021\/05\/20\/buena-administracion-de-estrada-ferreiro-posiciona-a-culiacan-entre-ciudades-con-mayor-recaudacion-nacional\/"},"modified":"2025-06-25T00:12:20","modified_gmt":"2025-06-25T00:12:20","slug":"buena-administracion-de-estrada-ferreiro-posiciona-a-culiacan-entre-ciudades-con-mayor-recaudacion-nacional","status":"publish","type":"post","link":"https:\/\/visionciudadana.com.mx\/oficial\/2021\/05\/20\/buena-administracion-de-estrada-ferreiro-posiciona-a-culiacan-entre-ciudades-con-mayor-recaudacion-nacional\/","title":{"rendered":"Buena administraci\u00f3n de Estrada Ferreiro posiciona a Culiac\u00e1n entre ciudades con mayor recaudaci\u00f3n nacional  \u00a0"},"content":{"rendered":"<p style=\"text-align: justify;\"><span style=\"font-size: 14pt; font-family: arial, helvetica, sans-serif;\"><\/span><\/p>\n<div style=\"text-align: justify;\"><span style=\"font-size: 14pt; font-family: arial, helvetica, sans-serif;\">&nbsp;<img fetchpriority=\"high\" decoding=\"async\" src=\"images\/2021\/mayo21\/vecinos_jefs.PNG\" alt=\"vecinos jefs\" width=\"780\" height=\"420\" style=\"display: block; margin: 20px auto;\" \/><\/span><\/div>\n<div>&nbsp;<\/div>\n<div style=\"text-align: justify;\"><span style=\"font-size: 14pt; font-family: arial, helvetica, sans-serif;\">La estrategia que desde que llegamos a la administraci\u00f3n municipal pusimos en marcha, hoy rinde frutos, por eso Culiac\u00e1n es el lugar n\u00famero 9 a nivel nacional en recaudaci\u00f3n de impuesto predial, porque eliminamos los privilegios indebidos y ese dinero ahora lo invertimos en m\u00e1s y mejores servicios p\u00fablicos, asegur\u00f3 el Lic. Jes\u00fas Estrada Ferreiro, candidato a alcalde.<\/span><\/div>\n<div style=\"text-align: justify;\"><span style=\"font-size: 14pt; font-family: arial, helvetica, sans-serif;\"><\/span><\/div>\n<div style=\"text-align: justify;\"><span style=\"font-size: 14pt; font-family: arial, helvetica, sans-serif;\"><\/span><\/div>\n<div style=\"text-align: justify;\"><span style=\"font-size: 14pt; font-family: arial, helvetica, sans-serif;\">\u201cEntre 2 mil 500 municipios del pa\u00eds en noveno lugar, por supuesto que es importante, \u00bfqu\u00e9 significa esto? Que las participaciones federales van a aumentar y que esas participaciones federales se van a traducir en dinero para arreglar este parque que est\u00e1 todav\u00eda abandonado, para hacer pavimento en muchas calles, para m\u00e1s agua potable, para m\u00e1s servicios p\u00fablicos\u201d, dijo el candidato de la alianza MORENA-PAS.<\/span><\/div>\n<div style=\"text-align: justify;\"><span style=\"font-size: 14pt; font-family: arial, helvetica, sans-serif;\"><\/span><\/div>\n<div style=\"text-align: justify;\"><span style=\"font-size: 14pt; font-family: arial, helvetica, sans-serif;\"><\/span><\/div>\n<div style=\"text-align: justify;\"><span style=\"font-size: 14pt; font-family: arial, helvetica, sans-serif;\">La Coordinaci\u00f3n Fiscal de Hacienda posicion\u00f3 al municipio en este listado donde se\u00f1ala que Culiac\u00e1n recaud\u00f3 tan solo en 2020 un total de 749 millones, 553 mil, 762 pesos con 85 centavos.<\/span><\/div>\n<div style=\"text-align: justify;\"><span style=\"font-size: 14pt; font-family: arial, helvetica, sans-serif;\"><\/span><\/div>\n<div style=\"text-align: justify;\"><span style=\"font-size: 14pt; font-family: arial, helvetica, sans-serif;\"><\/span><\/div>\n<div style=\"text-align: justify;\"><span style=\"font-size: 14pt; font-family: arial, helvetica, sans-serif;\">Gracias a que a lo largo de la administraci\u00f3n por \u00e9l dirigida, se implementaron diversos descuentos para los ciudadanos y se oblig\u00f3 a pagar a grandes empresarios y contribuyentes que teniendo el modo de hacerlo no lo hac\u00edan, es que se logra este importante avance.<\/span><\/div>\n<div style=\"text-align: justify;\"><span style=\"font-size: 14pt; font-family: arial, helvetica, sans-serif;\"><\/span><\/div>\n<div style=\"text-align: justify;\"><span style=\"font-size: 14pt; font-family: arial, helvetica, sans-serif;\"><\/span><\/div>\n<div style=\"text-align: justify;\"><span style=\"font-size: 14pt; font-family: arial, helvetica, sans-serif;\">Estrada Ferreiro asegur\u00f3 que esto era algo que antes no se lograba porque diputados locales negaban por dos a\u00f1os consecutivos la actualizaci\u00f3n de la tarifa de impuesto predial conforme a la inflaci\u00f3n, ya que hab\u00eda intereses pol\u00edticos perversos de por medio.<\/span><\/div>\n<div style=\"text-align: justify;\"><span style=\"font-size: 14pt; font-family: arial, helvetica, sans-serif;\"><\/span><\/div>\n<div style=\"text-align: justify;\"><span style=\"font-size: 14pt; font-family: arial, helvetica, sans-serif;\"><\/span><\/div>\n<div style=\"text-align: justify;\"><span style=\"font-size: 14pt; font-family: arial, helvetica, sans-serif;\">\u201cEl presidente lo ha dicho una vez y otra tambi\u00e9n, que no olvidemos actualizar los cobros de impuesto predial para ir a la par con la econom\u00eda comercial, si no nos quedamos abajo\u201d, dijo.<\/span><\/div>\n<div style=\"text-align: justify;\"><span style=\"font-size: 14pt; font-family: arial, helvetica, sans-serif;\"><\/span><\/div>\n<div style=\"text-align: justify;\"><span style=\"font-size: 14pt; font-family: arial, helvetica, sans-serif;\"><\/span><\/div>\n<div style=\"text-align: justify;\"><span style=\"font-size: 14pt; font-family: arial, helvetica, sans-serif;\">Esa actualizaci\u00f3n del 3 por ciento, explic\u00f3 el candidato, no implicaba cantidades altas para los peque\u00f1os contribuyentes, pero s\u00ed para quienes injustificadamente eran privilegiados como grandes empresarios, y eso implicaba p\u00e9rdidas de cientos de miles de pesos que no ingresaban al municipio.<\/span><\/div>\n<div style=\"text-align: justify;\"><span style=\"font-size: 14pt; font-family: arial, helvetica, sans-serif;\"><\/span><\/div>\n<div style=\"text-align: justify;\"><span style=\"font-size: 14pt; font-family: arial, helvetica, sans-serif;\"><\/span><\/div>\n<div style=\"text-align: justify;\"><span style=\"font-size: 14pt; font-family: arial, helvetica, sans-serif;\">Ahora ese aumento en recaudaci\u00f3n est\u00e1 bien aplicado, porque Culiac\u00e1n tiene m\u00e1s y mejores servicios p\u00fablicos; alumbrado LED, m\u00e1s capacidad en recolecci\u00f3n de basura, m\u00e1s calles rehabilitadas, mejor movilidad urbana, m\u00e1s parques rescatados, solo por mencionar algunos avances, reafirm\u00f3.<\/span><\/div>\n<div style=\"text-align: justify;\"><span style=\"font-size: 14pt; font-family: arial, helvetica, sans-serif;\"><\/span><\/div>\n<div style=\"text-align: justify;\"><span style=\"font-size: 14pt; font-family: arial, helvetica, sans-serif;\"><\/span><\/div>\n<div style=\"text-align: justify;\"><span style=\"font-size: 14pt; font-family: arial, helvetica, sans-serif;\">Este mensaje fue llevado por el Lic. Jes\u00fas Estrada Ferreiro en las actividades de este mi\u00e9rcoles a habitantes de los sectores Las Cucas, Santa Elena y Rancho Contento, quienes le brindaron su respaldo para seguir transformando Culiac\u00e1n.<\/span><\/div>\n<div style=\"text-align: justify;\">&nbsp;<\/div>\n<div style=\"text-align: justify;\">&nbsp;<\/div>\n<div style=\"text-align: justify;\"><span style=\"font-size: 14pt; font-family: arial, helvetica, sans-serif;\">REDACCI\u00d3N\/VISI\u00d3N CIUDADANA.<\/span><\/div>\n","protected":false},"excerpt":{"rendered":"<p>&nbsp; &nbsp; La estrategia que desde que llegamos a la administraci\u00f3n municipal pusimos en marcha, hoy rinde frutos, por eso Culiac\u00e1n es el lugar n\u00famero 9 a nivel nacional en recaudaci\u00f3n de impuesto predial, porque eliminamos los privilegios indebidos y ese dinero ahora lo invertimos en m\u00e1s y mejores servicios p\u00fablicos, asegur\u00f3 el Lic. Jes\u00fas [&hellip;]<\/p>\n","protected":false},"author":1,"featured_media":680,"comment_status":"closed","ping_status":"closed","sticky":false,"template":"","format":"standard","meta":{"footnotes":""},"categories":[24],"tags":[],"ppma_author":[31],"class_list":["post-16930","post","type-post","status-publish","format-standard","has-post-thumbnail","hentry","category-relevantes"],"aioseo_notices":[],"authors":[{"term_id":31,"user_id":1,"is_guest":0,"slug":"ivan3vino","display_name":"Iv\u00e1n Trevi\u00f1o","avatar_url":{"url":"https:\/\/visionciudadana.com.mx\/oficial\/wp-content\/uploads\/2025\/09\/columna-ivan-Trevino.png","url2x":"https:\/\/visionciudadana.com.mx\/oficial\/wp-content\/uploads\/2025\/09\/columna-ivan-Trevino.png"},"0":null,"1":"","2":"","3":"","4":"","5":"","6":"","7":"","8":""}],"_links":{"self":[{"href":"https:\/\/visionciudadana.com.mx\/oficial\/wp-json\/wp\/v2\/posts\/16930","targetHints":{"allow":["GET"]}}],"collection":[{"href":"https:\/\/visionciudadana.com.mx\/oficial\/wp-json\/wp\/v2\/posts"}],"about":[{"href":"https:\/\/visionciudadana.com.mx\/oficial\/wp-json\/wp\/v2\/types\/post"}],"author":[{"embeddable":true,"href":"https:\/\/visionciudadana.com.mx\/oficial\/wp-json\/wp\/v2\/users\/1"}],"replies":[{"embeddable":true,"href":"https:\/\/visionciudadana.com.mx\/oficial\/wp-json\/wp\/v2\/comments?post=16930"}],"version-history":[{"count":1,"href":"https:\/\/visionciudadana.com.mx\/oficial\/wp-json\/wp\/v2\/posts\/16930\/revisions"}],"predecessor-version":[{"id":31011,"href":"https:\/\/visionciudadana.com.mx\/oficial\/wp-json\/wp\/v2\/posts\/16930\/revisions\/31011"}],"wp:featuredmedia":[{"embeddable":true,"href":"https:\/\/visionciudadana.com.mx\/oficial\/wp-json\/wp\/v2\/media\/680"}],"wp:attachment":[{"href":"https:\/\/visionciudadana.com.mx\/oficial\/wp-json\/wp\/v2\/media?parent=16930"}],"wp:term":[{"taxonomy":"category","embeddable":true,"href":"https:\/\/visionciudadana.com.mx\/oficial\/wp-json\/wp\/v2\/categories?post=16930"},{"taxonomy":"post_tag","embeddable":true,"href":"https:\/\/visionciudadana.com.mx\/oficial\/wp-json\/wp\/v2\/tags?post=16930"},{"taxonomy":"author","embeddable":true,"href":"https:\/\/visionciudadana.com.mx\/oficial\/wp-json\/wp\/v2\/ppma_author?post=16930"}],"curies":[{"name":"wp","href":"https:\/\/api.w.org\/{rel}","templated":true}]}}