{"id":16927,"date":"2021-05-20T01:41:08","date_gmt":"2021-05-20T01:41:08","guid":{"rendered":"https:\/\/visionciudadana.com.mx\/chio\/2021\/05\/20\/que-saque-las-manos-de-la-eleccion-el-presidente-lopez-obrador-sergio-torres\/"},"modified":"2025-06-25T00:12:21","modified_gmt":"2025-06-25T00:12:21","slug":"que-saque-las-manos-de-la-eleccion-el-presidente-lopez-obrador-sergio-torres","status":"publish","type":"post","link":"https:\/\/visionciudadana.com.mx\/oficial\/2021\/05\/20\/que-saque-las-manos-de-la-eleccion-el-presidente-lopez-obrador-sergio-torres\/","title":{"rendered":"Que saque las manos de la elecci\u00f3n el presidente Lopez Obrador: Sergio Torres.\u00a0"},"content":{"rendered":"<p><img fetchpriority=\"high\" decoding=\"async\" src=\"images\/2021\/mayo21\/que_saque.PNG\" alt=\"que saque\" width=\"682\" height=\"366\" style=\"display: block; margin: 20px auto;\" \/><\/p>\n<div>&nbsp;<\/div>\n<div style=\"text-align: justify;\"><span style=\"font-size: 14pt; font-family: arial, helvetica, sans-serif;\">Exigimos unas elecciones libres, democr\u00e1ticas, transparentes y sin violencia, que el presidente L\u00f3pez Obrador saque las manos de la elecci\u00f3n, que se ponga a trabajar en lis asuntos del pa\u00eds, se\u00f1al\u00f3 Sergio Torres, candidato de Movimiento Ciudadano al gobierno del estado.<\/span><\/div>\n<div style=\"text-align: justify;\">&nbsp;<\/div>\n<div style=\"text-align: justify;\"><span style=\"font-size: 14pt; font-family: arial, helvetica, sans-serif;\"><\/span><\/div>\n<div style=\"text-align: justify;\"><span style=\"font-size: 14pt; font-family: arial, helvetica, sans-serif;\">Acompa\u00f1ado de Mart\u00edn Heredia, candidato de MC a presidente municipal de Mazatl\u00e1n, as\u00ed como candidatas y candidatos a diputaciones federales y locales, se\u00f1al\u00f3 que es necesario que el presidenta deje de polarizar a la sociedad.<\/span><\/div>\n<div style=\"text-align: justify;\">&nbsp;<\/div>\n<div style=\"text-align: justify;\"><span style=\"font-size: 14pt; font-family: arial, helvetica, sans-serif;\"><\/span><\/div>\n<div style=\"text-align: justify;\"><span style=\"font-size: 14pt; font-family: arial, helvetica, sans-serif;\">Pidi\u00f3 a la ciudadan\u00eda sinaloense salir a votar este 6 de junio, pues tienen en sus manos la oportunidad de quitar del poder a la clase pol\u00edtica que por m\u00e1s de 40 a\u00f1os se han adue\u00f1ado de Sinaloa, as\u00ed como mostrar el rechazo a Morena por la gran decepci\u00f3n que resultaron, pues en dos a\u00f1os de gobierno, seg\u00fan datos del INEGI, generaron 13 millones de pobres en el pa\u00eds.<\/span><\/div>\n<div style=\"text-align: justify;\">&nbsp;<\/div>\n<div style=\"text-align: justify;\"><span style=\"font-size: 14pt; font-family: arial, helvetica, sans-serif;\"><\/span><\/div>\n<div style=\"text-align: justify;\"><span style=\"font-size: 14pt; font-family: arial, helvetica, sans-serif;\">Sobre las proyecciones del triunfo de MC en nuestro estado, explic\u00f3 que los sondeos del partido a nivel nacional, marcan el crecimiento constante de los y las candidatas de la ola naranja, que del gran n\u00famero de indecisos a\u00fan, seguro est\u00e1 no votar\u00e1n ni por el Pri, ni por Morena, y espera lo hagan por Movimiento Ciudadano, el \u00fanico proyecto de ciudadanos, igualitario e incluyente.<\/span><\/div>\n<div style=\"text-align: justify;\">&nbsp;<\/div>\n<div style=\"text-align: justify;\"><span style=\"font-size: 14pt; font-family: arial, helvetica, sans-serif;\"><\/span><\/div>\n<div style=\"text-align: justify;\"><span style=\"font-size: 14pt; font-family: arial, helvetica, sans-serif;\">Agreg\u00f3: el verdadero sentir de la gente se mide cara a cara, en los recorridos casa por casa, en lis mercados, las plazas y la calle, como lo hacen los candidatos de MC, no en encuestas hechas por redes sociales.<\/span><\/div>\n<div style=\"text-align: justify;\">&nbsp;<\/div>\n<div style=\"text-align: justify;\"><span style=\"font-size: 14pt; font-family: arial, helvetica, sans-serif;\"><\/span><\/div>\n<div style=\"text-align: justify;\"><span style=\"font-size: 14pt; font-family: arial, helvetica, sans-serif;\">Del asesinato del candidato de MC al ayuntamiento de Cajeme, Sonora, Abel Murrieta, lo calific\u00f3 como un hecho vil y cobarde que ofende a todo M\u00e9xico, y exigi\u00f3 que la autoridade esclarezca los hechos y castiguen a los autores intelectuales y materiales.<\/span><\/div>\n<div style=\"text-align: justify;\">&nbsp;<\/div>\n<div style=\"text-align: justify;\">&nbsp;<\/div>\n<div style=\"text-align: justify;\">&nbsp;<\/div>\n<div style=\"text-align: justify;\"><span style=\"font-size: 14pt; font-family: arial, helvetica, sans-serif;\">REDACCI\u00d3N\/VISI\u00d3N CIUDADANA.<\/span><\/div>\n","protected":false},"excerpt":{"rendered":"<p>&nbsp; Exigimos unas elecciones libres, democr\u00e1ticas, transparentes y sin violencia, que el presidente L\u00f3pez Obrador saque las manos de la elecci\u00f3n, que se ponga a trabajar en lis asuntos del pa\u00eds, se\u00f1al\u00f3 Sergio Torres, candidato de Movimiento Ciudadano al gobierno del estado. &nbsp; Acompa\u00f1ado de Mart\u00edn Heredia, candidato de MC a presidente municipal de Mazatl\u00e1n, [&hellip;]<\/p>\n","protected":false},"author":1,"featured_media":674,"comment_status":"closed","ping_status":"closed","sticky":false,"template":"","format":"standard","meta":{"footnotes":""},"categories":[24],"tags":[],"ppma_author":[31],"class_list":["post-16927","post","type-post","status-publish","format-standard","has-post-thumbnail","hentry","category-relevantes"],"aioseo_notices":[],"authors":[{"term_id":31,"user_id":1,"is_guest":0,"slug":"ivan3vino","display_name":"Iv\u00e1n Trevi\u00f1o","avatar_url":{"url":"https:\/\/visionciudadana.com.mx\/oficial\/wp-content\/uploads\/2025\/09\/columna-ivan-Trevino.png","url2x":"https:\/\/visionciudadana.com.mx\/oficial\/wp-content\/uploads\/2025\/09\/columna-ivan-Trevino.png"},"0":null,"1":"","2":"","3":"","4":"","5":"","6":"","7":"","8":""}],"_links":{"self":[{"href":"https:\/\/visionciudadana.com.mx\/oficial\/wp-json\/wp\/v2\/posts\/16927","targetHints":{"allow":["GET"]}}],"collection":[{"href":"https:\/\/visionciudadana.com.mx\/oficial\/wp-json\/wp\/v2\/posts"}],"about":[{"href":"https:\/\/visionciudadana.com.mx\/oficial\/wp-json\/wp\/v2\/types\/post"}],"author":[{"embeddable":true,"href":"https:\/\/visionciudadana.com.mx\/oficial\/wp-json\/wp\/v2\/users\/1"}],"replies":[{"embeddable":true,"href":"https:\/\/visionciudadana.com.mx\/oficial\/wp-json\/wp\/v2\/comments?post=16927"}],"version-history":[{"count":1,"href":"https:\/\/visionciudadana.com.mx\/oficial\/wp-json\/wp\/v2\/posts\/16927\/revisions"}],"predecessor-version":[{"id":31012,"href":"https:\/\/visionciudadana.com.mx\/oficial\/wp-json\/wp\/v2\/posts\/16927\/revisions\/31012"}],"wp:featuredmedia":[{"embeddable":true,"href":"https:\/\/visionciudadana.com.mx\/oficial\/wp-json\/wp\/v2\/posts\/674"}],"wp:attachment":[{"href":"https:\/\/visionciudadana.com.mx\/oficial\/wp-json\/wp\/v2\/media?parent=16927"}],"wp:term":[{"taxonomy":"category","embeddable":true,"href":"https:\/\/visionciudadana.com.mx\/oficial\/wp-json\/wp\/v2\/categories?post=16927"},{"taxonomy":"post_tag","embeddable":true,"href":"https:\/\/visionciudadana.com.mx\/oficial\/wp-json\/wp\/v2\/tags?post=16927"},{"taxonomy":"author","embeddable":true,"href":"https:\/\/visionciudadana.com.mx\/oficial\/wp-json\/wp\/v2\/ppma_author?post=16927"}],"curies":[{"name":"wp","href":"https:\/\/api.w.org\/{rel}","templated":true}]}}