{"id":16926,"date":"2021-05-20T01:26:37","date_gmt":"2021-05-20T01:26:37","guid":{"rendered":"https:\/\/visionciudadana.com.mx\/chio\/2021\/05\/20\/zamora-sera-gobernador-segun-las-encuestas-prd\/"},"modified":"2025-06-25T00:12:21","modified_gmt":"2025-06-25T00:12:21","slug":"zamora-sera-gobernador-segun-las-encuestas-prd","status":"publish","type":"post","link":"https:\/\/visionciudadana.com.mx\/oficial\/2021\/05\/20\/zamora-sera-gobernador-segun-las-encuestas-prd\/","title":{"rendered":"Zamora ser\u00e1 gobernador seg\u00fan las encuestas: PRD"},"content":{"rendered":"<div style=\"text-align: justify;\">&nbsp;<img fetchpriority=\"high\" decoding=\"async\" src=\"images\/2021\/mayo21\/prd-manuel.jpg\" alt=\"prd manuel\" width=\"780\" height=\"420\" style=\"display: block; margin: 20px auto;\" \/><\/div>\n<div style=\"text-align: justify;\"><span style=\"font-size: 14pt; font-family: arial, helvetica, sans-serif;\"><\/span><\/div>\n<div style=\"text-align: justify;\">&nbsp;<\/div>\n<div style=\"text-align: justify;\"><span style=\"font-size: 14pt; font-family: arial, helvetica, sans-serif;\">Las tendencias que reflejan las \u00faltimas encuestas nacionales indican que vamos a ganar la elecci\u00f3n en Sinaloa y Mario Zamora es el pr\u00f3ximo gobernador, se\u00f1al\u00f3 Marco Aurelio V\u00e1squez L\u00f3pez, presidente estatal del PRD en la entidad.<\/span><\/div>\n<div style=\"text-align: justify;\">&nbsp;<\/div>\n<div style=\"text-align: justify;\"><span style=\"font-size: 14pt; font-family: arial, helvetica, sans-serif;\"><\/span><\/div>\n<div style=\"text-align: justify;\"><span style=\"font-size: 14pt; font-family: arial, helvetica, sans-serif;\">En conferencia de prensa, el l\u00edder del sol azteca dijo que su partido est\u00e1 trabajando intensamente para llevar a Mario Zamora a la gubernatura, \u201cque est\u00e1 como un corredor keniano, con todas las posibilidades de ganar, porque trae las mejores propuestas, juventud y experiencia\u201d.&nbsp; Al referirse a Rub\u00e9n Rocha, como \u201cun mal candidato que se cuelga de la marca de la 4T y de AMLO\u201d, sentenci\u00f3 que \u201cganaremos sin duda, y en la candidatura com\u00fan con la que estamos compitiendo aceptar\u00e1n su derrota, porque saben que la entidad no puede detenerse en un conflicto poselectoral\u201d.<\/span><\/div>\n<div style=\"text-align: justify;\">&nbsp;<\/div>\n<div style=\"text-align: justify;\"><span style=\"font-size: 14pt; font-family: arial, helvetica, sans-serif;\"><\/span><\/div>\n<div style=\"text-align: justify;\"><span style=\"font-size: 14pt; font-family: arial, helvetica, sans-serif;\">V\u00e1squez L\u00f3pez aprovech\u00f3 para hacer un llamado a los simpatizantes de otras fuerzas pol\u00edticas que no est\u00e1n de acuerdo con la forma de gobernar de L\u00f3pez Obrador, como Movimiento Ciudadano, as\u00ed como a los indecisos, para que sumen fuerzas y voten por el PRD y Mario Zamora, o bien, se\u00f1al\u00f3, pueden votar por nuestro candidato a trav\u00e9s de la opci\u00f3n PAN o PRI, para lograr los suficientes votos y que nadie objete la victoria.<\/span><\/div>\n<div style=\"text-align: justify;\">&nbsp;<\/div>\n<div style=\"text-align: justify;\"><span style=\"font-size: 14pt; font-family: arial, helvetica, sans-serif;\"><\/span><\/div>\n<div style=\"text-align: justify;\"><span style=\"font-size: 14pt; font-family: arial, helvetica, sans-serif;\">Por \u00faltimo, el l\u00edder de los perredistas invit\u00f3 al electorado a salir a votar temprano el pr\u00f3ximo 6 de junio, ya que por las medidas sanitarias se evitar\u00e1n aglomeraciones en las casillas y algunos ciudadanos pueden quedarse sin ejercer su voto si no acuden a temprana hora.<\/span><\/div>\n<div style=\"text-align: justify;\">&nbsp;<\/div>\n<div style=\"text-align: justify;\">&nbsp;<\/div>\n<div style=\"text-align: justify;\">&nbsp;<\/div>\n<div style=\"text-align: justify;\"><span style=\"font-size: 14pt; font-family: arial, helvetica, sans-serif;\">REDACCI\u00d3N\/VISI\u00d3N CIUDADANA.<\/span><\/div>\n","protected":false},"excerpt":{"rendered":"<p>&nbsp; &nbsp; Las tendencias que reflejan las \u00faltimas encuestas nacionales indican que vamos a ganar la elecci\u00f3n en Sinaloa y Mario Zamora es el pr\u00f3ximo gobernador, se\u00f1al\u00f3 Marco Aurelio V\u00e1squez L\u00f3pez, presidente estatal del PRD en la entidad. &nbsp; En conferencia de prensa, el l\u00edder del sol azteca dijo que su partido est\u00e1 trabajando intensamente [&hellip;]<\/p>\n","protected":false},"author":1,"featured_media":672,"comment_status":"closed","ping_status":"closed","sticky":false,"template":"","format":"standard","meta":{"footnotes":""},"categories":[24],"tags":[],"ppma_author":[31],"class_list":["post-16926","post","type-post","status-publish","format-standard","has-post-thumbnail","hentry","category-relevantes"],"aioseo_notices":[],"authors":[{"term_id":31,"user_id":1,"is_guest":0,"slug":"ivan3vino","display_name":"Iv\u00e1n Trevi\u00f1o","avatar_url":{"url":"https:\/\/visionciudadana.com.mx\/oficial\/wp-content\/uploads\/2025\/09\/columna-ivan-Trevino.png","url2x":"https:\/\/visionciudadana.com.mx\/oficial\/wp-content\/uploads\/2025\/09\/columna-ivan-Trevino.png"},"0":null,"1":"","2":"","3":"","4":"","5":"","6":"","7":"","8":""}],"_links":{"self":[{"href":"https:\/\/visionciudadana.com.mx\/oficial\/wp-json\/wp\/v2\/posts\/16926","targetHints":{"allow":["GET"]}}],"collection":[{"href":"https:\/\/visionciudadana.com.mx\/oficial\/wp-json\/wp\/v2\/posts"}],"about":[{"href":"https:\/\/visionciudadana.com.mx\/oficial\/wp-json\/wp\/v2\/types\/post"}],"author":[{"embeddable":true,"href":"https:\/\/visionciudadana.com.mx\/oficial\/wp-json\/wp\/v2\/users\/1"}],"replies":[{"embeddable":true,"href":"https:\/\/visionciudadana.com.mx\/oficial\/wp-json\/wp\/v2\/comments?post=16926"}],"version-history":[{"count":1,"href":"https:\/\/visionciudadana.com.mx\/oficial\/wp-json\/wp\/v2\/posts\/16926\/revisions"}],"predecessor-version":[{"id":31013,"href":"https:\/\/visionciudadana.com.mx\/oficial\/wp-json\/wp\/v2\/posts\/16926\/revisions\/31013"}],"wp:featuredmedia":[{"embeddable":true,"href":"https:\/\/visionciudadana.com.mx\/oficial\/wp-json\/wp\/v2\/media\/672"}],"wp:attachment":[{"href":"https:\/\/visionciudadana.com.mx\/oficial\/wp-json\/wp\/v2\/media?parent=16926"}],"wp:term":[{"taxonomy":"category","embeddable":true,"href":"https:\/\/visionciudadana.com.mx\/oficial\/wp-json\/wp\/v2\/categories?post=16926"},{"taxonomy":"post_tag","embeddable":true,"href":"https:\/\/visionciudadana.com.mx\/oficial\/wp-json\/wp\/v2\/tags?post=16926"},{"taxonomy":"author","embeddable":true,"href":"https:\/\/visionciudadana.com.mx\/oficial\/wp-json\/wp\/v2\/ppma_author?post=16926"}],"curies":[{"name":"wp","href":"https:\/\/api.w.org\/{rel}","templated":true}]}}