{"id":16925,"date":"2021-05-20T01:17:26","date_gmt":"2021-05-20T01:17:26","guid":{"rendered":"https:\/\/visionciudadana.com.mx\/chio\/2021\/05\/20\/pas-morena-inicia-los-cierres-de-campanas\/"},"modified":"2025-06-25T00:12:21","modified_gmt":"2025-06-25T00:12:21","slug":"pas-morena-inicia-los-cierres-de-campanas","status":"publish","type":"post","link":"https:\/\/visionciudadana.com.mx\/oficial\/2021\/05\/20\/pas-morena-inicia-los-cierres-de-campanas\/","title":{"rendered":"PAS-MORENA inicia los cierres de campa\u00f1as"},"content":{"rendered":"<p><img fetchpriority=\"high\" decoding=\"async\" src=\"images\/2021\/mayo21\/pas_morena.PNG\" alt=\"pas morena\" width=\"780\" height=\"420\" style=\"display: block; margin: 20px auto;\" \/><\/p>\n<div>&nbsp;<\/div>\n<div>&nbsp;<\/div>\n<div style=\"text-align: justify;\"><span style=\"font-size: 14pt; font-family: arial, helvetica, sans-serif;\">\u201cTodo un \u00e9xito ha sido la campa\u00f1a del candidato a la gubernatura de Sinaloa por el PAS-Morena Rub\u00e9n Rocha Moya, y en estos d\u00edas iniciaremos con los cierres de campa\u00f1a, hoy le tocar\u00e1 al municipio de Choix y seguiremos con los cierres distritales en las principales ciudades del estado\u201d, afirm\u00f3 H\u00e9ctor Melesio Cu\u00e9n Ojeda, presidente del Partido Sinaloense.<\/span><\/div>\n<div style=\"text-align: justify;\">&nbsp;<\/div>\n<div style=\"text-align: justify;\"><span style=\"font-size: 14pt; font-family: arial, helvetica, sans-serif;\"><\/span><\/div>\n<div style=\"text-align: justify;\"><span style=\"font-size: 14pt; font-family: arial, helvetica, sans-serif;\">Llevamos 3 vueltas a la entidad, en las encuestas que hemos realizado nos arrojan que vamos 30 puntos arriba, imposible que nos alcancen, en los distritos que encabezamos como PAS llevamos mucha ventaja; con Mart\u00edn Vega en el Distrito 1, candidatura ind\u00edgena; con Elizabeth Ch\u00eda, en el distrito 4; distrito 7 con Virgen Montes; Ver\u00f3nica Avilez en el distrito 10, en Culiac\u00e1n en el distrito 17 con Gene Boj\u00f3rquez y en el distrito 19, llevamos mucha ventaja porque la alianza est\u00e1 muy fortalecida, las estructuras est\u00e1n trabajando en armon\u00eda y hay confianza que saldremos ganadores este 6 de junio.<\/span><\/div>\n<div style=\"text-align: justify;\">&nbsp;<\/div>\n<div style=\"text-align: justify;\"><span style=\"font-size: 14pt; font-family: arial, helvetica, sans-serif;\"><\/span><\/div>\n<div style=\"text-align: justify;\"><span style=\"font-size: 14pt; font-family: arial, helvetica, sans-serif;\">Nosotros demandamos al gobierno del estado por la compra de tarjetas, invirtieron m\u00e1s de 800 millones de pesos en lugar darle el apoyo a la gente que menos tiene o dedicarlos a los programas sociales como el sustento a los pescadores, ellos van a las sindicaturas y comunidades y los citan para entregar las tarjetas delante de los candidatos del PRIAN, dijo Cu\u00e9n Ojeda.<\/span><\/div>\n<div style=\"text-align: justify;\">&nbsp;<\/div>\n<div style=\"text-align: justify;\"><span style=\"font-size: 14pt; font-family: arial, helvetica, sans-serif;\"><\/span><\/div>\n<div style=\"text-align: justify;\"><span style=\"font-size: 14pt; font-family: arial, helvetica, sans-serif;\">La gente quiere a un gobernador serio, nosotros tenemos encuestas, la \u00faltima fue el 8 de mayo, se aplicaron 7,888 instrumentos y es s\u00f3lo para consumo interno, donde sale ya con 31 puntos arriba, es imposible que nos ganen; a los tramposos de enfrente ya los denunciamos y han renunciado tres funcionarios por estos hechos, indic\u00f3 Cu\u00e9n Ojeda.<\/span><\/div>\n<div style=\"text-align: justify;\">&nbsp;<\/div>\n<div style=\"text-align: justify;\"><span style=\"font-size: 14pt; font-family: arial, helvetica, sans-serif;\"><\/span><\/div>\n<div style=\"text-align: justify;\"><span style=\"font-size: 14pt; font-family: arial, helvetica, sans-serif;\">En Mazatl\u00e1n, Concordia, Cosal\u00e1, Escuinapa, se ganar\u00e1n con mucho margen, en estos municipios son candidatos del PAS, pero en los 14 restantes llevamos mucha ventaja los candidatos del PAS-Morena, nuestros candidatos han sido una revelaci\u00f3n.<\/span><\/div>\n<div style=\"text-align: justify;\">&nbsp;<\/div>\n<div style=\"text-align: justify;\"><span style=\"font-size: 14pt; font-family: arial, helvetica, sans-serif;\"><\/span><\/div>\n<div style=\"text-align: justify;\"><span style=\"font-size: 14pt; font-family: arial, helvetica, sans-serif;\">\u201cMe tiene impresionado la energ\u00eda que tiene nuestro candidato a la gubernatura de Sinaloa por el PAS-Morena Rub\u00e9n Rocha Moya, est\u00e1 fuerte y con muy buen \u00e1nimo, nosotros en el Partido Sinaloense estamos preparando ya el relevo generacional, hoy tenemos muchos j\u00f3venes preparados y listos para tomar las riendas de nuestro instituto pol\u00edtico, enfatiz\u00f3 H\u00e9ctor Melesio Cu\u00e9n Ojeda, presidente del Partido Sinaloense.<\/span><\/div>\n<div style=\"text-align: justify;\">&nbsp;<\/div>\n<div style=\"text-align: justify;\">&nbsp;<\/div>\n<div style=\"text-align: justify;\"><span style=\"font-size: 14pt; font-family: arial, helvetica, sans-serif;\">REDACCI\u00d3N\/VISI\u00d3N CIUDADANA.<\/span><\/div>\n","protected":false},"excerpt":{"rendered":"<p>&nbsp; &nbsp; \u201cTodo un \u00e9xito ha sido la campa\u00f1a del candidato a la gubernatura de Sinaloa por el PAS-Morena Rub\u00e9n Rocha Moya, y en estos d\u00edas iniciaremos con los cierres de campa\u00f1a, hoy le tocar\u00e1 al municipio de Choix y seguiremos con los cierres distritales en las principales ciudades del estado\u201d, afirm\u00f3 H\u00e9ctor Melesio Cu\u00e9n [&hellip;]<\/p>\n","protected":false},"author":1,"featured_media":670,"comment_status":"closed","ping_status":"closed","sticky":false,"template":"","format":"standard","meta":{"footnotes":""},"categories":[24],"tags":[],"ppma_author":[31],"class_list":["post-16925","post","type-post","status-publish","format-standard","has-post-thumbnail","hentry","category-relevantes"],"aioseo_notices":[],"authors":[{"term_id":31,"user_id":1,"is_guest":0,"slug":"ivan3vino","display_name":"Iv\u00e1n Trevi\u00f1o","avatar_url":{"url":"https:\/\/visionciudadana.com.mx\/oficial\/wp-content\/uploads\/2025\/09\/columna-ivan-Trevino.png","url2x":"https:\/\/visionciudadana.com.mx\/oficial\/wp-content\/uploads\/2025\/09\/columna-ivan-Trevino.png"},"0":null,"1":"","2":"","3":"","4":"","5":"","6":"","7":"","8":""}],"_links":{"self":[{"href":"https:\/\/visionciudadana.com.mx\/oficial\/wp-json\/wp\/v2\/posts\/16925","targetHints":{"allow":["GET"]}}],"collection":[{"href":"https:\/\/visionciudadana.com.mx\/oficial\/wp-json\/wp\/v2\/posts"}],"about":[{"href":"https:\/\/visionciudadana.com.mx\/oficial\/wp-json\/wp\/v2\/types\/post"}],"author":[{"embeddable":true,"href":"https:\/\/visionciudadana.com.mx\/oficial\/wp-json\/wp\/v2\/users\/1"}],"replies":[{"embeddable":true,"href":"https:\/\/visionciudadana.com.mx\/oficial\/wp-json\/wp\/v2\/comments?post=16925"}],"version-history":[{"count":1,"href":"https:\/\/visionciudadana.com.mx\/oficial\/wp-json\/wp\/v2\/posts\/16925\/revisions"}],"predecessor-version":[{"id":31014,"href":"https:\/\/visionciudadana.com.mx\/oficial\/wp-json\/wp\/v2\/posts\/16925\/revisions\/31014"}],"wp:featuredmedia":[{"embeddable":true,"href":"https:\/\/visionciudadana.com.mx\/oficial\/wp-json\/wp\/v2\/media\/670"}],"wp:attachment":[{"href":"https:\/\/visionciudadana.com.mx\/oficial\/wp-json\/wp\/v2\/media?parent=16925"}],"wp:term":[{"taxonomy":"category","embeddable":true,"href":"https:\/\/visionciudadana.com.mx\/oficial\/wp-json\/wp\/v2\/categories?post=16925"},{"taxonomy":"post_tag","embeddable":true,"href":"https:\/\/visionciudadana.com.mx\/oficial\/wp-json\/wp\/v2\/tags?post=16925"},{"taxonomy":"author","embeddable":true,"href":"https:\/\/visionciudadana.com.mx\/oficial\/wp-json\/wp\/v2\/ppma_author?post=16925"}],"curies":[{"name":"wp","href":"https:\/\/api.w.org\/{rel}","templated":true}]}}