{"id":16924,"date":"2021-05-20T01:10:26","date_gmt":"2021-05-20T01:10:26","guid":{"rendered":"https:\/\/visionciudadana.com.mx\/chio\/2021\/05\/20\/las-mujeres-de-ahome-haran-historia-y-llevaran-al-triunfo-a-rocha\/"},"modified":"2025-06-25T00:12:21","modified_gmt":"2025-06-25T00:12:21","slug":"las-mujeres-de-ahome-haran-historia-y-llevaran-al-triunfo-a-rocha","status":"publish","type":"post","link":"https:\/\/visionciudadana.com.mx\/oficial\/2021\/05\/20\/las-mujeres-de-ahome-haran-historia-y-llevaran-al-triunfo-a-rocha\/","title":{"rendered":"Las mujeres de Ahome har\u00e1n historia y llevar\u00e1n al triunfo a Rocha"},"content":{"rendered":"<p><img fetchpriority=\"high\" decoding=\"async\" src=\"images\/2021\/mayo21\/mujeres_ahome.PNG\" alt=\"mujeres ahome\" width=\"705\" height=\"438\" style=\"display: block; margin: 20px auto;\" \/><\/p>\n<div>&nbsp;<\/div>\n<div>&nbsp;<\/div>\n<div style=\"text-align: justify;\"><span style=\"font-size: 14pt; font-family: arial, helvetica, sans-serif;\">M\u00e1s de mil mujeres ahomenses recibieron hoy por la ma\u00f1ana a la Dra. Eneyda Rocha Ruiz, hija del candidato a gobernador a Sinaloa por los partidos Morena \u2013 PAS; Dr. Rub\u00e9n Rocha Moya,&nbsp;<\/span><\/div>\n<div style=\"text-align: justify;\">&nbsp;<\/div>\n<div style=\"text-align: justify;\"><span style=\"font-size: 14pt; font-family: arial, helvetica, sans-serif;\"><\/span><\/div>\n<div style=\"text-align: justify;\"><span style=\"font-size: 14pt; font-family: arial, helvetica, sans-serif;\">La bienvenida estuvo a cargo de la candidata por el distrito 5, la diputada con licencia, Cecilia Covarrubias y de la Sra. M\u00f3nica de Landeros, esposa de Gerardo Vargas Landeros, candidato a la presidencia municipal de Ahome.<\/span><\/div>\n<div style=\"text-align: justify;\">&nbsp;<\/div>\n<div style=\"text-align: justify;\"><span style=\"font-size: 14pt; font-family: arial, helvetica, sans-serif;\"><\/span><\/div>\n<div style=\"text-align: justify;\"><span style=\"font-size: 14pt; font-family: arial, helvetica, sans-serif;\">Al tomar la palabra, Cecilia Covarrubias le extern\u00f3 que \u201clas mujeres de Ahome, tenemos esperanza, confiamos en el Dr. Rocha Moya, nosotras lo llevaremos al triunfo porque sabemos que tenemos la fuerza, somos guerreras y vamos a salir a votar este 6 de junio y nosotras haremos la diferencia, lo haremos por nuestras familias, porque sabemos que es lo mejor para Sinaloa.\u201d<\/span><\/div>\n<div style=\"text-align: justify;\">&nbsp;<\/div>\n<div style=\"text-align: justify;\"><span style=\"font-size: 14pt; font-family: arial, helvetica, sans-serif;\"><\/span><\/div>\n<div style=\"text-align: justify;\"><span style=\"font-size: 14pt; font-family: arial, helvetica, sans-serif;\">En su mensaje Eneyda Rocha les extern\u00f3 que est\u00e1 recorriendo Sinaloa, haciendo campa\u00f1a sin candidato: \u201csoy un puente de comunicaci\u00f3n entre ustedes y mi pap\u00e1, al d\u00eda de hoy, hemos realizado m\u00e1s de 125 encuentros con mujeres, hombres, jefas de familia y grupos vulnerables de los 18 municipios; esta es la tercera vez que estoy en Ahome, me he encontrado con mujeres guerreras, luchadoras sociales, quieren un gobernante que les garantice bienestar para su familia, mejores servicios p\u00fablicos de calidad\u201d.<\/span><\/div>\n<div style=\"text-align: justify;\">&nbsp;<\/div>\n<div style=\"text-align: justify;\"><span style=\"font-size: 14pt; font-family: arial, helvetica, sans-serif;\"><\/span><\/div>\n<div style=\"text-align: justify;\"><span style=\"font-size: 14pt; font-family: arial, helvetica, sans-serif;\">En ese sentido, Eneyda Rocha les comparti\u00f3 que el compromiso de Rub\u00e9n Rocha Moya es construir un gobierno del pueblo para el pueblo, su compromiso principal es con las ni\u00f1as, ni\u00f1os y j\u00f3venes, trabajar\u00e1 para que tengan acceso a una educaci\u00f3n de calidad y escuelas dignas; \u201cRocha sabe que a las mujeres lo que m\u00e1s les preocupa, es la educaci\u00f3n de sus hijos, el bienestar de sus familias y vivir en una mejor comunidad\u201d.&nbsp;<\/span><\/div>\n<div style=\"text-align: justify;\"><span style=\"font-size: 14pt; font-family: arial, helvetica, sans-serif;\"><\/span><\/div>\n<div style=\"text-align: justify;\">&nbsp;<\/div>\n<div style=\"text-align: justify;\"><span style=\"font-size: 14pt; font-family: arial, helvetica, sans-serif;\">Rocha impulsar\u00e1 un programa de infraestructura con sentido social para que las comunidades resuelvan sus problemas de anta\u00f1o como el servicio de agua potable, drenaje, calles pavimentadas, servicio de recolecci\u00f3n de basura eficiente e impulsar\u00e1 un programa de becas para estudiantes.&nbsp;<\/span><\/div>\n<div style=\"text-align: justify;\">&nbsp;<\/div>\n<div style=\"text-align: justify;\"><span style=\"font-size: 14pt; font-family: arial, helvetica, sans-serif;\"><\/span><\/div>\n<div style=\"text-align: justify;\"><span style=\"font-size: 14pt; font-family: arial, helvetica, sans-serif;\">Ha reiterado adem\u00e1s en sus giras por todo el estado, el compromiso de ampliar los programas sociales para personas con discapacidad\u201d.<\/span><\/div>\n<div style=\"text-align: justify;\">&nbsp;<\/div>\n<div style=\"text-align: justify;\"><span style=\"font-size: 14pt; font-family: arial, helvetica, sans-serif;\"><\/span><\/div>\n<div style=\"text-align: justify;\"><span style=\"font-size: 14pt; font-family: arial, helvetica, sans-serif;\">Finalmente, invit\u00f3 a las mujeres ahomenses a no bajar la guardia y seguir promoviendo el voto y salir a votar el 6 de junio para concretar la transformaci\u00f3n de Sinaloa.<\/span><\/div>\n<div style=\"text-align: justify;\">&nbsp;<\/div>\n<div style=\"text-align: justify;\">&nbsp;<\/div>\n<div style=\"text-align: justify;\"><span style=\"font-size: 14pt; font-family: arial, helvetica, sans-serif;\">REDACCI\u00d3N\/VISI\u00d3N CIUDADANA.<\/span><\/div>\n","protected":false},"excerpt":{"rendered":"<p>&nbsp; &nbsp; M\u00e1s de mil mujeres ahomenses recibieron hoy por la ma\u00f1ana a la Dra. Eneyda Rocha Ruiz, hija del candidato a gobernador a Sinaloa por los partidos Morena \u2013 PAS; Dr. Rub\u00e9n Rocha Moya,&nbsp; &nbsp; La bienvenida estuvo a cargo de la candidata por el distrito 5, la diputada con licencia, Cecilia Covarrubias y [&hellip;]<\/p>\n","protected":false},"author":1,"featured_media":668,"comment_status":"closed","ping_status":"closed","sticky":false,"template":"","format":"standard","meta":{"footnotes":""},"categories":[24],"tags":[],"ppma_author":[31],"class_list":["post-16924","post","type-post","status-publish","format-standard","has-post-thumbnail","hentry","category-relevantes"],"aioseo_notices":[],"authors":[{"term_id":31,"user_id":1,"is_guest":0,"slug":"ivan3vino","display_name":"Iv\u00e1n Trevi\u00f1o","avatar_url":{"url":"https:\/\/visionciudadana.com.mx\/oficial\/wp-content\/uploads\/2025\/09\/columna-ivan-Trevino.png","url2x":"https:\/\/visionciudadana.com.mx\/oficial\/wp-content\/uploads\/2025\/09\/columna-ivan-Trevino.png"},"0":null,"1":"","2":"","3":"","4":"","5":"","6":"","7":"","8":""}],"_links":{"self":[{"href":"https:\/\/visionciudadana.com.mx\/oficial\/wp-json\/wp\/v2\/posts\/16924","targetHints":{"allow":["GET"]}}],"collection":[{"href":"https:\/\/visionciudadana.com.mx\/oficial\/wp-json\/wp\/v2\/posts"}],"about":[{"href":"https:\/\/visionciudadana.com.mx\/oficial\/wp-json\/wp\/v2\/types\/post"}],"author":[{"embeddable":true,"href":"https:\/\/visionciudadana.com.mx\/oficial\/wp-json\/wp\/v2\/users\/1"}],"replies":[{"embeddable":true,"href":"https:\/\/visionciudadana.com.mx\/oficial\/wp-json\/wp\/v2\/comments?post=16924"}],"version-history":[{"count":1,"href":"https:\/\/visionciudadana.com.mx\/oficial\/wp-json\/wp\/v2\/posts\/16924\/revisions"}],"predecessor-version":[{"id":31015,"href":"https:\/\/visionciudadana.com.mx\/oficial\/wp-json\/wp\/v2\/posts\/16924\/revisions\/31015"}],"wp:featuredmedia":[{"embeddable":true,"href":"https:\/\/visionciudadana.com.mx\/oficial\/wp-json\/wp\/v2\/media\/668"}],"wp:attachment":[{"href":"https:\/\/visionciudadana.com.mx\/oficial\/wp-json\/wp\/v2\/media?parent=16924"}],"wp:term":[{"taxonomy":"category","embeddable":true,"href":"https:\/\/visionciudadana.com.mx\/oficial\/wp-json\/wp\/v2\/categories?post=16924"},{"taxonomy":"post_tag","embeddable":true,"href":"https:\/\/visionciudadana.com.mx\/oficial\/wp-json\/wp\/v2\/tags?post=16924"},{"taxonomy":"author","embeddable":true,"href":"https:\/\/visionciudadana.com.mx\/oficial\/wp-json\/wp\/v2\/ppma_author?post=16924"}],"curies":[{"name":"wp","href":"https:\/\/api.w.org\/{rel}","templated":true}]}}