{"id":16922,"date":"2021-05-20T00:55:00","date_gmt":"2021-05-20T00:55:00","guid":{"rendered":"https:\/\/visionciudadana.com.mx\/chio\/2021\/05\/20\/inaugura-rector-edificio-que-albergara-a-la-facultad-de-educacion-fisica-y-deporte-extension-los-mochis\/"},"modified":"2025-06-25T00:12:21","modified_gmt":"2025-06-25T00:12:21","slug":"inaugura-rector-edificio-que-albergara-a-la-facultad-de-educacion-fisica-y-deporte-extension-los-mochis","status":"publish","type":"post","link":"https:\/\/visionciudadana.com.mx\/oficial\/2021\/05\/20\/inaugura-rector-edificio-que-albergara-a-la-facultad-de-educacion-fisica-y-deporte-extension-los-mochis\/","title":{"rendered":"Inaugura Rector edificio que albergar\u00e1 a la Facultad de Educaci\u00f3n F\u00edsica y Deporte Extensi\u00f3n Los Mochis"},"content":{"rendered":"<p>&nbsp;<\/p>\n<p><img fetchpriority=\"high\" decoding=\"async\" src=\"images\/2021\/mayo21\/inauguran-mochis.jpg\" alt=\"inauguran mochis\" width=\"780\" height=\"420\" style=\"display: block; margin-left: auto; margin-right: auto;\" \/><\/p>\n<p class=\"x_MsoNormal\" style=\"text-align: justify;\"><span style=\"font-size: 14pt; font-family: arial, helvetica, sans-serif;\">En la Unidad Regional Norte (URN) el Rector de la Universidad Aut\u00f3noma de Sinaloa (UAS), doctor Juan Eulogio Guerra Liera inaugur\u00f3 el edificio que albergar\u00e1 a la Facultad de Educaci\u00f3n F\u00edsica y Deporte (FEFyDE) Extensi\u00f3n Los Mochis, construido con recursos del Fondo de Aportaciones M\u00faltiples (FAM) y que se ubica en espacios de Ciudad Universitaria Mochis.<\/span><\/p>\n<p style=\"text-align: justify;\">&nbsp;<\/p>\n<p class=\"x_MsoNormal\" style=\"text-align: justify;\"><span style=\"font-size: 14pt; font-family: arial, helvetica, sans-serif;\">\u201cHoy estamos entregando una construcci\u00f3n de tres aulas, en las que se han invertido 4 millones 800 mil pesos, que proviene de lo que se conoce como FAM, Fondo de Aportaciones M\u00faltiples (\u2026) son fondos por los que peleamos y a\u00f1o con a\u00f1o estos han venido a menos, ha aumentado la matr\u00edcula, tenemos m\u00e1s de 170 mil universitarios, hay mayor cantidad de alumnos, hay m\u00e1s exigencia y menos posibilidad de obtener fondos para tener m\u00e1s computadoras, m\u00e1s laboratorios, mejores instalaciones\u201d, expres\u00f3 el Rector.<\/span><\/p>\n<p style=\"text-align: justify;\">&nbsp;<\/p>\n<p class=\"x_MsoNormal\" style=\"text-align: justify;\"><span style=\"font-size: 14pt; font-family: arial, helvetica, sans-serif;\">Acompa\u00f1ado del Vicerrector de la URN, doctor Toribio Ord\u00f3\u00f1ez Lagarde, el dirigente universitario enfatiz\u00f3 que se ha estado gestionando fuertemente y como resultado hoy se hace entrega de esta obra a la FEFyDE para que sus alumnos puedan desarrollar mejor sus actividades.<\/span><\/p>\n<p style=\"text-align: justify;\">&nbsp;<\/p>\n<p class=\"x_MsoNormal\" style=\"text-align: justify;\"><span style=\"font-size: 14pt; font-family: arial, helvetica, sans-serif;\">\u201cHoy les toca a los j\u00f3venes estudiantes a la FEFyDE recibir una infraestructura que con mucho sacrificio se gestion\u00f3, se edific\u00f3 y que hoy tendr\u00e1n a disposici\u00f3n de todos ustedes, s\u00e9 que van hacer uso adecuado (de ella) y los llam\u00f3 a que sigan estudiando fuertemente, que sigan prepar\u00e1ndose porque el mundo antes de la pandemia era uno y posterior a la pandemia la situaci\u00f3n ser\u00e1 mucho m\u00e1s dif\u00edcil\u201d, dijo.<\/span><\/p>\n<p style=\"text-align: justify;\">&nbsp;<\/p>\n<p class=\"x_MsoNormal\" style=\"text-align: justify;\"><span style=\"font-size: 14pt; font-family: arial, helvetica, sans-serif;\">El Rector comparti\u00f3 que antes la infraestructura y el equipamiento en las escuelas eran solo una caja de gises y un pizarr\u00f3n que cada a\u00f1o se pintaba de verde, pero actualmente los j\u00f3venes demandan mejores espacios, acceso a las Tecnolog\u00edas de la Informaci\u00f3n y Comunicaci\u00f3n y a realizar estancias acad\u00e9micas en otros pa\u00edses.<\/span><\/p>\n<p style=\"text-align: justify;\">&nbsp;<\/p>\n<p class=\"x_MsoNormal\" style=\"text-align: justify;\">&nbsp;<\/p>\n<p style=\"text-align: justify;\"><span style=\"font-size: 14pt; font-family: arial, helvetica, sans-serif;\">REDACCI\u00d3N\/VISI\u00d3N CIUDADANA.<\/span><\/p>\n","protected":false},"excerpt":{"rendered":"<p>&nbsp; En la Unidad Regional Norte (URN) el Rector de la Universidad Aut\u00f3noma de Sinaloa (UAS), doctor Juan Eulogio Guerra Liera inaugur\u00f3 el edificio que albergar\u00e1 a la Facultad de Educaci\u00f3n F\u00edsica y Deporte (FEFyDE) Extensi\u00f3n Los Mochis, construido con recursos del Fondo de Aportaciones M\u00faltiples (FAM) y que se ubica en espacios de Ciudad [&hellip;]<\/p>\n","protected":false},"author":1,"featured_media":664,"comment_status":"closed","ping_status":"closed","sticky":false,"template":"","format":"standard","meta":{"footnotes":""},"categories":[13],"tags":[],"ppma_author":[31],"class_list":["post-16922","post","type-post","status-publish","format-standard","has-post-thumbnail","hentry","category-locales"],"aioseo_notices":[],"authors":[{"term_id":31,"user_id":1,"is_guest":0,"slug":"ivan3vino","display_name":"Iv\u00e1n Trevi\u00f1o","avatar_url":{"url":"https:\/\/visionciudadana.com.mx\/oficial\/wp-content\/uploads\/2025\/09\/columna-ivan-Trevino.png","url2x":"https:\/\/visionciudadana.com.mx\/oficial\/wp-content\/uploads\/2025\/09\/columna-ivan-Trevino.png"},"0":null,"1":"","2":"","3":"","4":"","5":"","6":"","7":"","8":""}],"_links":{"self":[{"href":"https:\/\/visionciudadana.com.mx\/oficial\/wp-json\/wp\/v2\/posts\/16922","targetHints":{"allow":["GET"]}}],"collection":[{"href":"https:\/\/visionciudadana.com.mx\/oficial\/wp-json\/wp\/v2\/posts"}],"about":[{"href":"https:\/\/visionciudadana.com.mx\/oficial\/wp-json\/wp\/v2\/types\/post"}],"author":[{"embeddable":true,"href":"https:\/\/visionciudadana.com.mx\/oficial\/wp-json\/wp\/v2\/users\/1"}],"replies":[{"embeddable":true,"href":"https:\/\/visionciudadana.com.mx\/oficial\/wp-json\/wp\/v2\/comments?post=16922"}],"version-history":[{"count":1,"href":"https:\/\/visionciudadana.com.mx\/oficial\/wp-json\/wp\/v2\/posts\/16922\/revisions"}],"predecessor-version":[{"id":31017,"href":"https:\/\/visionciudadana.com.mx\/oficial\/wp-json\/wp\/v2\/posts\/16922\/revisions\/31017"}],"wp:featuredmedia":[{"embeddable":true,"href":"https:\/\/visionciudadana.com.mx\/oficial\/wp-json\/wp\/v2\/media\/664"}],"wp:attachment":[{"href":"https:\/\/visionciudadana.com.mx\/oficial\/wp-json\/wp\/v2\/media?parent=16922"}],"wp:term":[{"taxonomy":"category","embeddable":true,"href":"https:\/\/visionciudadana.com.mx\/oficial\/wp-json\/wp\/v2\/categories?post=16922"},{"taxonomy":"post_tag","embeddable":true,"href":"https:\/\/visionciudadana.com.mx\/oficial\/wp-json\/wp\/v2\/tags?post=16922"},{"taxonomy":"author","embeddable":true,"href":"https:\/\/visionciudadana.com.mx\/oficial\/wp-json\/wp\/v2\/ppma_author?post=16922"}],"curies":[{"name":"wp","href":"https:\/\/api.w.org\/{rel}","templated":true}]}}