{"id":16921,"date":"2021-05-20T00:45:22","date_gmt":"2021-05-20T00:45:22","guid":{"rendered":"https:\/\/visionciudadana.com.mx\/chio\/2021\/05\/20\/no-podemos-darle-la-oportunidad-a-traidores-como-son-en-morena-pescadores\/"},"modified":"2025-06-25T00:12:22","modified_gmt":"2025-06-25T00:12:22","slug":"no-podemos-darle-la-oportunidad-a-traidores-como-son-en-morena-pescadores","status":"publish","type":"post","link":"https:\/\/visionciudadana.com.mx\/oficial\/2021\/05\/20\/no-podemos-darle-la-oportunidad-a-traidores-como-son-en-morena-pescadores\/","title":{"rendered":"No podemos darle la oportunidad a traidores como son en Morena: Pescadores"},"content":{"rendered":"<p>&nbsp;<\/p>\n<p><img fetchpriority=\"high\" decoding=\"async\" src=\"images\/2021\/mayo21\/no_podemos.jpg\" alt=\"no podemos\" width=\"780\" height=\"420\" style=\"display: block; margin: 20px auto;\" \/><\/p>\n<p class=\"x_gmail-x_gmail-MsoNoSpacing\" style=\"text-align: justify;\"><span style=\"font-size: 14pt; font-family: arial, helvetica, sans-serif;\">A Morena ya no se le puede dar otra oportunidad porque traicionaron a los sectores m\u00e1s desprotegidos como los pescadores, fue el llamado que hicieron l\u00edderes de cooperativas pesqueras desde El Huitussi, en Guasave, al tiempo que invitaron al voto en favor del pr\u00f3ximo gobernador de Sinaloa, Mario Zamora Gast\u00e9lum.<\/span><\/p>\n<p style=\"text-align: justify;\">&nbsp;<\/p>\n<p class=\"x_gmail-x_gmail-MsoNoSpacing\" style=\"text-align: justify;\"><span style=\"font-size: 14pt; font-family: arial, helvetica, sans-serif;\">\u00c1lvaro Heladio Franco, presidente de la Federaci\u00f3n de Cooperativas de El Cerro Cabez\u00f3n, indic\u00f3 que urge un plan estrat\u00e9gico para generar condiciones con el objetivo de que el mar produzca y ese proyecto solo ver\u00e1 luz con Mario Zamora al frente.<\/span><\/p>\n<p style=\"text-align: justify;\">&nbsp;<\/p>\n<p class=\"x_gmail-x_gmail-MsoNoSpacing\" style=\"text-align: justify;\"><span style=\"font-size: 14pt; font-family: arial, helvetica, sans-serif;\">A\u00f1adi\u00f3 que las autoridades del gobierno federal traicionaron a las familias de los pescadores. \u201cYo era de las personas que pensaba que no nos pod\u00eda ir peor. Pero estamos mucho, mucho peor\u201d.<\/span><\/p>\n<p style=\"text-align: justify;\">&nbsp;<\/p>\n<p class=\"x_gmail-x_gmail-MsoNoSpacing\" style=\"text-align: justify;\"><span style=\"font-size: 14pt; font-family: arial, helvetica, sans-serif;\">\u201cA la gente que vive del mar le duele lo que est\u00e1 pasando, y si le duele en realidad vamos votando por la alianza ganadora. Ellos (Morena) son muy buenos para hablar de traici\u00f3n y resulta que ellos est\u00e1n traicionando al sector social de la pesca\u201d, exclam\u00f3.<\/span><\/p>\n<p style=\"text-align: justify;\">&nbsp;<\/p>\n<p class=\"x_gmail-x_gmail-MsoNoSpacing\" style=\"text-align: justify;\"><span style=\"font-size: 14pt; font-family: arial, helvetica, sans-serif;\">Ra\u00fal Leal F\u00e9lix, presidente de la Federaci\u00f3n de Cooperativas Pesqueras de Guasave, llam\u00f3 a los pescadores a salir a votar por Zamora Gast\u00e9lum este domingo 6 de junio.<\/span><\/p>\n<p style=\"text-align: justify;\">&nbsp;<\/p>\n<p class=\"x_gmail-x_gmail-MsoNoSpacing\" style=\"text-align: justify;\"><span style=\"font-size: 14pt; font-family: arial, helvetica, sans-serif;\">\u201cSi el presidente volteara a ver lo que es la pesca se arrepentir\u00eda de lo que ha hecho. Nadie har\u00e1 por nosotros nada. Salgamos a votar. Salgamos a ganar\u201d.<\/span><\/p>\n<p style=\"text-align: justify;\">&nbsp;<\/p>\n<p class=\"x_gmail-x_gmail-MsoNoSpacing\" style=\"text-align: justify;\"><span style=\"font-size: 14pt; font-family: arial, helvetica, sans-serif;\">Ante los m\u00e1s de mil pescadores de los campos pesqueros de este municipio, durante el d\u00eda 46 de su campa\u00f1a rumbo a la gubernatura, el abanderado de los partidos del PRI, PRD y PAN, asegur\u00f3 que con el apoyo del sector pesquero, \u201cEstamos bien ganados; vamos a ganar por un mont\u00f3n\u201d.<\/span><\/p>\n<p style=\"text-align: justify;\">&nbsp;<\/p>\n<p class=\"x_gmail-x_gmail-MsoNoSpacing\" style=\"text-align: justify;\"><span style=\"font-size: 14pt; font-family: arial, helvetica, sans-serif;\">El candidato de la alianza Va por Sinaloa indic\u00f3 que hace mes y medio arranc\u00f3 25 puntos atr\u00e1s en las encuestas y a dos semanas de los comicios del 6 de junio ya remont\u00f3 a su principal contrincante.<\/span><\/p>\n<p style=\"text-align: justify;\">&nbsp;<\/p>\n<p class=\"x_gmail-x_gmail-MsoNoSpacing\" style=\"text-align: justify;\"><span style=\"font-size: 14pt; font-family: arial, helvetica, sans-serif;\">\u201cHoy estamos ganados. Es cierto, arrancamos atr\u00e1s\u2026 pero a base de trabajo, de conocernos, de hablarnos, de escuchar las propuestas, de escucharlos a ustedes, remontamos\u201d, celebr\u00f3 el abanderado por los partidos del PRI, PRD y PAN.<\/span><\/p>\n<p style=\"text-align: justify;\">&nbsp;<\/p>\n<p class=\"x_gmail-x_gmail-MsoNoSpacing\" style=\"text-align: justify;\"><span style=\"font-size: 14pt; font-family: arial, helvetica, sans-serif;\">Asever\u00f3 que est\u00e1 al frente de un proyecto que generar\u00e1 acciones y programas para que a las familias de Sinaloa les vaya bien, tengan mejores condiciones de vida y m\u00e1s oportunidades para salir adelante.<\/span><\/p>\n<p style=\"text-align: justify;\">&nbsp;<\/p>\n<p class=\"x_gmail-x_gmail-MsoNoSpacing\" style=\"text-align: justify;\"><span style=\"font-size: 14pt; font-family: arial, helvetica, sans-serif;\">Mario Zamora resalt\u00f3 que los pescadores ser\u00e1n beneficiados con los cr\u00e9ditos que otorgar\u00e1 la Financiera Estatal de Desarrollo, instancia fundamental en su administraci\u00f3n, as\u00ed como apoyos para motores y el combustible marino.<\/span><\/p>\n<p style=\"text-align: justify;\">&nbsp;<\/p>\n<p style=\"text-align: justify;\">&nbsp;<\/p>\n<p style=\"text-align: justify;\"><span style=\"font-size: 14pt; font-family: arial, helvetica, sans-serif;\">REDACCI\u00d3N\/VISI\u00d3N CIUDADANA.<\/span><\/p>\n","protected":false},"excerpt":{"rendered":"<p>&nbsp; A Morena ya no se le puede dar otra oportunidad porque traicionaron a los sectores m\u00e1s desprotegidos como los pescadores, fue el llamado que hicieron l\u00edderes de cooperativas pesqueras desde El Huitussi, en Guasave, al tiempo que invitaron al voto en favor del pr\u00f3ximo gobernador de Sinaloa, Mario Zamora Gast\u00e9lum. &nbsp; \u00c1lvaro Heladio Franco, [&hellip;]<\/p>\n","protected":false},"author":1,"featured_media":662,"comment_status":"closed","ping_status":"closed","sticky":false,"template":"","format":"standard","meta":{"footnotes":""},"categories":[24],"tags":[],"ppma_author":[31],"class_list":["post-16921","post","type-post","status-publish","format-standard","has-post-thumbnail","hentry","category-relevantes"],"aioseo_notices":[],"authors":[{"term_id":31,"user_id":1,"is_guest":0,"slug":"ivan3vino","display_name":"Iv\u00e1n Trevi\u00f1o","avatar_url":{"url":"https:\/\/visionciudadana.com.mx\/oficial\/wp-content\/uploads\/2025\/09\/columna-ivan-Trevino.png","url2x":"https:\/\/visionciudadana.com.mx\/oficial\/wp-content\/uploads\/2025\/09\/columna-ivan-Trevino.png"},"0":null,"1":"","2":"","3":"","4":"","5":"","6":"","7":"","8":""}],"_links":{"self":[{"href":"https:\/\/visionciudadana.com.mx\/oficial\/wp-json\/wp\/v2\/posts\/16921","targetHints":{"allow":["GET"]}}],"collection":[{"href":"https:\/\/visionciudadana.com.mx\/oficial\/wp-json\/wp\/v2\/posts"}],"about":[{"href":"https:\/\/visionciudadana.com.mx\/oficial\/wp-json\/wp\/v2\/types\/post"}],"author":[{"embeddable":true,"href":"https:\/\/visionciudadana.com.mx\/oficial\/wp-json\/wp\/v2\/users\/1"}],"replies":[{"embeddable":true,"href":"https:\/\/visionciudadana.com.mx\/oficial\/wp-json\/wp\/v2\/comments?post=16921"}],"version-history":[{"count":1,"href":"https:\/\/visionciudadana.com.mx\/oficial\/wp-json\/wp\/v2\/posts\/16921\/revisions"}],"predecessor-version":[{"id":31018,"href":"https:\/\/visionciudadana.com.mx\/oficial\/wp-json\/wp\/v2\/posts\/16921\/revisions\/31018"}],"wp:featuredmedia":[{"embeddable":true,"href":"https:\/\/visionciudadana.com.mx\/oficial\/wp-json\/wp\/v2\/posts\/662"}],"wp:attachment":[{"href":"https:\/\/visionciudadana.com.mx\/oficial\/wp-json\/wp\/v2\/media?parent=16921"}],"wp:term":[{"taxonomy":"category","embeddable":true,"href":"https:\/\/visionciudadana.com.mx\/oficial\/wp-json\/wp\/v2\/categories?post=16921"},{"taxonomy":"post_tag","embeddable":true,"href":"https:\/\/visionciudadana.com.mx\/oficial\/wp-json\/wp\/v2\/tags?post=16921"},{"taxonomy":"author","embeddable":true,"href":"https:\/\/visionciudadana.com.mx\/oficial\/wp-json\/wp\/v2\/ppma_author?post=16921"}],"curies":[{"name":"wp","href":"https:\/\/api.w.org\/{rel}","templated":true}]}}