{"id":16920,"date":"2021-05-20T00:39:50","date_gmt":"2021-05-20T00:39:50","guid":{"rendered":"https:\/\/visionciudadana.com.mx\/chio\/2021\/05\/20\/se-siente-el-buen-ambiente-y-vamos-a-ganar-el-6-de-junio-afirma-mario-zamora\/"},"modified":"2025-06-25T00:12:22","modified_gmt":"2025-06-25T00:12:22","slug":"se-siente-el-buen-ambiente-y-vamos-a-ganar-el-6-de-junio-afirma-mario-zamora","status":"publish","type":"post","link":"https:\/\/visionciudadana.com.mx\/oficial\/2021\/05\/20\/se-siente-el-buen-ambiente-y-vamos-a-ganar-el-6-de-junio-afirma-mario-zamora\/","title":{"rendered":"Se siente el buen ambiente y vamos a ganar el 6 de junio, afirma Mario Zamora"},"content":{"rendered":"<p style=\"text-align: justify;\"><b>&nbsp;<\/b><\/p>\n<p><img fetchpriority=\"high\" decoding=\"async\" src=\"images\/2021\/mayo21\/mary_zam.jpg\" alt=\"mary zam\" width=\"780\" height=\"420\" style=\"display: block; margin: 20px auto;\" \/><\/p>\n<p style=\"text-align: justify;\"><span style=\"font-size: 14pt; font-family: arial, helvetica, sans-serif;\">Al avalar los resultados de las encuestas de El Universal, M\u00e9xico Elige y Arias Consultores, Mario Zamora Gast\u00e9lum dijo respetar todas las mediciones que se hacen y afirm\u00f3 que la gente sabe que \u201cVa por Sinaloa\u201d ganar\u00e1 la gubernatura aunque \u201cuno que otro se va a sorprender de lo bien que nos va a ir\u201d el 6 de junio.<\/span><\/p>\n<p>&nbsp;<\/p>\n<p style=\"text-align: justify;\"><span style=\"font-size: 14pt; font-family: arial, helvetica, sans-serif;\">Abordado por los medios de comunicaci\u00f3n en Los Mochis, luego de hacer compromisos con vecinos de Infonavit Mochicahui, Mario Zamora expres\u00f3 que estas \u201cson encuestas que se levantaron hace una semana. Lo he dicho con toda claridad: caballo que alcanza gana, ya alcanzamos, ya rebasamos y estamos muy contentos\u201d.<\/span><\/p>\n<p style=\"text-align: justify;\">&nbsp;<\/p>\n<p style=\"text-align: justify;\"><span style=\"font-size: 14pt; font-family: arial, helvetica, sans-serif;\">\u201cSe siente el buen ambiente en la calle. Ya vamos a arriba, vamos bien y cada vez vamos a ganar con m\u00e1s diferencia. Lo van a ver el 6 de junio\u201d, indic\u00f3 el pr\u00f3ximo gobernador de Sinaloa.<\/span><\/p>\n<p style=\"text-align: justify;\">&nbsp;<\/p>\n<p style=\"text-align: justify;\"><span style=\"font-size: 14pt; font-family: arial, helvetica, sans-serif;\">Las tres encuestas marcan un empate t\u00e9cnico en la contienda por la gubernatura entre el candidato de la alianza \u201cVa por Sinaloa\u201d y el abanderado morenista, aunque resaltan un crecimiento sostenido desde el inicio de la campa\u00f1a de Mario Zamora.<\/span><\/p>\n<p style=\"text-align: justify;\">&nbsp;<\/p>\n<p style=\"text-align: justify;\"><span style=\"font-size: 14pt; font-family: arial, helvetica, sans-serif;\">\u201cArias Consultores\u201d difundi\u00f3 el viernes pasado un 40.8 por ciento a su favor contra un 40.3 por ciento; hoy peri\u00f3dico El Universal public\u00f3 una medici\u00f3n que da un empate t\u00e9cnico con 35 por ciento para Mario Zamora y solo a cuatro puntos de morenista, brecha que en la encuesta de \u201cM\u00e9xico Elige\u201d se reduce a dos puntos pues Mario Zamora tiene un 42 por ciento contra 44 por ciento del otro contendiente.<\/span><\/p>\n<p style=\"text-align: justify;\">&nbsp;<\/p>\n<p style=\"text-align: justify;\"><span style=\"font-size: 14pt; font-family: arial, helvetica, sans-serif;\">Mencion\u00f3 que la gente est\u00e1 con el \u00e1nimo de saber que las cosas van a estar bien para todos y que la entidad va a seguir creciendo con el arribo de Mario Zamora a la gubernatura.<\/span><\/p>\n<p style=\"text-align: justify;\">&nbsp;<\/p>\n<p style=\"text-align: justify;\"><span style=\"font-size: 14pt; font-family: arial, helvetica, sans-serif;\">Dijo que estos \u00faltimos 15 d\u00edas de campa\u00f1a previos a la elecci\u00f3n del 6 de junio continuar\u00e1 planteando propuestas realizables a las y los sinaloenses, seguir\u00e1 estableciendo compromisos concretos con toda transparencia y alegr\u00eda, tal y como lo ha hecho este mes y medio.<\/span><\/p>\n<p style=\"text-align: justify;\">&nbsp;<\/p>\n<p style=\"text-align: justify;\"><span style=\"font-size: 14pt; font-family: arial, helvetica, sans-serif;\">Mario Zamora se\u00f1al\u00f3 que todos los d\u00edas hay ciudadanas y ciudadanos que se adhieren al proyecto de la alianza Va por Sinaloa y que en los pr\u00f3ximos d\u00edas habr\u00e1 un anuncio importante por parte de un grupo de la sociedad civil.<\/span><\/p>\n<p style=\"text-align: justify;\">&nbsp;<\/p>\n<p style=\"text-align: justify;\"><span style=\"font-size: 14pt; font-family: arial, helvetica, sans-serif;\">El pr\u00f3ximo gobernador reiter\u00f3 estar listo para el cierre de la campa\u00f1a concentrando esfuerzos en las ciudades grandes.<\/span><\/p>\n<p style=\"text-align: justify;\">&nbsp;<\/p>\n<p style=\"text-align: justify;\">&nbsp;<\/p>\n<p style=\"text-align: justify;\"><span style=\"font-size: 14pt; font-family: arial, helvetica, sans-serif;\">REDACCI\u00d3N\/VISI\u00d3N CIUDADANA.<\/span><\/p>\n","protected":false},"excerpt":{"rendered":"<p>&nbsp; Al avalar los resultados de las encuestas de El Universal, M\u00e9xico Elige y Arias Consultores, Mario Zamora Gast\u00e9lum dijo respetar todas las mediciones que se hacen y afirm\u00f3 que la gente sabe que \u201cVa por Sinaloa\u201d ganar\u00e1 la gubernatura aunque \u201cuno que otro se va a sorprender de lo bien que nos va a [&hellip;]<\/p>\n","protected":false},"author":1,"featured_media":660,"comment_status":"closed","ping_status":"closed","sticky":false,"template":"","format":"standard","meta":{"footnotes":""},"categories":[24],"tags":[],"ppma_author":[31],"class_list":["post-16920","post","type-post","status-publish","format-standard","has-post-thumbnail","hentry","category-relevantes"],"aioseo_notices":[],"authors":[{"term_id":31,"user_id":1,"is_guest":0,"slug":"ivan3vino","display_name":"Iv\u00e1n Trevi\u00f1o","avatar_url":{"url":"https:\/\/visionciudadana.com.mx\/oficial\/wp-content\/uploads\/2025\/09\/columna-ivan-Trevino.png","url2x":"https:\/\/visionciudadana.com.mx\/oficial\/wp-content\/uploads\/2025\/09\/columna-ivan-Trevino.png"},"0":null,"1":"","2":"","3":"","4":"","5":"","6":"","7":"","8":""}],"_links":{"self":[{"href":"https:\/\/visionciudadana.com.mx\/oficial\/wp-json\/wp\/v2\/posts\/16920","targetHints":{"allow":["GET"]}}],"collection":[{"href":"https:\/\/visionciudadana.com.mx\/oficial\/wp-json\/wp\/v2\/posts"}],"about":[{"href":"https:\/\/visionciudadana.com.mx\/oficial\/wp-json\/wp\/v2\/types\/post"}],"author":[{"embeddable":true,"href":"https:\/\/visionciudadana.com.mx\/oficial\/wp-json\/wp\/v2\/users\/1"}],"replies":[{"embeddable":true,"href":"https:\/\/visionciudadana.com.mx\/oficial\/wp-json\/wp\/v2\/comments?post=16920"}],"version-history":[{"count":1,"href":"https:\/\/visionciudadana.com.mx\/oficial\/wp-json\/wp\/v2\/posts\/16920\/revisions"}],"predecessor-version":[{"id":31019,"href":"https:\/\/visionciudadana.com.mx\/oficial\/wp-json\/wp\/v2\/posts\/16920\/revisions\/31019"}],"wp:featuredmedia":[{"embeddable":true,"href":"https:\/\/visionciudadana.com.mx\/oficial\/wp-json\/wp\/v2\/media\/660"}],"wp:attachment":[{"href":"https:\/\/visionciudadana.com.mx\/oficial\/wp-json\/wp\/v2\/media?parent=16920"}],"wp:term":[{"taxonomy":"category","embeddable":true,"href":"https:\/\/visionciudadana.com.mx\/oficial\/wp-json\/wp\/v2\/categories?post=16920"},{"taxonomy":"post_tag","embeddable":true,"href":"https:\/\/visionciudadana.com.mx\/oficial\/wp-json\/wp\/v2\/tags?post=16920"},{"taxonomy":"author","embeddable":true,"href":"https:\/\/visionciudadana.com.mx\/oficial\/wp-json\/wp\/v2\/ppma_author?post=16920"}],"curies":[{"name":"wp","href":"https:\/\/api.w.org\/{rel}","templated":true}]}}