{"id":16916,"date":"2021-05-18T20:06:35","date_gmt":"2021-05-18T20:06:35","guid":{"rendered":"https:\/\/visionciudadana.com.mx\/chio\/2021\/05\/18\/llaman-a-respetar-infraestructura-publica-ante-vandalismo-perpetrado-en-culiacan\/"},"modified":"2025-06-25T00:12:22","modified_gmt":"2025-06-25T00:12:22","slug":"llaman-a-respetar-infraestructura-publica-ante-vandalismo-perpetrado-en-culiacan","status":"publish","type":"post","link":"https:\/\/visionciudadana.com.mx\/oficial\/2021\/05\/18\/llaman-a-respetar-infraestructura-publica-ante-vandalismo-perpetrado-en-culiacan\/","title":{"rendered":"Llaman a respetar infraestructura p\u00fablica ante vandalismo perpetrado en Culiac\u00e1n"},"content":{"rendered":"<p>&nbsp;<\/p>\n<p><img fetchpriority=\"high\" decoding=\"async\" src=\"images\/2019\/vision_111.jpg\" alt=\"Vista previa de imagen\" width=\"560\" height=\"373\" style=\"display: block; margin-left: auto; margin-right: auto;\" \/><\/p>\n<p>&nbsp;<\/p>\n<p style=\"text-align: justify;\"><span style=\"font-family: arial, helvetica, sans-serif; font-size: 12pt;\">Las letras emblem\u00e1ticas de Culiac\u00e1n y el m\u00f3dulo de Turismo ubicados en la Plazuela \u00c1lvaro Obreg\u00f3n a un costado de Catedral, fueron vandalizados, esto con volantes pegados en su superficie el pasado s\u00e1bado 15 de mayo.&nbsp;<\/span><\/p>\n<div style=\"text-align: justify;\"><span style=\"font-family: arial, helvetica, sans-serif; font-size: 12pt;\"><\/span><\/div>\n<div style=\"text-align: justify;\"><span style=\"font-family: arial, helvetica, sans-serif; font-size: 12pt;\">Asimismo, el Puente Negro fue igualmente vandalizado este fin de semana con grafiti en parte de su estructura.&nbsp;<\/span><\/div>\n<div style=\"text-align: justify;\"><span style=\"font-family: arial, helvetica, sans-serif; font-size: 12pt;\"><\/span><\/div>\n<div style=\"text-align: justify;\"><span style=\"font-family: arial, helvetica, sans-serif; font-size: 12pt;\">Raz\u00f3n por la que el Ayuntamiento a trav\u00e9s de la Direcci\u00f3n de Turismo llama a respetar esta y toda la infraestructura p\u00fablica del municipio.&nbsp;<\/span><\/div>\n<div style=\"text-align: justify;\"><span style=\"font-family: arial, helvetica, sans-serif; font-size: 12pt;\"><\/span><\/div>\n<div style=\"text-align: justify;\"><span style=\"font-family: arial, helvetica, sans-serif; font-size: 12pt;\">De igual forma, anuncia que investigar\u00e1 para dar con los responsables de estos actos y del mismo modo invita a la ciudadan\u00eda a denunciar a quienes cometan esta pr\u00e1ctica considerada como un delito.<\/span><\/div>\n<div style=\"text-align: justify;\">&nbsp;<\/div>\n<div style=\"text-align: justify;\">&nbsp;<\/div>\n<div style=\"text-align: justify;\"><span style=\"font-family: arial, helvetica, sans-serif; font-size: 12pt;\">Redacci\u00f3n \/&nbsp; Visi\u00f3n Ciudadana&nbsp;<\/span><\/div>\n","protected":false},"excerpt":{"rendered":"<p>&nbsp; &nbsp; Las letras emblem\u00e1ticas de Culiac\u00e1n y el m\u00f3dulo de Turismo ubicados en la Plazuela \u00c1lvaro Obreg\u00f3n a un costado de Catedral, fueron vandalizados, esto con volantes pegados en su superficie el pasado s\u00e1bado 15 de mayo.&nbsp; Asimismo, el Puente Negro fue igualmente vandalizado este fin de semana con grafiti en parte de su [&hellip;]<\/p>\n","protected":false},"author":1,"featured_media":652,"comment_status":"closed","ping_status":"closed","sticky":false,"template":"","format":"standard","meta":{"footnotes":""},"categories":[24],"tags":[],"ppma_author":[31],"class_list":["post-16916","post","type-post","status-publish","format-standard","has-post-thumbnail","hentry","category-relevantes"],"aioseo_notices":[],"authors":[{"term_id":31,"user_id":1,"is_guest":0,"slug":"ivan3vino","display_name":"Iv\u00e1n Trevi\u00f1o","avatar_url":{"url":"https:\/\/visionciudadana.com.mx\/oficial\/wp-content\/uploads\/2025\/09\/columna-ivan-Trevino.png","url2x":"https:\/\/visionciudadana.com.mx\/oficial\/wp-content\/uploads\/2025\/09\/columna-ivan-Trevino.png"},"0":null,"1":"","2":"","3":"","4":"","5":"","6":"","7":"","8":""}],"_links":{"self":[{"href":"https:\/\/visionciudadana.com.mx\/oficial\/wp-json\/wp\/v2\/posts\/16916","targetHints":{"allow":["GET"]}}],"collection":[{"href":"https:\/\/visionciudadana.com.mx\/oficial\/wp-json\/wp\/v2\/posts"}],"about":[{"href":"https:\/\/visionciudadana.com.mx\/oficial\/wp-json\/wp\/v2\/types\/post"}],"author":[{"embeddable":true,"href":"https:\/\/visionciudadana.com.mx\/oficial\/wp-json\/wp\/v2\/users\/1"}],"replies":[{"embeddable":true,"href":"https:\/\/visionciudadana.com.mx\/oficial\/wp-json\/wp\/v2\/comments?post=16916"}],"version-history":[{"count":1,"href":"https:\/\/visionciudadana.com.mx\/oficial\/wp-json\/wp\/v2\/posts\/16916\/revisions"}],"predecessor-version":[{"id":31023,"href":"https:\/\/visionciudadana.com.mx\/oficial\/wp-json\/wp\/v2\/posts\/16916\/revisions\/31023"}],"wp:featuredmedia":[{"embeddable":true,"href":"https:\/\/visionciudadana.com.mx\/oficial\/wp-json\/wp\/v2\/media\/652"}],"wp:attachment":[{"href":"https:\/\/visionciudadana.com.mx\/oficial\/wp-json\/wp\/v2\/media?parent=16916"}],"wp:term":[{"taxonomy":"category","embeddable":true,"href":"https:\/\/visionciudadana.com.mx\/oficial\/wp-json\/wp\/v2\/categories?post=16916"},{"taxonomy":"post_tag","embeddable":true,"href":"https:\/\/visionciudadana.com.mx\/oficial\/wp-json\/wp\/v2\/tags?post=16916"},{"taxonomy":"author","embeddable":true,"href":"https:\/\/visionciudadana.com.mx\/oficial\/wp-json\/wp\/v2\/ppma_author?post=16916"}],"curies":[{"name":"wp","href":"https:\/\/api.w.org\/{rel}","templated":true}]}}