{"id":16914,"date":"2021-05-18T18:24:10","date_gmt":"2021-05-18T18:24:10","guid":{"rendered":"https:\/\/visionciudadana.com.mx\/chio\/2021\/05\/18\/no-hay-ninguna-posibilidad-de-que-decline-a-favor-de-otro-candidato-o-partido-sergio-torres\/"},"modified":"2025-06-25T00:12:23","modified_gmt":"2025-06-25T00:12:23","slug":"no-hay-ninguna-posibilidad-de-que-decline-a-favor-de-otro-candidato-o-partido-sergio-torres","status":"publish","type":"post","link":"https:\/\/visionciudadana.com.mx\/oficial\/2021\/05\/18\/no-hay-ninguna-posibilidad-de-que-decline-a-favor-de-otro-candidato-o-partido-sergio-torres\/","title":{"rendered":"No hay ninguna posibilidad de que decline a favor de otro candidato o partido: Sergio Torres"},"content":{"rendered":"<p>&nbsp;<\/p>\n<p>&nbsp;<\/p>\n<p><img fetchpriority=\"high\" decoding=\"async\" src=\"images\/2019\/vision_5.png\" alt=\"vision 5\" width=\"483\" height=\"322\" style=\"display: block; margin-left: auto; margin-right: auto;\" \/><\/p>\n<p style=\"text-align: justify;\"><span style=\"font-family: arial, helvetica, sans-serif; font-size: 12pt;\">\u00bb No voy a declinar por nadie, no hay ninguna posibilidad de que eso suceda, voy hasta el final con amplias posibilidades de ganar\u00bb, asegur\u00f3 Sergio Torres, y puntualiz\u00f3 que es hombre de principios, de palabra y actuar congruente, que no permite duda alguna, esto al ser cuestionado sobre rumores de adherir a otro candidato al gobierno del estado.<\/span><\/p>\n<div style=\"text-align: justify;\"><span style=\"font-family: arial, helvetica, sans-serif; font-size: 12pt;\"><\/span><\/div>\n<div style=\"text-align: justify;\"><span style=\"font-family: arial, helvetica, sans-serif; font-size: 12pt;\">El candidato de Movimiento Ciudadano al gobierno del estado, agreg\u00f3 que nunca declinar\u00eda, menos cuando est\u00e1 de lleno en la pelea, y Morena vive una divisi\u00f3n interna y desespero, y el Prian la total debacle.<\/span><\/div>\n<div style=\"text-align: justify;\"><span style=\"font-family: arial, helvetica, sans-serif; font-size: 12pt;\"><\/span><\/div>\n<div style=\"text-align: justify;\"><span style=\"font-family: arial, helvetica, sans-serif; font-size: 12pt;\">De la renuncia de Ricardo Bours como candidato al gobierno de Sonora por MC, y unirse al Prian, se\u00f1al\u00f3 lo dicho por la dirigencia nacional: Movimiento Ciudadano no apoya y no se sumar\u00e1 a ning\u00fan candidato de otro partido, y de la decisi\u00f3n de Tom\u00e1s Saucedo de unirse a Morena, lo calific\u00f3 como \u00abuna declinaci\u00f3n anunciada que no aporta gran cosa al opositor\u00bb.<\/span><\/div>\n<div style=\"text-align: justify;\"><span style=\"font-family: arial, helvetica, sans-serif; font-size: 12pt;\"><\/span><\/div>\n<div style=\"text-align: justify;\"><span style=\"font-family: arial, helvetica, sans-serif; font-size: 12pt;\">Sergio Torres lament\u00f3 y llam\u00f3 indignante el asesinato de Abel Murrieta, candidato de MC a la alcald\u00eda de Cajeme, Sonora.<\/span><\/div>\n<div style=\"text-align: justify;\"><span style=\"font-family: arial, helvetica, sans-serif; font-size: 12pt;\"><\/span><\/div>\n<div style=\"text-align: justify;\"><span style=\"font-family: arial, helvetica, sans-serif; font-size: 12pt;\">Dijo que este atentado es un llamado de alerta m\u00e1xima al gobierno federal, los estatales y municipales, pues la violencia se sale de control y atenta contra la vida c\u00edvica del pa\u00eds y el derecho ciudadano a tener elecciones libres y democr\u00e1ticas, y critic\u00f3 que los tres \u00f3rdenes de gobierno no cumplen con su deber de asegurar ese derecho.<\/span><\/div>\n<div>\n<div style=\"text-align: justify;\"><span style=\"font-family: arial, helvetica, sans-serif; font-size: 12pt;\"><\/span><\/div>\n<div style=\"text-align: justify;\"><span style=\"font-family: arial, helvetica, sans-serif; font-size: 12pt;\">Precis\u00f3 que en nuestro pa\u00eds, en los \u00faltimos 8 meses, hay una lamentable cifra de 82 mil homicidios, entre ellos el asesinato de 83 pol\u00edticos, 32 de ellos candidatos, el 80 por ciento de ellos de partidos opositores al partido que gobierna la naci\u00f3n.<\/span><\/div>\n<div style=\"text-align: justify;\"><span style=\"font-family: arial, helvetica, sans-serif; font-size: 12pt;\"><\/span><\/div>\n<div style=\"text-align: justify;\"><span style=\"font-family: arial, helvetica, sans-serif; font-size: 12pt;\">Visita presidencial<\/span><\/div>\n<div style=\"text-align: justify;\"><span style=\"font-family: arial, helvetica, sans-serif; font-size: 12pt;\"><\/span><\/div>\n<div style=\"text-align: justify;\"><span style=\"font-family: arial, helvetica, sans-serif; font-size: 12pt;\">La visita de L\u00f3pez Obrador a Sinaloa no fue la &nbsp;supervisi\u00f3n de obras, sino supervisar la elecci\u00f3n, pedirle cuentas al gobernador \u00abest\u00e1s conmigo o en mi contra\u00bb asegur\u00f3 Sergio Torres.<\/span><\/div>\n<div style=\"text-align: justify;\"><span style=\"font-family: arial, helvetica, sans-serif; font-size: 12pt;\"><\/span><\/div>\n<div style=\"text-align: justify;\"><span style=\"font-family: arial, helvetica, sans-serif; font-size: 12pt;\">El que debe estar muy preocupado, dijo, es Zamora, ante la duda si el gobernador ya entreg\u00f3 la plaza a Morena.<\/span><\/div>\n<div style=\"text-align: justify;\"><span style=\"font-family: arial, helvetica, sans-serif; font-size: 12pt;\"><\/span><\/div>\n<div style=\"text-align: justify;\"><span style=\"font-family: arial, helvetica, sans-serif; font-size: 12pt;\">Ante ello, afirm\u00f3 que su candidatura con MC, \u00absomos los \u00fanicos que podemos detener a Morena en Sinaloa y lo vamos a lograr\u00bb.<\/span><\/div>\n<div style=\"text-align: justify;\"><span style=\"font-family: arial, helvetica, sans-serif; font-size: 12pt;\"><\/span><\/div>\n<div style=\"text-align: justify;\"><span style=\"font-family: arial, helvetica, sans-serif; font-size: 12pt;\"><\/span><\/div>\n<p><span style=\"font-family: arial, helvetica, sans-serif; font-size: 12pt;\">&nbsp;&nbsp;<\/span><\/p>\n<div style=\"text-align: justify;\"><span style=\"font-family: arial, helvetica, sans-serif; font-size: 12pt;\">Redacci\u00f3n \/ Visi\u00f3n Ciudadana<\/span><\/div>\n<\/div>\n","protected":false},"excerpt":{"rendered":"<p>&nbsp; &nbsp; \u00bb No voy a declinar por nadie, no hay ninguna posibilidad de que eso suceda, voy hasta el final con amplias posibilidades de ganar\u00bb, asegur\u00f3 Sergio Torres, y puntualiz\u00f3 que es hombre de principios, de palabra y actuar congruente, que no permite duda alguna, esto al ser cuestionado sobre rumores de adherir a [&hellip;]<\/p>\n","protected":false},"author":1,"featured_media":648,"comment_status":"closed","ping_status":"closed","sticky":false,"template":"","format":"standard","meta":{"footnotes":""},"categories":[24],"tags":[],"ppma_author":[31],"class_list":["post-16914","post","type-post","status-publish","format-standard","has-post-thumbnail","hentry","category-relevantes"],"aioseo_notices":[],"authors":[{"term_id":31,"user_id":1,"is_guest":0,"slug":"ivan3vino","display_name":"Iv\u00e1n Trevi\u00f1o","avatar_url":{"url":"https:\/\/visionciudadana.com.mx\/oficial\/wp-content\/uploads\/2025\/09\/columna-ivan-Trevino.png","url2x":"https:\/\/visionciudadana.com.mx\/oficial\/wp-content\/uploads\/2025\/09\/columna-ivan-Trevino.png"},"0":null,"1":"","2":"","3":"","4":"","5":"","6":"","7":"","8":""}],"_links":{"self":[{"href":"https:\/\/visionciudadana.com.mx\/oficial\/wp-json\/wp\/v2\/posts\/16914","targetHints":{"allow":["GET"]}}],"collection":[{"href":"https:\/\/visionciudadana.com.mx\/oficial\/wp-json\/wp\/v2\/posts"}],"about":[{"href":"https:\/\/visionciudadana.com.mx\/oficial\/wp-json\/wp\/v2\/types\/post"}],"author":[{"embeddable":true,"href":"https:\/\/visionciudadana.com.mx\/oficial\/wp-json\/wp\/v2\/users\/1"}],"replies":[{"embeddable":true,"href":"https:\/\/visionciudadana.com.mx\/oficial\/wp-json\/wp\/v2\/comments?post=16914"}],"version-history":[{"count":1,"href":"https:\/\/visionciudadana.com.mx\/oficial\/wp-json\/wp\/v2\/posts\/16914\/revisions"}],"predecessor-version":[{"id":31025,"href":"https:\/\/visionciudadana.com.mx\/oficial\/wp-json\/wp\/v2\/posts\/16914\/revisions\/31025"}],"wp:featuredmedia":[{"embeddable":true,"href":"https:\/\/visionciudadana.com.mx\/oficial\/wp-json\/wp\/v2\/media\/648"}],"wp:attachment":[{"href":"https:\/\/visionciudadana.com.mx\/oficial\/wp-json\/wp\/v2\/media?parent=16914"}],"wp:term":[{"taxonomy":"category","embeddable":true,"href":"https:\/\/visionciudadana.com.mx\/oficial\/wp-json\/wp\/v2\/categories?post=16914"},{"taxonomy":"post_tag","embeddable":true,"href":"https:\/\/visionciudadana.com.mx\/oficial\/wp-json\/wp\/v2\/tags?post=16914"},{"taxonomy":"author","embeddable":true,"href":"https:\/\/visionciudadana.com.mx\/oficial\/wp-json\/wp\/v2\/ppma_author?post=16914"}],"curies":[{"name":"wp","href":"https:\/\/api.w.org\/{rel}","templated":true}]}}