{"id":16913,"date":"2021-05-18T03:33:47","date_gmt":"2021-05-18T03:33:47","guid":{"rendered":"https:\/\/visionciudadana.com.mx\/chio\/2021\/05\/18\/se-consultara-al-pueblo-para-gobernar-estrada-ferreiro\/"},"modified":"2025-06-25T00:16:09","modified_gmt":"2025-06-25T00:16:09","slug":"se-consultara-al-pueblo-para-gobernar-estrada-ferreiro","status":"publish","type":"post","link":"https:\/\/visionciudadana.com.mx\/oficial\/2021\/05\/18\/se-consultara-al-pueblo-para-gobernar-estrada-ferreiro\/","title":{"rendered":"Se consultar\u00e1 al pueblo para gobernar: Estrada Ferreiro"},"content":{"rendered":"<p><img fetchpriority=\"high\" decoding=\"async\" src=\"images\/2021\/mayo21\/jefs2.jpg\" alt=\"jefs2\" width=\"780\" height=\"420\" style=\"display: block; margin: 20px auto;\" \/><\/p>\n<div>&nbsp;<\/div>\n<div style=\"text-align: justify;\"><span style=\"font-size: 14pt; font-family: arial, helvetica, sans-serif;\">El proyecto de bienestar para el municipio de Culiac\u00e1n que busca continuar el Lic. Jes\u00fas Estrada Ferreiro, est\u00e1 basado en la inclusi\u00f3n de todos los sectores para construir el progreso y desarrollo que requiere la ciudadan\u00eda para vivir en paz y con una mejor calidad de vida.&nbsp;<\/span><\/div>\n<div style=\"text-align: justify;\">&nbsp;<\/div>\n<div style=\"text-align: justify;\"><span style=\"font-size: 14pt; font-family: arial, helvetica, sans-serif;\"><\/span><\/div>\n<div style=\"text-align: justify;\"><span style=\"font-size: 14pt; font-family: arial, helvetica, sans-serif;\">El candidato de la alianza Morena \u2013 PAS asegur\u00f3 que esto ser\u00e1 posible con la solidaridad y apoyo del pueblo, quienes tendr\u00e1n un papel importante para respaldar el buen trabajo que se ha realizado hasta el momento en la Administraci\u00f3n Municipal.&nbsp;<\/span><\/div>\n<div style=\"text-align: justify;\"><span style=\"font-size: 14pt; font-family: arial, helvetica, sans-serif;\"><\/span><\/div>\n<div style=\"text-align: justify;\">&nbsp;<\/div>\n<div style=\"text-align: justify;\"><span style=\"font-size: 14pt; font-family: arial, helvetica, sans-serif;\">\u201cEl bienestar implica salud, educaci\u00f3n, agua potable, agua potable, pavimento, recolecci\u00f3n de basura y seguridad p\u00fablica, y tantas otras cosas que establece el 115 constitucional, pero esto no se da de milagro, por obra y gracia del esp\u00edritu santo, necesitamos trabajar, necesitamos ser responsable y apoyo del pueblo al que vamos a consultar de todo lo que estamos proponiendo porque la democracia no se agota con la elecci\u00f3n, ya que es un estilo de vida de un pueblo y una naci\u00f3n\u201d, afirm\u00f3.&nbsp;<\/span><\/div>\n<div style=\"text-align: justify;\">&nbsp;<\/div>\n<div style=\"text-align: justify;\"><span style=\"font-size: 14pt; font-family: arial, helvetica, sans-serif;\"><\/span><\/div>\n<div style=\"text-align: justify;\"><span style=\"font-size: 14pt; font-family: arial, helvetica, sans-serif;\">En la recta final de la campa\u00f1a, Estrada Ferreiro reafirm\u00f3 el entusiasmo de liderar las encuestas que lo posicionan en el primer lugar de las preferencias electorales, lo que no significa una confianza, sino un compromiso de seguir trabajando para convencer a la ciudadan\u00eda para brinde su voto.&nbsp;<\/span><\/div>\n<div style=\"text-align: justify;\">&nbsp;<\/div>\n<div style=\"text-align: justify;\"><span style=\"font-size: 14pt; font-family: arial, helvetica, sans-serif;\"><\/span><\/div>\n<div style=\"text-align: justify;\"><span style=\"font-size: 14pt; font-family: arial, helvetica, sans-serif;\">Todo dijo ha sido posible tambi\u00e9n a la infraestructura que aporta el Partido Sinaloense que dirige el maestro H\u00e9ctor Melesio Cu\u00e9n Ojeda.<\/span><\/div>\n<div style=\"text-align: justify;\">&nbsp;<\/div>\n<div style=\"text-align: justify;\">&nbsp;<\/div>\n<div style=\"text-align: justify;\">&nbsp;<\/div>\n<div style=\"text-align: justify;\"><span style=\"font-size: 14pt; font-family: arial, helvetica, sans-serif;\">REDACCI\u00d3N\/VISI\u00d3N CIUDADANA.<\/span><\/div>\n","protected":false},"excerpt":{"rendered":"<p>&nbsp; El proyecto de bienestar para el municipio de Culiac\u00e1n que busca continuar el Lic. Jes\u00fas Estrada Ferreiro, est\u00e1 basado en la inclusi\u00f3n de todos los sectores para construir el progreso y desarrollo que requiere la ciudadan\u00eda para vivir en paz y con una mejor calidad de vida.&nbsp; &nbsp; El candidato de la alianza Morena [&hellip;]<\/p>\n","protected":false},"author":1,"featured_media":646,"comment_status":"closed","ping_status":"closed","sticky":false,"template":"","format":"standard","meta":{"footnotes":""},"categories":[24],"tags":[],"ppma_author":[31],"class_list":["post-16913","post","type-post","status-publish","format-standard","has-post-thumbnail","hentry","category-relevantes"],"aioseo_notices":[],"authors":[{"term_id":31,"user_id":1,"is_guest":0,"slug":"ivan3vino","display_name":"Iv\u00e1n Trevi\u00f1o","avatar_url":{"url":"https:\/\/visionciudadana.com.mx\/oficial\/wp-content\/uploads\/2025\/09\/columna-ivan-Trevino.png","url2x":"https:\/\/visionciudadana.com.mx\/oficial\/wp-content\/uploads\/2025\/09\/columna-ivan-Trevino.png"},"0":null,"1":"","2":"","3":"","4":"","5":"","6":"","7":"","8":""}],"_links":{"self":[{"href":"https:\/\/visionciudadana.com.mx\/oficial\/wp-json\/wp\/v2\/posts\/16913","targetHints":{"allow":["GET"]}}],"collection":[{"href":"https:\/\/visionciudadana.com.mx\/oficial\/wp-json\/wp\/v2\/posts"}],"about":[{"href":"https:\/\/visionciudadana.com.mx\/oficial\/wp-json\/wp\/v2\/types\/post"}],"author":[{"embeddable":true,"href":"https:\/\/visionciudadana.com.mx\/oficial\/wp-json\/wp\/v2\/users\/1"}],"replies":[{"embeddable":true,"href":"https:\/\/visionciudadana.com.mx\/oficial\/wp-json\/wp\/v2\/comments?post=16913"}],"version-history":[{"count":1,"href":"https:\/\/visionciudadana.com.mx\/oficial\/wp-json\/wp\/v2\/posts\/16913\/revisions"}],"predecessor-version":[{"id":31026,"href":"https:\/\/visionciudadana.com.mx\/oficial\/wp-json\/wp\/v2\/posts\/16913\/revisions\/31026"}],"wp:featuredmedia":[{"embeddable":true,"href":"https:\/\/visionciudadana.com.mx\/oficial\/wp-json\/wp\/v2\/media\/646"}],"wp:attachment":[{"href":"https:\/\/visionciudadana.com.mx\/oficial\/wp-json\/wp\/v2\/media?parent=16913"}],"wp:term":[{"taxonomy":"category","embeddable":true,"href":"https:\/\/visionciudadana.com.mx\/oficial\/wp-json\/wp\/v2\/categories?post=16913"},{"taxonomy":"post_tag","embeddable":true,"href":"https:\/\/visionciudadana.com.mx\/oficial\/wp-json\/wp\/v2\/tags?post=16913"},{"taxonomy":"author","embeddable":true,"href":"https:\/\/visionciudadana.com.mx\/oficial\/wp-json\/wp\/v2\/ppma_author?post=16913"}],"curies":[{"name":"wp","href":"https:\/\/api.w.org\/{rel}","templated":true}]}}