{"id":16912,"date":"2021-05-17T20:00:00","date_gmt":"2021-05-17T20:00:00","guid":{"rendered":"https:\/\/visionciudadana.com.mx\/chio\/2021\/05\/17\/japac-informa-corte-de-servicio-por-reparaciones-en-sector-sur-poniente-de-la-ciudad\/"},"modified":"2025-06-25T00:16:10","modified_gmt":"2025-06-25T00:16:10","slug":"japac-informa-corte-de-servicio-por-reparaciones-en-sector-sur-poniente-de-la-ciudad","status":"publish","type":"post","link":"https:\/\/visionciudadana.com.mx\/oficial\/2021\/05\/17\/japac-informa-corte-de-servicio-por-reparaciones-en-sector-sur-poniente-de-la-ciudad\/","title":{"rendered":"JAPAC informa corte de servicio por reparaciones en sector sur-poniente de la ciudad\u00a0"},"content":{"rendered":"<p style=\"text-align: justify;\">&nbsp;<\/p>\n<p><img fetchpriority=\"high\" decoding=\"async\" src=\"images\/2021\/mayo21\/se_va_agua.jpg\" alt=\"se va agua\" width=\"780\" height=\"420\" style=\"display: block; margin: 20px auto;\" \/><\/p>\n<div style=\"text-align: justify;\"><span style=\"font-size: 14pt; font-family: arial, helvetica, sans-serif;\">La Junta de Agua Potable y Alcantarillado de Culiac\u00e1n (JAPAC), informa que durante esta madrugada revent\u00f3 una l\u00ednea de agua potable de 14 pulgadas, por lo que, para llevar a cabo su reparaci\u00f3n, est\u00e1 siendo necesario dejar sin agua a 80 colonias del sector sur poniente de la ciudad.<\/span><\/div>\n<div style=\"text-align: justify;\">&nbsp;<\/div>\n<div style=\"text-align: justify;\"><span style=\"font-size: 14pt; font-family: arial, helvetica, sans-serif;\"><\/span><\/div>\n<div style=\"text-align: justify;\"><span style=\"font-size: 14pt; font-family: arial, helvetica, sans-serif;\">La fuga se ubica en avenida Ej\u00e9rcito de Occidente, en la colonia Chulavista, en donde personal de JAPAC est\u00e1 laborando en su reparaci\u00f3n.<\/span><\/div>\n<div style=\"text-align: justify;\">&nbsp;<\/div>\n<div style=\"text-align: justify;\"><span style=\"font-size: 14pt; font-family: arial, helvetica, sans-serif;\"><\/span><\/div>\n<div style=\"text-align: justify;\"><span style=\"font-size: 14pt; font-family: arial, helvetica, sans-serif;\">Se estima que estos trabajos culminen aproximadamente a las 6 de la tarde, sin embargo, el proceso de restablecimiento del servicio ser\u00e1 en el trascurso de la noche.&nbsp;<\/span><\/div>\n<div style=\"text-align: justify;\"><span style=\"font-size: 14pt; font-family: arial, helvetica, sans-serif;\"><\/span><\/div>\n<div style=\"text-align: justify;\">&nbsp;<\/div>\n<div style=\"text-align: justify;\"><span style=\"font-size: 14pt; font-family: arial, helvetica, sans-serif;\">El sector afectado comprende las colonias ubicadas de la \u00c1lvaro Obreg\u00f3n al poniente y de la M\u00e9xico 68 hacia el sur, entre las que destacan: Chula Vista, Domingo Rub\u00ed, Infonavit Barrancos, Nakayama, Los Arcos, Villa Verde, Bugambilias, Estancia, Terranova, Bachigualato, Campo El Diez, entre otras.<\/span><\/div>\n<div style=\"text-align: justify;\">&nbsp;<\/div>\n<div style=\"text-align: justify;\"><span style=\"font-size: 14pt; font-family: arial, helvetica, sans-serif;\"><\/span><\/div>\n<div style=\"text-align: justify;\"><span style=\"font-size: 14pt; font-family: arial, helvetica, sans-serif;\">Asimismo, se informa que el n\u00famero de atenci\u00f3n ciudadana Aquatel 073, est\u00e1 a disposici\u00f3n de la ciudadan\u00eda para brindar informaci\u00f3n sobre el avance de esta reparaci\u00f3n<\/span><\/div>\n<div style=\"text-align: justify;\">&nbsp;<\/div>\n<div style=\"text-align: justify;\">&nbsp;<\/div>\n<div style=\"text-align: justify;\">&nbsp;<\/div>\n<div style=\"text-align: justify;\"><span style=\"font-size: 14pt; font-family: arial, helvetica, sans-serif;\">REDACCI\u00d3N\/VISI\u00d3N CIUDADANA.<\/span><\/div>\n","protected":false},"excerpt":{"rendered":"<p>&nbsp; La Junta de Agua Potable y Alcantarillado de Culiac\u00e1n (JAPAC), informa que durante esta madrugada revent\u00f3 una l\u00ednea de agua potable de 14 pulgadas, por lo que, para llevar a cabo su reparaci\u00f3n, est\u00e1 siendo necesario dejar sin agua a 80 colonias del sector sur poniente de la ciudad. &nbsp; La fuga se ubica [&hellip;]<\/p>\n","protected":false},"author":1,"featured_media":644,"comment_status":"closed","ping_status":"closed","sticky":false,"template":"","format":"standard","meta":{"footnotes":""},"categories":[24],"tags":[],"ppma_author":[31],"class_list":["post-16912","post","type-post","status-publish","format-standard","has-post-thumbnail","hentry","category-relevantes"],"aioseo_notices":[],"authors":[{"term_id":31,"user_id":1,"is_guest":0,"slug":"ivan3vino","display_name":"Iv\u00e1n Trevi\u00f1o","avatar_url":{"url":"https:\/\/visionciudadana.com.mx\/oficial\/wp-content\/uploads\/2025\/09\/columna-ivan-Trevino.png","url2x":"https:\/\/visionciudadana.com.mx\/oficial\/wp-content\/uploads\/2025\/09\/columna-ivan-Trevino.png"},"0":null,"1":"","2":"","3":"","4":"","5":"","6":"","7":"","8":""}],"_links":{"self":[{"href":"https:\/\/visionciudadana.com.mx\/oficial\/wp-json\/wp\/v2\/posts\/16912","targetHints":{"allow":["GET"]}}],"collection":[{"href":"https:\/\/visionciudadana.com.mx\/oficial\/wp-json\/wp\/v2\/posts"}],"about":[{"href":"https:\/\/visionciudadana.com.mx\/oficial\/wp-json\/wp\/v2\/types\/post"}],"author":[{"embeddable":true,"href":"https:\/\/visionciudadana.com.mx\/oficial\/wp-json\/wp\/v2\/users\/1"}],"replies":[{"embeddable":true,"href":"https:\/\/visionciudadana.com.mx\/oficial\/wp-json\/wp\/v2\/comments?post=16912"}],"version-history":[{"count":1,"href":"https:\/\/visionciudadana.com.mx\/oficial\/wp-json\/wp\/v2\/posts\/16912\/revisions"}],"predecessor-version":[{"id":31027,"href":"https:\/\/visionciudadana.com.mx\/oficial\/wp-json\/wp\/v2\/posts\/16912\/revisions\/31027"}],"wp:featuredmedia":[{"embeddable":true,"href":"https:\/\/visionciudadana.com.mx\/oficial\/wp-json\/wp\/v2\/media\/644"}],"wp:attachment":[{"href":"https:\/\/visionciudadana.com.mx\/oficial\/wp-json\/wp\/v2\/media?parent=16912"}],"wp:term":[{"taxonomy":"category","embeddable":true,"href":"https:\/\/visionciudadana.com.mx\/oficial\/wp-json\/wp\/v2\/categories?post=16912"},{"taxonomy":"post_tag","embeddable":true,"href":"https:\/\/visionciudadana.com.mx\/oficial\/wp-json\/wp\/v2\/tags?post=16912"},{"taxonomy":"author","embeddable":true,"href":"https:\/\/visionciudadana.com.mx\/oficial\/wp-json\/wp\/v2\/ppma_author?post=16912"}],"curies":[{"name":"wp","href":"https:\/\/api.w.org\/{rel}","templated":true}]}}