{"id":16911,"date":"2021-05-17T19:55:32","date_gmt":"2021-05-17T19:55:32","guid":{"rendered":"https:\/\/visionciudadana.com.mx\/chio\/2021\/05\/17\/biologo-universitario-realiza-segunda-recoleccion-de-la-semilla-de-amapa-rosa-y-amarilla\/"},"modified":"2025-06-25T00:16:10","modified_gmt":"2025-06-25T00:16:10","slug":"biologo-universitario-realiza-segunda-recoleccion-de-la-semilla-de-amapa-rosa-y-amarilla","status":"publish","type":"post","link":"https:\/\/visionciudadana.com.mx\/oficial\/2021\/05\/17\/biologo-universitario-realiza-segunda-recoleccion-de-la-semilla-de-amapa-rosa-y-amarilla\/","title":{"rendered":"Bi\u00f3logo universitario realiza segunda recolecci\u00f3n de la semilla de amapa rosa y amarilla"},"content":{"rendered":"<p style=\"text-align: justify;\">&nbsp;<\/p>\n<p><img fetchpriority=\"high\" decoding=\"async\" src=\"images\/2021\/mayo21\/amapitas.PNG\" alt=\"amapitas\" width=\"490\" height=\"365\" style=\"display: block; margin: 20px auto;\" \/><\/p>\n<p class=\"x_MsoNormal\" style=\"text-align: justify;\"><span style=\"font-size: 14pt; font-family: arial, helvetica, sans-serif;\">Ante la mirada de peatones que caminan por la avenida \u00c1lvaro Obreg\u00f3n y bulevar Leyva Solano, frente al Parque Revoluci\u00f3n, el bi\u00f3logo Gerardo Boj\u00f3rquez Castro, acompa\u00f1ado por personal del \u00e1rea de Ecolog\u00eda del municipio de Culiac\u00e1n, emprendieron una segunda recolecci\u00f3n de la semilla de amapa.<\/span><\/p>\n<p style=\"text-align: justify;\">&nbsp;<\/p>\n<p class=\"x_MsoNormal\" style=\"text-align: justify;\"><span style=\"font-size: 14pt; font-family: arial, helvetica, sans-serif;\">El profesor adscrito a la Facultad de Biolog\u00eda de la Universidad Aut\u00f3noma de Sinaloa (UAS), satisfactoriamente expres\u00f3 lo bien que la poblaci\u00f3n ha tomado estas acciones de conservaci\u00f3n, tanto que muchos de ellos se acercaron a pedir informaci\u00f3n y llevar esta semilla para germinarla en sus hogares.<\/span><\/p>\n<p style=\"text-align: justify;\">&nbsp;<\/p>\n<p class=\"x_MsoNormal\" style=\"text-align: justify;\"><span style=\"font-size: 14pt; font-family: arial, helvetica, sans-serif;\">\u201cAnduvimos recorriendo el centro, algunas calles principales de Culiac\u00e1n y recolectamos semillas de amapa amarilla de monte y amapa rosa de monte, tambi\u00e9n se les mencion\u00f3 las caracter\u00edsticas, todo lo que viene siendo las formas que estas plantas presentan y lo que debemos considerar al momento de querer reproducir, plantar, sembrar o establecer y que corresponda a los espacios pertinentes\u201d, mencion\u00f3.<\/span><\/p>\n<p style=\"text-align: justify;\">&nbsp;<\/p>\n<p class=\"x_MsoNormal\" style=\"text-align: justify;\"><span style=\"font-size: 14pt; font-family: arial, helvetica, sans-serif;\">Durante el recorrido en el que fue acompa\u00f1ado por las bi\u00f3logas Cecilia Acosta, Mirta Burgos y Mercedes Morales, se recolectaron alrededor de 500 a 600 semillas de amapa amarilla, una producci\u00f3n excelente para parques y jardines, adem\u00e1s de 3 mil 500 semillas de amapa rosa de monte.<\/span><\/p>\n<p style=\"text-align: justify;\">&nbsp;<\/p>\n<p class=\"x_MsoNormal\" style=\"text-align: justify;\"><span style=\"font-size: 14pt; font-family: arial, helvetica, sans-serif;\">Record\u00f3 que la semilla captada ser\u00e1 utilizada en siembra que se le donar\u00e1 al Ayuntamiento, el cual cuenta con \u00e1reas como viveros o simplemente donarla a la poblaci\u00f3n para que la siembren en sus jardineras o patios con sus debidas especificaciones de cada planta.<\/span><\/p>\n<p style=\"text-align: justify;\">&nbsp;<\/p>\n<p class=\"x_MsoNormal\" style=\"text-align: justify;\"><span style=\"font-size: 14pt; font-family: arial, helvetica, sans-serif;\">Para aquellos interesados en adquirir esta semilla o planta, el mensaje que les hace llegar Boj\u00f3rquez Castro es que tentativamente durante las primeras dos semanas del mes de septiembre se estar\u00edan donando, debido a que estas fechas se asemejan a los tiempos naturales de germinaci\u00f3n de la naturaleza.<\/span><\/p>\n<p style=\"text-align: justify;\">&nbsp;<\/p>\n<p style=\"text-align: justify;\">&nbsp;<\/p>\n<p style=\"text-align: justify;\"><span style=\"font-size: 14pt; font-family: arial, helvetica, sans-serif;\">REDACCI\u00d3N\/VISI\u00d3N CIUDADANA.<\/span><\/p>\n","protected":false},"excerpt":{"rendered":"<p>&nbsp; Ante la mirada de peatones que caminan por la avenida \u00c1lvaro Obreg\u00f3n y bulevar Leyva Solano, frente al Parque Revoluci\u00f3n, el bi\u00f3logo Gerardo Boj\u00f3rquez Castro, acompa\u00f1ado por personal del \u00e1rea de Ecolog\u00eda del municipio de Culiac\u00e1n, emprendieron una segunda recolecci\u00f3n de la semilla de amapa. &nbsp; El profesor adscrito a la Facultad de Biolog\u00eda [&hellip;]<\/p>\n","protected":false},"author":1,"featured_media":642,"comment_status":"closed","ping_status":"closed","sticky":false,"template":"","format":"standard","meta":{"footnotes":""},"categories":[13],"tags":[],"ppma_author":[31],"class_list":["post-16911","post","type-post","status-publish","format-standard","has-post-thumbnail","hentry","category-locales"],"aioseo_notices":[],"authors":[{"term_id":31,"user_id":1,"is_guest":0,"slug":"ivan3vino","display_name":"Iv\u00e1n Trevi\u00f1o","avatar_url":{"url":"https:\/\/visionciudadana.com.mx\/oficial\/wp-content\/uploads\/2025\/09\/columna-ivan-Trevino.png","url2x":"https:\/\/visionciudadana.com.mx\/oficial\/wp-content\/uploads\/2025\/09\/columna-ivan-Trevino.png"},"0":null,"1":"","2":"","3":"","4":"","5":"","6":"","7":"","8":""}],"_links":{"self":[{"href":"https:\/\/visionciudadana.com.mx\/oficial\/wp-json\/wp\/v2\/posts\/16911","targetHints":{"allow":["GET"]}}],"collection":[{"href":"https:\/\/visionciudadana.com.mx\/oficial\/wp-json\/wp\/v2\/posts"}],"about":[{"href":"https:\/\/visionciudadana.com.mx\/oficial\/wp-json\/wp\/v2\/types\/post"}],"author":[{"embeddable":true,"href":"https:\/\/visionciudadana.com.mx\/oficial\/wp-json\/wp\/v2\/users\/1"}],"replies":[{"embeddable":true,"href":"https:\/\/visionciudadana.com.mx\/oficial\/wp-json\/wp\/v2\/comments?post=16911"}],"version-history":[{"count":1,"href":"https:\/\/visionciudadana.com.mx\/oficial\/wp-json\/wp\/v2\/posts\/16911\/revisions"}],"predecessor-version":[{"id":31028,"href":"https:\/\/visionciudadana.com.mx\/oficial\/wp-json\/wp\/v2\/posts\/16911\/revisions\/31028"}],"wp:featuredmedia":[{"embeddable":true,"href":"https:\/\/visionciudadana.com.mx\/oficial\/wp-json\/wp\/v2\/media\/642"}],"wp:attachment":[{"href":"https:\/\/visionciudadana.com.mx\/oficial\/wp-json\/wp\/v2\/media?parent=16911"}],"wp:term":[{"taxonomy":"category","embeddable":true,"href":"https:\/\/visionciudadana.com.mx\/oficial\/wp-json\/wp\/v2\/categories?post=16911"},{"taxonomy":"post_tag","embeddable":true,"href":"https:\/\/visionciudadana.com.mx\/oficial\/wp-json\/wp\/v2\/tags?post=16911"},{"taxonomy":"author","embeddable":true,"href":"https:\/\/visionciudadana.com.mx\/oficial\/wp-json\/wp\/v2\/ppma_author?post=16911"}],"curies":[{"name":"wp","href":"https:\/\/api.w.org\/{rel}","templated":true}]}}