{"id":16910,"date":"2021-05-17T19:50:01","date_gmt":"2021-05-17T19:50:01","guid":{"rendered":"https:\/\/visionciudadana.com.mx\/chio\/2021\/05\/17\/debemos-estar-atentos-a-las-enfermedades-ligadas-a-fatiga-y-golpes-de-calor-encinas\/"},"modified":"2025-06-25T00:16:10","modified_gmt":"2025-06-25T00:16:10","slug":"debemos-estar-atentos-a-las-enfermedades-ligadas-a-fatiga-y-golpes-de-calor-encinas","status":"publish","type":"post","link":"https:\/\/visionciudadana.com.mx\/oficial\/2021\/05\/17\/debemos-estar-atentos-a-las-enfermedades-ligadas-a-fatiga-y-golpes-de-calor-encinas\/","title":{"rendered":"Debemos estar atentos a las enfermedades ligadas a fatiga y golpes de calor: Encinas"},"content":{"rendered":"<p>&nbsp;<\/p>\n<p><img fetchpriority=\"high\" decoding=\"async\" src=\"images\/2021\/mayo21\/encinass.jpg\" alt=\"encinass\" width=\"780\" height=\"420\" style=\"display: block; margin: 20px auto;\" \/><\/p>\n<p class=\"x_MsoNormal\" style=\"text-align: justify;\"><span style=\"font-size: 14pt; font-family: arial, helvetica, sans-serif;\">La Secretar\u00eda de Salud de Sinaloa hace un atento llamado a la poblaci\u00f3n para que tome precauciones por las temperaturas extremas que se han sentido en la entidad durante las \u00faltimas semanas para evitar fatigas y golpes de calor.<\/span><\/p>\n<p>&nbsp;<\/p>\n<p class=\"x_MsoNormal\" style=\"text-align: justify;\"><span style=\"font-size: 14pt; font-family: arial, helvetica, sans-serif;\">El titular de esta dependencia, Dr. Efr\u00e9n Encinas Torres, expres\u00f3 que las actividades por parte de esta secretar\u00eda se mantienen de manera permanente, pidiendo tambi\u00e9n la colaboraci\u00f3n de los sinaloenses para que estos casos no se incrementen.<\/span><\/p>\n<p style=\"text-align: justify;\">&nbsp;<\/p>\n<p class=\"x_MsoNormal\" style=\"text-align: justify;\"><span style=\"font-size: 14pt; font-family: arial, helvetica, sans-serif;\">\u201cNosotros a lo que tenemos que estar atentos en esta temporada son a las enfermedades ligadas al golpe de calor, fatiga y es pedirle a la gente que se hidrate, que mantenga la posibilidad de estar en las \u00e1reas sombreadas, que no se expongan a los rayos del sol en las horas m\u00e1s problem\u00e1ticas y que de alguna manera busquen el estarse hidratando, cualquier s\u00edntoma que haya acudir a la unidad m\u00e9dica correspondiente; insisto, atender el tema del calor, que no haya agotamientos, que no haya golpes de calor, ojal\u00e1 que la sociedad tambi\u00e9n nos ayude pero bueno, estamos empezando pr\u00e1cticamente y hay que actuar mejor de manera preventiva, no todo desde luego es la pandemia ahorita pero se pueden evitar\u201d, puntualiz\u00f3.<\/span><\/p>\n<p style=\"text-align: justify;\">&nbsp;<\/p>\n<p class=\"x_MsoNormal\" style=\"text-align: justify;\"><span style=\"font-size: 14pt; font-family: arial, helvetica, sans-serif;\">Hasta el momento se tienen registrados 4 casos de personas afectadas por las altas temperaturas en Sinaloa, 3 en el municipio de Escuinapa y 1 en Navolato, de estos 1 fue diagnosticado como golpe de calor y los otros 3 como agotamiento por calor o deshidrataci\u00f3n.<\/span><\/p>\n<p style=\"text-align: justify;\">&nbsp;<\/p>\n<p class=\"x_MsoNormal\" style=\"text-align: justify;\"><span style=\"font-size: 14pt; font-family: arial, helvetica, sans-serif;\">Las autoridades de salud exhortan a toda la ciudadan\u00eda para que prevengan este tipo de situaciones ya que la temporada de calor se prev\u00e9 que contin\u00fae hasta el mes de octubre, es as\u00ed que la mejor opci\u00f3n es evitar exponerse entre las 10:00 y 16:00 al sol y sobre todo ser precavidos con beb\u00e9s, ni\u00f1os y personas de la tercera edad.<\/span><\/p>\n<p style=\"text-align: justify;\">&nbsp;<\/p>\n<p class=\"x_MsoNormal\" style=\"text-align: justify;\"><span style=\"font-size: 14pt; font-family: arial, helvetica, sans-serif;\">El Secretario de Salud inform\u00f3 que a la par de estas acciones preventivas por la temporada de calor se mantienen permanentes las campa\u00f1as del \u00e1rea de vigilancia epidemiol\u00f3gica, visualizando acciones contra enfermedades transmitidas por vectores a trav\u00e9s de las Jurisdicciones Sanitarias.<\/span><\/p>\n<p style=\"text-align: justify;\">&nbsp;<\/p>\n<p style=\"text-align: justify;\">&nbsp;<\/p>\n<p style=\"text-align: justify;\"><span style=\"font-size: 14pt; font-family: arial, helvetica, sans-serif;\">REDACCI\u00d3N\/VISI\u00d3N CIUDADANA.<\/span><\/p>\n","protected":false},"excerpt":{"rendered":"<p>&nbsp; La Secretar\u00eda de Salud de Sinaloa hace un atento llamado a la poblaci\u00f3n para que tome precauciones por las temperaturas extremas que se han sentido en la entidad durante las \u00faltimas semanas para evitar fatigas y golpes de calor. &nbsp; El titular de esta dependencia, Dr. Efr\u00e9n Encinas Torres, expres\u00f3 que las actividades por [&hellip;]<\/p>\n","protected":false},"author":1,"featured_media":640,"comment_status":"closed","ping_status":"closed","sticky":false,"template":"","format":"standard","meta":{"footnotes":""},"categories":[24],"tags":[],"ppma_author":[31],"class_list":["post-16910","post","type-post","status-publish","format-standard","has-post-thumbnail","hentry","category-relevantes"],"aioseo_notices":[],"authors":[{"term_id":31,"user_id":1,"is_guest":0,"slug":"ivan3vino","display_name":"Iv\u00e1n Trevi\u00f1o","avatar_url":{"url":"https:\/\/visionciudadana.com.mx\/oficial\/wp-content\/uploads\/2025\/09\/columna-ivan-Trevino.png","url2x":"https:\/\/visionciudadana.com.mx\/oficial\/wp-content\/uploads\/2025\/09\/columna-ivan-Trevino.png"},"0":null,"1":"","2":"","3":"","4":"","5":"","6":"","7":"","8":""}],"_links":{"self":[{"href":"https:\/\/visionciudadana.com.mx\/oficial\/wp-json\/wp\/v2\/posts\/16910","targetHints":{"allow":["GET"]}}],"collection":[{"href":"https:\/\/visionciudadana.com.mx\/oficial\/wp-json\/wp\/v2\/posts"}],"about":[{"href":"https:\/\/visionciudadana.com.mx\/oficial\/wp-json\/wp\/v2\/types\/post"}],"author":[{"embeddable":true,"href":"https:\/\/visionciudadana.com.mx\/oficial\/wp-json\/wp\/v2\/users\/1"}],"replies":[{"embeddable":true,"href":"https:\/\/visionciudadana.com.mx\/oficial\/wp-json\/wp\/v2\/comments?post=16910"}],"version-history":[{"count":1,"href":"https:\/\/visionciudadana.com.mx\/oficial\/wp-json\/wp\/v2\/posts\/16910\/revisions"}],"predecessor-version":[{"id":31029,"href":"https:\/\/visionciudadana.com.mx\/oficial\/wp-json\/wp\/v2\/posts\/16910\/revisions\/31029"}],"wp:featuredmedia":[{"embeddable":true,"href":"https:\/\/visionciudadana.com.mx\/oficial\/wp-json\/wp\/v2\/media\/640"}],"wp:attachment":[{"href":"https:\/\/visionciudadana.com.mx\/oficial\/wp-json\/wp\/v2\/media?parent=16910"}],"wp:term":[{"taxonomy":"category","embeddable":true,"href":"https:\/\/visionciudadana.com.mx\/oficial\/wp-json\/wp\/v2\/categories?post=16910"},{"taxonomy":"post_tag","embeddable":true,"href":"https:\/\/visionciudadana.com.mx\/oficial\/wp-json\/wp\/v2\/tags?post=16910"},{"taxonomy":"author","embeddable":true,"href":"https:\/\/visionciudadana.com.mx\/oficial\/wp-json\/wp\/v2\/ppma_author?post=16910"}],"curies":[{"name":"wp","href":"https:\/\/api.w.org\/{rel}","templated":true}]}}