{"id":16908,"date":"2021-05-17T19:36:55","date_gmt":"2021-05-17T19:36:55","guid":{"rendered":"https:\/\/visionciudadana.com.mx\/chio\/2021\/05\/17\/salen-27-mil-526-vacunas-de-la-uas-con-destino-a-los-municipios-de-ahome-elota-cosala-y-el-rosario\/"},"modified":"2025-06-25T00:16:10","modified_gmt":"2025-06-25T00:16:10","slug":"salen-27-mil-526-vacunas-de-la-uas-con-destino-a-los-municipios-de-ahome-elota-cosala-y-el-rosario","status":"publish","type":"post","link":"https:\/\/visionciudadana.com.mx\/oficial\/2021\/05\/17\/salen-27-mil-526-vacunas-de-la-uas-con-destino-a-los-municipios-de-ahome-elota-cosala-y-el-rosario\/","title":{"rendered":"Salen 27 mil 526 vacunas de la UAS con destino a los municipios de Ahome, Elota, Cosal\u00e1 y El Rosario"},"content":{"rendered":"<p>&nbsp;<\/p>\n<p class=\"x_MsoNormal\" align=\"center\"><b><img fetchpriority=\"high\" decoding=\"async\" src=\"images\/2021\/mayo21\/llegan-mas-vacunas.jpg\" alt=\"llegan mas vacunas\" width=\"780\" height=\"420\" style=\"display: block; margin: 20px auto;\" \/>&nbsp;<\/b><\/p>\n<p class=\"x_MsoNormal\" style=\"text-align: justify;\"><span style=\"font-size: 14pt; font-family: arial, helvetica, sans-serif;\">Un total de 27 mil 526 vacunas&nbsp;<i>Pfizer<\/i>&nbsp;salieron de las instalaciones de la Facultad de Ciencias Qu\u00edmico Biol\u00f3gicas de la Universidad Aut\u00f3noma de Sinaloa (UAS), mismas que ser\u00e1n aplicadas a los adultos mayores de 50 a\u00f1os y mujeres embarazadas mayores de 18 a\u00f1os, a partir de este lunes 17 de mayo en las zonas rurales de los municipios de Ahome, Elota, Cosal\u00e1 y el Rosario.<\/span><\/p>\n<p style=\"text-align: justify;\">&nbsp;<\/p>\n<p class=\"x_MsoNormal\" style=\"text-align: justify;\"><span style=\"font-size: 14pt; font-family: arial, helvetica, sans-serif;\">El delegado Estatal de Programas para el Bienestar, Jaime Montes Salas y el Secretario de Salud en Sinaloa, Efr\u00e9n Encinas Torres, fueron recibidos por el Secretario General de la m\u00e1xima casa de estudios, Gerardo Alapizco Castro, en representaci\u00f3n del Rector, doctor Juan Eulogio Guerra Liera.<\/span><\/p>\n<p style=\"text-align: justify;\">&nbsp;<\/p>\n<p class=\"x_MsoNormal\" style=\"text-align: justify;\"><span style=\"font-size: 14pt; font-family: arial, helvetica, sans-serif;\">Al realizar el env\u00edo de las dosis a los municipios del norte y sur del estado, el delegado estatal de Programas para el Bienestar mencion\u00f3 que 17 mil de estas vacunas ser\u00e1n aplicadas a los adultos mayores de 50 a\u00f1os, primeramente, en las zonas rurales de Cosal\u00e1, Elota y Ahome y el resto ser\u00e1 para el municipio de El Rosario, en todos los puntos de vacunaci\u00f3n tambi\u00e9n se incluyen mujeres embarazadas mayores de 18 que tengan m\u00e1s de 9 semanas de gestaci\u00f3n.<\/span><\/p>\n<p style=\"text-align: justify;\">&nbsp;<\/p>\n<p class=\"x_MsoNormal\" style=\"text-align: justify;\"><span style=\"font-size: 14pt; font-family: arial, helvetica, sans-serif;\">Explic\u00f3 que se seguir\u00e1 el mismo proceso de vacunaci\u00f3n que se aplic\u00f3 con los adultos mayores de 60 a\u00f1os, dando prioridad a las zonas rurales de dif\u00edcil acceso, para continuar en las zonas urbanas en los diversos municipios &nbsp;&nbsp;<\/span><\/p>\n<p style=\"text-align: justify;\">&nbsp;<\/p>\n<p class=\"x_MsoNormal\" style=\"text-align: justify;\"><span style=\"font-size: 14pt; font-family: arial, helvetica, sans-serif;\">Montes Salas destac\u00f3 que la ayuda de la UAS ha sido fundamental desde que se iniciaron los operativos para el sector salud, y expres\u00f3 el reconocimiento para el Rector Juan Eulogio Guerra Liera y todo su equipo que han estado pendientes en todo momento, a los j\u00f3venes brigadistas que nos han apoyado en el propio manejo de los biol\u00f3gicos, en el registro y en la aplicaci\u00f3n.<\/span><\/p>\n<p style=\"text-align: justify;\">&nbsp;<\/p>\n<p class=\"x_MsoNormal\" style=\"text-align: justify;\"><span style=\"font-size: 14pt; font-family: arial, helvetica, sans-serif;\">\u201cReitero mi orgullo y agradecimiento a mi alma mater que es la Universidad Aut\u00f3noma de Sinaloa, a la ciudadan\u00eda, agradecemos la paciencia, el orden como pueblo que han mostrado, hemos aplicado m\u00e1s de 600 mil dosis y no hemos tenido ning\u00fan incidente relevante, esto quiere decir que la mayor parte del orden la ha puesto el pueblo, tambi\u00e9n agradecemos de manera extraordinaria el soporte de las fuerzas de seguridad de todos los \u00f3rdenes de gobierno que han mostrado unidad para solucionar este problema\u201d, enfatiz\u00f3.<\/span><\/p>\n<p style=\"text-align: justify;\">&nbsp;<\/p>\n<p class=\"x_MsoNormal\" style=\"text-align: justify;\"><span style=\"font-size: 14pt; font-family: arial, helvetica, sans-serif;\">El doctor Gerardo Alapizco Castro, manifest\u00f3 que los brigadistas universitarios han sido gran parte del capital humano que la UAS ha aportado, adem\u00e1s de la gran infraestructura, son casi 5 mil brigadistas que han estado colaborando en este proceso de vacunaci\u00f3n.<\/span><\/p>\n<p style=\"text-align: justify;\">&nbsp;<\/p>\n<p class=\"x_MsoNormal\" style=\"text-align: justify;\"><span style=\"font-size: 14pt; font-family: arial, helvetica, sans-serif;\">Referentes al proceso de vacunaci\u00f3n al personal docente, administrativo y de apoyo en el sector educativo, el Secretario General de la UAS refiri\u00f3 que fue un gran acierto de los diferentes niveles de gobierno la decisi\u00f3n de vacunar a todo el personal de la educaci\u00f3n, donde se aplicaron m\u00e1s de 70 mil vacunas.<\/span><\/p>\n<p style=\"text-align: justify;\">&nbsp;<\/p>\n<p class=\"x_MsoNormal\" style=\"text-align: justify;\"><span style=\"font-size: 14pt; font-family: arial, helvetica, sans-serif;\">\u201cFue todo un \u00e9xito, los centros de vacunaci\u00f3n con una fluidez muy buena, sin contratiempos, necesitamos seguir convocando a la ciudadan\u00eda a no bajar la guardia, esto no ha terminado, necesitamos seguirnos cuid\u00e1ndonos\u201d, expuso.<\/span><\/p>\n<p style=\"text-align: justify;\">&nbsp;<\/p>\n<p class=\"x_MsoNormal\" style=\"text-align: justify;\"><span style=\"font-size: 14pt; font-family: arial, helvetica, sans-serif;\">Por su parte, el doctor Efr\u00e9n Encinas Torres, Secretario de Salud Estatal, manifest\u00f3 que contin\u00faa la sinergia con todo un equipo interinstitucional.<\/span><\/p>\n<p style=\"text-align: justify;\">&nbsp;<\/p>\n<p class=\"x_MsoNormal\" style=\"text-align: justify;\"><span style=\"font-size: 14pt; font-family: arial, helvetica, sans-serif;\">En mensaje dirigido a la ciudadan\u00eda en general, reiter\u00f3 la importancia de aplicarse la vacuna y protegerse de las complicaciones del virus SARS CoV-2.<\/span><\/p>\n<p style=\"text-align: justify;\">&nbsp;<\/p>\n<p class=\"x_MsoNormal\" style=\"text-align: justify;\"><span style=\"font-size: 14pt; font-family: arial, helvetica, sans-serif;\">\u201cEn Sinaloa hemos aplicado miles de vacunas y no hemos tenido ning\u00fan efecto severo atribuible a la vacunaci\u00f3n, han sido las mismas de cualquier vacuna de a\u00f1os que hemos estado aplicando, es mucho m\u00e1s peligrosa la enfermedad de COVID-19. De tal manera que no hay que tenerle temor a la aplicaci\u00f3n de la vacuna, recuerden que la Organizaci\u00f3n Mundial de la Salud autoriz\u00f3 en el momento de emergencia las vacunas que ya son conocidas, hay que aplic\u00e1rsela para estar protegidos\u201d, resalt\u00f3.<\/span><\/p>\n<p style=\"text-align: justify;\">&nbsp;<\/p>\n<p style=\"text-align: justify;\">&nbsp;<\/p>\n<p style=\"text-align: justify;\"><span style=\"font-size: 14pt; font-family: arial, helvetica, sans-serif;\">REDACCI\u00d3N\/VISI\u00d3N CIUDADANA.<\/span><\/p>\n","protected":false},"excerpt":{"rendered":"<p>&nbsp; &nbsp; Un total de 27 mil 526 vacunas&nbsp;Pfizer&nbsp;salieron de las instalaciones de la Facultad de Ciencias Qu\u00edmico Biol\u00f3gicas de la Universidad Aut\u00f3noma de Sinaloa (UAS), mismas que ser\u00e1n aplicadas a los adultos mayores de 50 a\u00f1os y mujeres embarazadas mayores de 18 a\u00f1os, a partir de este lunes 17 de mayo en las zonas [&hellip;]<\/p>\n","protected":false},"author":1,"featured_media":636,"comment_status":"closed","ping_status":"closed","sticky":false,"template":"","format":"standard","meta":{"footnotes":""},"categories":[24],"tags":[],"ppma_author":[31],"class_list":["post-16908","post","type-post","status-publish","format-standard","has-post-thumbnail","hentry","category-relevantes"],"aioseo_notices":[],"authors":[{"term_id":31,"user_id":1,"is_guest":0,"slug":"ivan3vino","display_name":"Iv\u00e1n Trevi\u00f1o","avatar_url":{"url":"https:\/\/visionciudadana.com.mx\/oficial\/wp-content\/uploads\/2025\/09\/columna-ivan-Trevino.png","url2x":"https:\/\/visionciudadana.com.mx\/oficial\/wp-content\/uploads\/2025\/09\/columna-ivan-Trevino.png"},"0":null,"1":"","2":"","3":"","4":"","5":"","6":"","7":"","8":""}],"_links":{"self":[{"href":"https:\/\/visionciudadana.com.mx\/oficial\/wp-json\/wp\/v2\/posts\/16908","targetHints":{"allow":["GET"]}}],"collection":[{"href":"https:\/\/visionciudadana.com.mx\/oficial\/wp-json\/wp\/v2\/posts"}],"about":[{"href":"https:\/\/visionciudadana.com.mx\/oficial\/wp-json\/wp\/v2\/types\/post"}],"author":[{"embeddable":true,"href":"https:\/\/visionciudadana.com.mx\/oficial\/wp-json\/wp\/v2\/users\/1"}],"replies":[{"embeddable":true,"href":"https:\/\/visionciudadana.com.mx\/oficial\/wp-json\/wp\/v2\/comments?post=16908"}],"version-history":[{"count":1,"href":"https:\/\/visionciudadana.com.mx\/oficial\/wp-json\/wp\/v2\/posts\/16908\/revisions"}],"predecessor-version":[{"id":31031,"href":"https:\/\/visionciudadana.com.mx\/oficial\/wp-json\/wp\/v2\/posts\/16908\/revisions\/31031"}],"wp:featuredmedia":[{"embeddable":true,"href":"https:\/\/visionciudadana.com.mx\/oficial\/wp-json\/wp\/v2\/media\/636"}],"wp:attachment":[{"href":"https:\/\/visionciudadana.com.mx\/oficial\/wp-json\/wp\/v2\/media?parent=16908"}],"wp:term":[{"taxonomy":"category","embeddable":true,"href":"https:\/\/visionciudadana.com.mx\/oficial\/wp-json\/wp\/v2\/categories?post=16908"},{"taxonomy":"post_tag","embeddable":true,"href":"https:\/\/visionciudadana.com.mx\/oficial\/wp-json\/wp\/v2\/tags?post=16908"},{"taxonomy":"author","embeddable":true,"href":"https:\/\/visionciudadana.com.mx\/oficial\/wp-json\/wp\/v2\/ppma_author?post=16908"}],"curies":[{"name":"wp","href":"https:\/\/api.w.org\/{rel}","templated":true}]}}