{"id":16903,"date":"2021-05-15T00:01:35","date_gmt":"2021-05-15T00:01:35","guid":{"rendered":"https:\/\/visionciudadana.com.mx\/chio\/2021\/05\/15\/mario-zamora-llama-al-gobierno-federal-garantizar-seguridad-y-el-ejercicio-de-la-democracia\/"},"modified":"2025-06-25T00:16:10","modified_gmt":"2025-06-25T00:16:10","slug":"mario-zamora-llama-al-gobierno-federal-garantizar-seguridad-y-el-ejercicio-de-la-democracia","status":"publish","type":"post","link":"https:\/\/visionciudadana.com.mx\/oficial\/2021\/05\/15\/mario-zamora-llama-al-gobierno-federal-garantizar-seguridad-y-el-ejercicio-de-la-democracia\/","title":{"rendered":"Mario Zamora llama al gobierno federal garantizar seguridad y el ejercicio de la democracia"},"content":{"rendered":"<p>&nbsp;<\/p>\n<p><img fetchpriority=\"high\" decoding=\"async\" src=\"https:\/\/attachment.outlook.live.net\/owa\/MSA:celinafonsecag@hotmail.com\/service.svc\/s\/GetAttachmentThumbnail?id=AQMkADAwATY3ZmYAZS1jZDM4LTZjYWUtMDACLTAwCgBGAAAD2yhlx\/\/oZ0qS6IZ+gFS\/DwcAR49iNm5xMEqA1Z\/QtQG17gAAAgEMAAAAR49iNm5xMEqA1Z\/QtQG17gAFH6nzwgAAAAESABAAsfnArI9fkUyO3EMIoKhyLQ==&amp;thumbnailType=2&amp;isc=1&amp;token=eyJhbGciOiJSUzI1NiIsImtpZCI6IjMwODE3OUNFNUY0QjUyRTc4QjJEQjg5NjZCQUY0RUNDMzcyN0FFRUUiLCJ0eXAiOiJKV1QiLCJ4NXQiOiJNSUY1emw5TFV1ZUxMYmlXYTY5T3pEY25ydTQifQ.eyJvcmlnaW4iOiJodHRwczovL291dGxvb2subGl2ZS5jb20iLCJ1YyI6ImJkMWYzMDRmN2UxYzRhYzFhNzJiODBhZGI3NmExMWVhIiwidmVyIjoiRXhjaGFuZ2UuQ2FsbGJhY2suVjEiLCJhcHBjdHhzZW5kZXIiOiJPd2FEb3dubG9hZEA4NGRmOWU3Zi1lOWY2LTQwYWYtYjQzNS1hYWFhYWFhYWFhYWEiLCJpc3NyaW5nIjoiV1ciLCJhcHBjdHgiOiJ7XCJtc2V4Y2hwcm90XCI6XCJvd2FcIixcInB1aWRcIjpcIjE4Mjk1ODIyMDE3MTE3OTBcIixcInNjb3BlXCI6XCJPd2FEb3dubG9hZFwiLFwib2lkXCI6XCIwMDA2N2ZmZS1jZDM4LTZjYWUtMDAwMC0wMDAwMDAwMDAwMDBcIixcInByaW1hcnlzaWRcIjpcIlMtMS0yODI3LTQyNTk4Mi0zNDQzMDI3MTE4XCJ9IiwibmJmIjoxNjIxMDM2NDk0LCJleHAiOjE2MjEwMzcwOTQsImlzcyI6IjAwMDAwMDAyLTAwMDAtMGZmMS1jZTAwLTAwMDAwMDAwMDAwMEA4NGRmOWU3Zi1lOWY2LTQwYWYtYjQzNS1hYWFhYWFhYWFhYWEiLCJhdWQiOiIwMDAwMDAwMi0wMDAwLTBmZjEtY2UwMC0wMDAwMDAwMDAwMDAvYXR0YWNobWVudC5vdXRsb29rLmxpdmUubmV0QDg0ZGY5ZTdmLWU5ZjYtNDBhZi1iNDM1LWFhYWFhYWFhYWFhYSIsImhhcHAiOiJvd2EifQ.UOl3uBbxmRwyhh9NNg0tPk-k0kK5_MtKmlJH0TxzRdq2cwK8QspA7SnPEkvXuThMI-r8SC9evo_XSlgupOLc0RkeDtzoh8W-I1fGf4oNnN4UWXZScar9xsyW4yAiQVs6UQRAx_U4S8KhAf5UqCJNDJ2_t9q4xIv-7jgn44MULpBL1lkiRYZkrdOKauZyx1ByEZqBi9hl1tXWppDzeFttEFh3QGjpZe-3YgDNdSL_-YTAt_AQIHggsArVVhzhEVLSHTx25hTErd88wRhPjoxclXgF6kBmHxIl6I5rL33cnf4zKSZPeb0atRM5OgOY15y_yr5vMpT9gNCMicSakv5VHQ&amp;X-OWA-CANARY=WlzgbZ0uh0aNvUIKqpuHrGBA6hE0F9kYOyrgBCT0h2J_pfD0BzQdV-s7A6Iisd2wLj0iQn25X5c.&amp;owa=outlook.live.com&amp;scriptVer=20210510006.07&amp;animation=true\" alt=\"Vista previa de imagen\" width=\"468\" height=\"312\" style=\"display: block; margin-left: auto; margin-right: auto;\" \/><\/p>\n<p>&nbsp;<\/p>\n<p><span style=\"font-family: arial, helvetica, sans-serif; font-size: 12pt;\">Mocorito, Sinaloa, a 14 de mayo de 2021.- Con la aclaraci\u00f3n de que no se ha sentido amenazado durante los 41 d\u00edas de su campa\u00f1a rumbo a la gubernatura, sino al contrario ha sido de buen ambiente y buena vibra, Mario Zamora solicit\u00f3 al Estado Mexicano garantizar la seguridad de las y los candidatos que participan en el actual proceso electoral en Sinaloa y en los otros 14 estados que elegir\u00e1n a sus gobernantes el 6 de junio.<\/span><\/p>\n<p class=\"x_gmail-MsoNoSpacing\"><span style=\"font-family: arial, helvetica, sans-serif; font-size: 12pt;\">Cuestionado por medios de comunicaci\u00f3n del \u00c9vora sobre los hechos de Cajeme, en Sonora, el pr\u00f3ximo gobernador de Sinaloa lament\u00f3 el asesinato de Abel Murrieta, candidato de Movimiento Ciudadano a alcalde en Cajeme, ocurrido este jueves, de quien dijo lo conoc\u00eda y era un buen hombre.<\/span><\/p>\n<p class=\"x_gmail-MsoNoSpacing\"><span style=\"font-family: arial, helvetica, sans-serif; font-size: 12pt;\">Resalt\u00f3 que al haber un ambiente seguro para las y los participantes en el proceso electoral 2021, las autoridades habr\u00e1n de garantizar libertad y democracia, que es lo que m\u00e1s conviene a la sociedad en general.<\/span><\/p>\n<p class=\"x_gmail-MsoNoSpacing\"><span style=\"font-family: arial, helvetica, sans-serif; font-size: 12pt;\">\u201cYo le pido con mucho respeto al Estado Mexicano, al gobierno federal que d\u00e9 total y plena certeza a los mexicanos, por un lado los candidatos que con toda libertad puedan hacer campa\u00f1a. Creo que nos lo merecemos. Yo con todo respeto le pido al presidente de todos los mexicanos, a Andr\u00e9s Manuel (L\u00f3pez Obrador) que ayude a que no permita que sucedan este tipo de cosas. Todos perdemos, pierde la democracia, pierde M\u00e9xico. Es lamentable, muy lamentable\u201d, asinti\u00f3.<\/span><\/p>\n<p class=\"x_gmail-MsoNoSpacing\"><span style=\"font-family: arial, helvetica, sans-serif; font-size: 12pt;\">Mario Zamora dijo que en un pa\u00eds con tantos a\u00f1os de historia, es la gente la que debe decidir de manera libre a sus gobernantes, \u201csin ning\u00fan impedimento, sin ninguna coerci\u00f3n\u201d.<\/span><\/p>\n<p class=\"x_gmail-MsoNoSpacing\"><span style=\"font-family: arial, helvetica, sans-serif; font-size: 12pt;\">En su gira de trabajo por Mocorito, el candidato de la alianza \u201cVa por Sinaloa\u201d resalt\u00f3 que ha podido caminar todo el estado y en todos los municipios ha sentido un buen ambiente.<\/span><\/p>\n<p class=\"x_gmail-MsoNoSpacing\"><span style=\"font-family: arial, helvetica, sans-serif; font-size: 12pt;\">Insisti\u00f3 en que lo sucedido en Sonora es lamentable, no tiene nombre y las autoridades federales deben cuidar que eso no vuelva a pasar.<\/span><\/p>\n<p class=\"x_gmail-MsoNoSpacing\"><span style=\"font-family: arial, helvetica, sans-serif; font-size: 12pt;\">&#8211;00&#8211;<\/span><\/p>\n<p class=\"x_gmail-MsoNoSpacing\"><span style=\"font-family: arial, helvetica, sans-serif; font-size: 12pt;\"><b><i>_*Que no te confundan ni te enga\u00f1en<\/i><\/b><i>.* Los programas sociales como el apoyo a adultos mayores, salud y becas para la educaci\u00f3n son un derecho constitucional que Mario Zamora vot\u00f3 en el Senado, nadie se los puede quitar. En su gobierno ser\u00e1n fortalecidos pero adem\u00e1s se rescatar\u00e1n los programas de estancias infantiles para ayudar a las mam\u00e1s trabajadoras, se luchar\u00e1 para recuperar los apoyos al campo, el empleo temporal, los comedores comunitarios, los refugios para proteger a mujeres v\u00edctimas de violencia y los programas en beneficio de la pesca._<\/i><\/span><\/p>\n<p>&nbsp;<\/p>\n<p>&nbsp;<\/p>\n<p><span style=\"font-family: arial, helvetica, sans-serif; font-size: 12pt;\">Redacci\u00f3n\/ Visi\u00f3n Ciudadana&nbsp;<\/span><\/p>\n","protected":false},"excerpt":{"rendered":"<p>&nbsp; &nbsp; Mocorito, Sinaloa, a 14 de mayo de 2021.- Con la aclaraci\u00f3n de que no se ha sentido amenazado durante los 41 d\u00edas de su campa\u00f1a rumbo a la gubernatura, sino al contrario ha sido de buen ambiente y buena vibra, Mario Zamora solicit\u00f3 al Estado Mexicano garantizar la seguridad de las y los [&hellip;]<\/p>\n","protected":false},"author":1,"featured_media":0,"comment_status":"closed","ping_status":"closed","sticky":false,"template":"","format":"standard","meta":{"footnotes":""},"categories":[24],"tags":[],"ppma_author":[31],"class_list":["post-16903","post","type-post","status-publish","format-standard","hentry","category-relevantes"],"aioseo_notices":[],"authors":[{"term_id":31,"user_id":1,"is_guest":0,"slug":"ivan3vino","display_name":"Iv\u00e1n Trevi\u00f1o","avatar_url":{"url":"https:\/\/visionciudadana.com.mx\/oficial\/wp-content\/uploads\/2025\/09\/columna-ivan-Trevino.png","url2x":"https:\/\/visionciudadana.com.mx\/oficial\/wp-content\/uploads\/2025\/09\/columna-ivan-Trevino.png"},"0":null,"1":"","2":"","3":"","4":"","5":"","6":"","7":"","8":""}],"_links":{"self":[{"href":"https:\/\/visionciudadana.com.mx\/oficial\/wp-json\/wp\/v2\/posts\/16903","targetHints":{"allow":["GET"]}}],"collection":[{"href":"https:\/\/visionciudadana.com.mx\/oficial\/wp-json\/wp\/v2\/posts"}],"about":[{"href":"https:\/\/visionciudadana.com.mx\/oficial\/wp-json\/wp\/v2\/types\/post"}],"author":[{"embeddable":true,"href":"https:\/\/visionciudadana.com.mx\/oficial\/wp-json\/wp\/v2\/users\/1"}],"replies":[{"embeddable":true,"href":"https:\/\/visionciudadana.com.mx\/oficial\/wp-json\/wp\/v2\/comments?post=16903"}],"version-history":[{"count":1,"href":"https:\/\/visionciudadana.com.mx\/oficial\/wp-json\/wp\/v2\/posts\/16903\/revisions"}],"predecessor-version":[{"id":31032,"href":"https:\/\/visionciudadana.com.mx\/oficial\/wp-json\/wp\/v2\/posts\/16903\/revisions\/31032"}],"wp:attachment":[{"href":"https:\/\/visionciudadana.com.mx\/oficial\/wp-json\/wp\/v2\/media?parent=16903"}],"wp:term":[{"taxonomy":"category","embeddable":true,"href":"https:\/\/visionciudadana.com.mx\/oficial\/wp-json\/wp\/v2\/categories?post=16903"},{"taxonomy":"post_tag","embeddable":true,"href":"https:\/\/visionciudadana.com.mx\/oficial\/wp-json\/wp\/v2\/tags?post=16903"},{"taxonomy":"author","embeddable":true,"href":"https:\/\/visionciudadana.com.mx\/oficial\/wp-json\/wp\/v2\/ppma_author?post=16903"}],"curies":[{"name":"wp","href":"https:\/\/api.w.org\/{rel}","templated":true}]}}