{"id":16902,"date":"2021-05-14T23:57:30","date_gmt":"2021-05-14T23:57:30","guid":{"rendered":"https:\/\/visionciudadana.com.mx\/chio\/2021\/05\/14\/apoya-canaco-local-y-la-union-de-locatarios-del-centro-a-faustino-hernandez-alvarez\/"},"modified":"2025-06-25T00:16:10","modified_gmt":"2025-06-25T00:16:10","slug":"apoya-canaco-local-y-la-union-de-locatarios-del-centro-a-faustino-hernandez-alvarez","status":"publish","type":"post","link":"https:\/\/visionciudadana.com.mx\/oficial\/2021\/05\/14\/apoya-canaco-local-y-la-union-de-locatarios-del-centro-a-faustino-hernandez-alvarez\/","title":{"rendered":"Apoya Canaco local y la Uni\u00f3n de Locatarios del Centro a Faustino Hern\u00e1ndez \u00c1lvarez"},"content":{"rendered":"<p><img fetchpriority=\"high\" decoding=\"async\" src=\"images\/vison_7.jpg\" alt=\"vison 7\" width=\"521\" height=\"347\" style=\"display: block; margin-left: auto; margin-right: auto;\" \/><\/p>\n<p>&nbsp;<\/p>\n<p style=\"text-align: justify;\"><span style=\"font-family: arial, helvetica, sans-serif; font-size: 12pt;\">Por ser el candidato amigo de los comerciantes y empresarios, Diego Castro Blanco en su calidad de presidente de la C\u00e1mara Nacional de Comercio y Servicios de Turismo en Culiac\u00e1n, manifest\u00f3 el respaldo de este organismo a&nbsp;&nbsp;&nbsp;&nbsp;&nbsp;&nbsp;&nbsp; Faustino Hern\u00e1ndez \u00c1lvarez.<\/span><\/p>\n<p class=\"x_MsoNormal\" style=\"text-align: justify;\"><span style=\"font-family: arial, helvetica, sans-serif; font-size: 12pt;\">En la misma reuni\u00f3n, tambi\u00e9n \u00d3scar S\u00e1nchez Beltr\u00e1n, Presidente de la Uni\u00f3n de Locatarios del Centro de Culiac\u00e1n, hizo p\u00fablico el apoyo total y absoluto al candidato del PRI, PAN y PRD a la Alcald\u00eda de Culiac\u00e1n.<\/span><\/p>\n<p class=\"x_MsoNormal\" style=\"text-align: justify;\"><span style=\"font-family: arial, helvetica, sans-serif; font-size: 12pt;\">En su intervenci\u00f3n, durante la reuni\u00f3n presencial y v\u00eda zoom,&nbsp; Diego Castro Blanco, a nombre de los 25 empresarios que aglutina la Canaco Servytur,&nbsp; se\u00f1al\u00f3 que Faustino Hern\u00e1ndez habla su mismo idioma, y tiene la voluntad para convertir a Culiac\u00e1n en un gobierno facilitador y promotor de la inversi\u00f3n para beneficio de toda la ciudadan\u00eda.<\/span><\/p>\n<p class=\"x_MsoNormal\" style=\"text-align: justify;\"><span style=\"font-family: arial, helvetica, sans-serif; font-size: 12pt;\">\u201cPara los empresarios es muy importante apoyar a quienes hablan nuestro idioma, los empresarios nos identificamos plenamente con el proyecto que arropa y que represente nuestro amigo candidato a la presidencia municipal, Faustino Hern\u00e1ndez; en el tenemos el perfil m\u00e1s conveniente, m\u00e1s adecuado, con una visi\u00f3n integral de desarrollo, de crear condiciones para que el comercio de Culiac\u00e1n genere este crecimiento y este desarrollo\u201d, dijo.<\/span><\/p>\n<p class=\"x_MsoNormal\" style=\"text-align: justify;\"><span style=\"font-family: arial, helvetica, sans-serif; font-size: 12pt;\">Ante estas muestras de apoyo,&nbsp; el candidato agradeci\u00f3 el respaldo que le dan cada uno de los empresarios para juntos dijo, rescatar Culiac\u00e1n.<\/span><\/p>\n<p class=\"x_MsoNormal\" style=\"text-align: justify;\"><span style=\"font-family: arial, helvetica, sans-serif; font-size: 12pt;\">En el evento, estuvieron&nbsp; tambi\u00e9n presentes, como invitados de honor, Jes\u00fas Vald\u00e9s Palazuelos, Presidente del CDE del PRI, y Arnulfo Paredes Olaiz, Director&nbsp; General de CANACO Servytur.<\/span><\/p>\n<p class=\"x_MsoNormal\" style=\"text-align: justify;\"><span style=\"font-family: arial, helvetica, sans-serif; font-size: 12pt;\">El candidato del PRI, PAN y PRD a la Alcald\u00eda de Culiac\u00e1n, Faustino Hern\u00e1ndez \u00c1lvarez,&nbsp; consider\u00f3 que el gobierno municipal actual ha inhibido la atracci\u00f3n de inversiones, aumentando la burocracia en los tr\u00e1mites y&nbsp; eliminando los incentivos fiscales.<\/span><\/p>\n<p class=\"x_MsoNormal\" style=\"text-align: justify;\"><span style=\"font-family: arial, helvetica, sans-serif; font-size: 12pt;\">Ante empresarios agremiados a la Canaco, se\u00f1al\u00f3 que la muestra m\u00e1s palpable de este desd\u00e9n por promover y proteger la econom\u00eda lo representa el cierre&nbsp; arbitrario del centro de la capital del estado, cuando se pudieron encontrar alternativas menos radicales e igual de efectivas para evitar el da\u00f1o a los negocios de tantos&nbsp;&nbsp; comerciantes.<\/span><\/p>\n<p class=\"x_MsoNormal\" style=\"text-align: justify;\"><span style=\"font-family: arial, helvetica, sans-serif; font-size: 12pt;\">\u201cHay una cerraz\u00f3n y, sobre todo, una barrera de la persona que est\u00e1 gobernando. Tantos problemas que tenemos en Culiac\u00e1n y no hay soluci\u00f3n ni visi\u00f3n, menos sentido de humildad y respeto a los culiacanense, y eso, como yo que soy de Culiac\u00e1n, no quiero m\u00e1s de lo mismo y pienso que ustedes tampoco. Yo no voy a cerrar ninguna calle del centro\u201d, dijo.<\/span><\/p>\n<p class=\"x_MsoNormal\" style=\"text-align: justify;\"><span style=\"font-family: arial, helvetica, sans-serif; font-size: 12pt;\">Consider\u00f3 que las empresas del comercio han sido v\u00edctimas de muy malas decisiones, del actual gobierno municipal, por lo que entiende su&nbsp; molestia e irritaci\u00f3n hacia la autoridad.&nbsp; Arbitrariamente, dijo les cerraron calles, les bajaron la cortina de sus negocios, les impidieron abrir, e incluso prohibieron el acceso de la gente al centro de la ciudad.<\/span><\/p>\n<p class=\"x_MsoNormal\" style=\"text-align: justify;\"><span style=\"font-family: arial, helvetica, sans-serif; font-size: 12pt;\">\u201cLo dije hace poco, que yo s\u00ed voy a dar los Ceprofies. Yo quiero ser facilitador para que vengan inversionistas a invertir a Culiac\u00e1n, y cuando hay inversi\u00f3n hay econom\u00eda, y cuando hay econom\u00eda hay trabajo, y eso se traslada en impuestos, y esos impuestos hay expectativas para tener un mejor Culiac\u00e1n\u201d,&nbsp; manifest\u00f3.<\/span><\/p>\n<p class=\"x_MsoNormal\" style=\"text-align: justify;\"><span style=\"font-family: arial, helvetica, sans-serif; font-size: 12pt;\">Durante este encuentro con miembros de la Canaco, el candidato del PRI, PAN y PRD a la Alcald\u00eda present\u00f3 su plan econ\u00f3mico para la capital del estado, entre los que destac\u00f3 su propuesta para convertir al Ayuntamiento en un gobierno facilitador de las cosas, donde se agilicen los tr\u00e1mites para contribuir al buen funcionamiento de los negocios.&nbsp;<\/span><\/p>\n<p class=\"x_MsoNormal\" style=\"text-align: justify;\"><span style=\"font-family: arial, helvetica, sans-serif; font-size: 12pt;\">De igual manera, destac\u00f3 su propuesta para remodelar de fondo el&nbsp; centro de la ciudad, y los mercados municipales, con el objetivo de contribuir a la expansi\u00f3n de los comercios a trav\u00e9s de espacios atractivos para que la gente acuda all\u00ed a realizar sus compras.<\/span><\/p>\n<p class=\"x_MsoNormal\" style=\"text-align: justify;\"><span style=\"font-family: arial, helvetica, sans-serif; font-size: 12pt;\">De igual manera, dijo, se pondr\u00e1 en marcha el Programa Culiac\u00e1n Emprende, \u201cHecho en Culiac\u00e1n\u201d para promover la comercializaci\u00f3n de los productos elaborados por empresas locales, y&nbsp; el Consejo Municipal de Desarrollo Econ\u00f3mico.<\/span><\/p>\n<p class=\"x_MsoNormal\" style=\"text-align: justify;\"><span style=\"font-family: arial, helvetica, sans-serif; font-size: 12pt;\">De manera especial, inform\u00f3 sobre un proyecto para promover la gastronom\u00eda de Culiac\u00e1n.<\/span><\/p>\n<p class=\"x_MsoNormal\" style=\"text-align: justify;\"><span style=\"font-family: arial, helvetica, sans-serif; font-size: 12pt;\">\u201cLes garantizo que vienen tiempos muy buenos para la actividad comercial de Culiac\u00e1n\u201d, dijo.<\/span><\/p>\n<p class=\"x_MsoNormal\" style=\"text-align: justify;\"><span style=\"font-family: arial, helvetica, sans-serif; font-size: 12pt;\">El candidato del PRI, PAN y PRD&nbsp; a la Alcald\u00eda&nbsp; tuvo hoy otra intensa jornada de campa\u00f1a&nbsp; electoral, que incluy\u00f3, adem\u00e1s de esta reuni\u00f3n con la Canaco, otros&nbsp; encuentros con vecinos de las colonias Tierra Blanca y Felipe \u00c1ngeles, as\u00ed como otro m\u00e1s con j\u00f3venes, en la colonia Chapultepec.<\/span><\/p>\n<p style=\"text-align: justify;\">&nbsp;<\/p>\n<p style=\"text-align: justify;\">&nbsp;<\/p>\n<p style=\"text-align: justify;\">&nbsp;<\/p>\n<p style=\"text-align: justify;\"><span style=\"font-family: arial, helvetica, sans-serif; font-size: 12pt;\">Redacci\u00f3n \/ Visi\u00f3n Ciudadana<\/span><\/p>\n","protected":false},"excerpt":{"rendered":"<p>&nbsp; Por ser el candidato amigo de los comerciantes y empresarios, Diego Castro Blanco en su calidad de presidente de la C\u00e1mara Nacional de Comercio y Servicios de Turismo en Culiac\u00e1n, manifest\u00f3 el respaldo de este organismo a&nbsp;&nbsp;&nbsp;&nbsp;&nbsp;&nbsp;&nbsp; Faustino Hern\u00e1ndez \u00c1lvarez. En la misma reuni\u00f3n, tambi\u00e9n \u00d3scar S\u00e1nchez Beltr\u00e1n, Presidente de la Uni\u00f3n de Locatarios [&hellip;]<\/p>\n","protected":false},"author":1,"featured_media":629,"comment_status":"closed","ping_status":"closed","sticky":false,"template":"","format":"standard","meta":{"footnotes":""},"categories":[24],"tags":[],"ppma_author":[31],"class_list":["post-16902","post","type-post","status-publish","format-standard","has-post-thumbnail","hentry","category-relevantes"],"aioseo_notices":[],"authors":[{"term_id":31,"user_id":1,"is_guest":0,"slug":"ivan3vino","display_name":"Iv\u00e1n Trevi\u00f1o","avatar_url":{"url":"https:\/\/visionciudadana.com.mx\/oficial\/wp-content\/uploads\/2025\/09\/columna-ivan-Trevino.png","url2x":"https:\/\/visionciudadana.com.mx\/oficial\/wp-content\/uploads\/2025\/09\/columna-ivan-Trevino.png"},"0":null,"1":"","2":"","3":"","4":"","5":"","6":"","7":"","8":""}],"_links":{"self":[{"href":"https:\/\/visionciudadana.com.mx\/oficial\/wp-json\/wp\/v2\/posts\/16902","targetHints":{"allow":["GET"]}}],"collection":[{"href":"https:\/\/visionciudadana.com.mx\/oficial\/wp-json\/wp\/v2\/posts"}],"about":[{"href":"https:\/\/visionciudadana.com.mx\/oficial\/wp-json\/wp\/v2\/types\/post"}],"author":[{"embeddable":true,"href":"https:\/\/visionciudadana.com.mx\/oficial\/wp-json\/wp\/v2\/users\/1"}],"replies":[{"embeddable":true,"href":"https:\/\/visionciudadana.com.mx\/oficial\/wp-json\/wp\/v2\/comments?post=16902"}],"version-history":[{"count":1,"href":"https:\/\/visionciudadana.com.mx\/oficial\/wp-json\/wp\/v2\/posts\/16902\/revisions"}],"predecessor-version":[{"id":31033,"href":"https:\/\/visionciudadana.com.mx\/oficial\/wp-json\/wp\/v2\/posts\/16902\/revisions\/31033"}],"wp:featuredmedia":[{"embeddable":true,"href":"https:\/\/visionciudadana.com.mx\/oficial\/wp-json\/wp\/v2\/posts\/629"}],"wp:attachment":[{"href":"https:\/\/visionciudadana.com.mx\/oficial\/wp-json\/wp\/v2\/media?parent=16902"}],"wp:term":[{"taxonomy":"category","embeddable":true,"href":"https:\/\/visionciudadana.com.mx\/oficial\/wp-json\/wp\/v2\/categories?post=16902"},{"taxonomy":"post_tag","embeddable":true,"href":"https:\/\/visionciudadana.com.mx\/oficial\/wp-json\/wp\/v2\/tags?post=16902"},{"taxonomy":"author","embeddable":true,"href":"https:\/\/visionciudadana.com.mx\/oficial\/wp-json\/wp\/v2\/ppma_author?post=16902"}],"curies":[{"name":"wp","href":"https:\/\/api.w.org\/{rel}","templated":true}]}}