{"id":16900,"date":"2021-05-14T23:38:35","date_gmt":"2021-05-14T23:38:35","guid":{"rendered":"https:\/\/visionciudadana.com.mx\/chio\/2021\/05\/14\/no-ha-habido-moches-para-policias-jubilados-dice-estrada-ferreiro\/"},"modified":"2025-06-25T00:16:11","modified_gmt":"2025-06-25T00:16:11","slug":"no-ha-habido-moches-para-policias-jubilados-dice-estrada-ferreiro","status":"publish","type":"post","link":"https:\/\/visionciudadana.com.mx\/oficial\/2021\/05\/14\/no-ha-habido-moches-para-policias-jubilados-dice-estrada-ferreiro\/","title":{"rendered":"No ha habido \u201cmoches\u201d para polic\u00edas jubilados dice Estrada Ferreiro"},"content":{"rendered":"<p><img fetchpriority=\"high\" decoding=\"async\" src=\"images\/vison_5.jpg\" alt=\"vison 5\" width=\"471\" height=\"314\" style=\"display: block; margin-left: auto; margin-right: auto;\" \/><\/p>\n<p>&nbsp;<\/p>\n<p>En el tema de la jubilaci\u00f3n de polic\u00edas municipales, no ha habido moche alguno, lo que hay es una \u201cgrilla pol\u00edtica perversa\u201d, asegur\u00f3 el Lic. Jes\u00fas Estrada Ferreiro, candidato a presidente municipal de Culiac\u00e1n, quien sostuvo que todo est\u00e1 sustentado en un trato firmado entre autoridad municipal y los elementos.<\/p>\n<div>&nbsp;<\/div>\n<div>&nbsp;<\/div>\n<div>Explic\u00f3 que en su momento se platic\u00f3 personalmente con los polic\u00edas que buscaban el pago de su prima de antig\u00fcedad y se les propuso que el 30 por ciento que iban a dar a abogados en caso de que optaran por demandar al Ayuntamiento, fuera mejor para un fondo de donde se obtendr\u00edan recursos para pagar a m\u00e1s polic\u00edas que tambi\u00e9n estaban en espera de ser jubilados.<\/div>\n<div>&nbsp;<\/div>\n<div>&nbsp;<\/div>\n<div>Aclar\u00f3 en este punto, que las anteriores administraciones dejaron este rezago pero se busc\u00f3 por todos los medios hacer un convenio para pagar al mayor n\u00famero de elementos, es por eso que se hizo una lista con quienes aceptaron la propuesta, donde se dio preferencia a quienes tienen m\u00e1s edad o alg\u00fan padecimiento de salud.<\/div>\n<div>&nbsp;<\/div>\n<div>&nbsp;<\/div>\n<div>\u201cDe esos que se inscribieron de 40 se les pag\u00f3 a 20, por decir algo, cu\u00e1les son los 20, los de m\u00e1s edad, los enfermos de c\u00e1ncer, los de una enfermedad de tratamiento permanente como diabetes, etc. para que se curaran para que hicieran uso de su dinero en vida\u201d, dijo el contendiente de la alianza Morena-PAS.<\/div>\n<div>&nbsp;<\/div>\n<div>&nbsp;<\/div>\n<div>&nbsp;<\/div>\n<div>\u201cPero hoy despu\u00e9s de tantos meses, de un a\u00f1o quiz\u00e1s, andan reclamando ahora que fue un moche que les quitamos, no, no les quitamos a nadie nada, es una grilla pol\u00edtica perversa\u201d, recalc\u00f3 Estrada Ferreiro.<\/div>\n<div>&nbsp;<\/div>\n<div>&nbsp;<\/div>\n<div>El candidato reafirm\u00f3 que todo ha sido conforme a la ley lo indica, pero no es de su preocupaci\u00f3n que el tema se use en su contra por parte de sus contrincantes, ya que los avances logrados para Culiac\u00e1n son muestra de su trabajo, adem\u00e1s que seguir\u00e1 pendiente de que se contin\u00fae cumpliendo con esta prestaci\u00f3n a los polic\u00edas municipales.<\/div>\n<div>&nbsp;<\/div>\n<div>&nbsp;<\/div>\n<div>&nbsp;Redacci\u00f3n\/ Visi\u00f3n Ciudadana&nbsp;<\/div>\n","protected":false},"excerpt":{"rendered":"<p>&nbsp; En el tema de la jubilaci\u00f3n de polic\u00edas municipales, no ha habido moche alguno, lo que hay es una \u201cgrilla pol\u00edtica perversa\u201d, asegur\u00f3 el Lic. Jes\u00fas Estrada Ferreiro, candidato a presidente municipal de Culiac\u00e1n, quien sostuvo que todo est\u00e1 sustentado en un trato firmado entre autoridad municipal y los elementos. &nbsp; &nbsp; Explic\u00f3 que [&hellip;]<\/p>\n","protected":false},"author":1,"featured_media":625,"comment_status":"closed","ping_status":"closed","sticky":false,"template":"","format":"standard","meta":{"footnotes":""},"categories":[24],"tags":[],"ppma_author":[31],"class_list":["post-16900","post","type-post","status-publish","format-standard","has-post-thumbnail","hentry","category-relevantes"],"aioseo_notices":[],"authors":[{"term_id":31,"user_id":1,"is_guest":0,"slug":"ivan3vino","display_name":"Iv\u00e1n Trevi\u00f1o","avatar_url":{"url":"https:\/\/visionciudadana.com.mx\/oficial\/wp-content\/uploads\/2025\/09\/columna-ivan-Trevino.png","url2x":"https:\/\/visionciudadana.com.mx\/oficial\/wp-content\/uploads\/2025\/09\/columna-ivan-Trevino.png"},"0":null,"1":"","2":"","3":"","4":"","5":"","6":"","7":"","8":""}],"_links":{"self":[{"href":"https:\/\/visionciudadana.com.mx\/oficial\/wp-json\/wp\/v2\/posts\/16900","targetHints":{"allow":["GET"]}}],"collection":[{"href":"https:\/\/visionciudadana.com.mx\/oficial\/wp-json\/wp\/v2\/posts"}],"about":[{"href":"https:\/\/visionciudadana.com.mx\/oficial\/wp-json\/wp\/v2\/types\/post"}],"author":[{"embeddable":true,"href":"https:\/\/visionciudadana.com.mx\/oficial\/wp-json\/wp\/v2\/users\/1"}],"replies":[{"embeddable":true,"href":"https:\/\/visionciudadana.com.mx\/oficial\/wp-json\/wp\/v2\/comments?post=16900"}],"version-history":[{"count":1,"href":"https:\/\/visionciudadana.com.mx\/oficial\/wp-json\/wp\/v2\/posts\/16900\/revisions"}],"predecessor-version":[{"id":31035,"href":"https:\/\/visionciudadana.com.mx\/oficial\/wp-json\/wp\/v2\/posts\/16900\/revisions\/31035"}],"wp:featuredmedia":[{"embeddable":true,"href":"https:\/\/visionciudadana.com.mx\/oficial\/wp-json\/wp\/v2\/posts\/625"}],"wp:attachment":[{"href":"https:\/\/visionciudadana.com.mx\/oficial\/wp-json\/wp\/v2\/media?parent=16900"}],"wp:term":[{"taxonomy":"category","embeddable":true,"href":"https:\/\/visionciudadana.com.mx\/oficial\/wp-json\/wp\/v2\/categories?post=16900"},{"taxonomy":"post_tag","embeddable":true,"href":"https:\/\/visionciudadana.com.mx\/oficial\/wp-json\/wp\/v2\/tags?post=16900"},{"taxonomy":"author","embeddable":true,"href":"https:\/\/visionciudadana.com.mx\/oficial\/wp-json\/wp\/v2\/ppma_author?post=16900"}],"curies":[{"name":"wp","href":"https:\/\/api.w.org\/{rel}","templated":true}]}}