{"id":16895,"date":"2021-05-14T00:46:53","date_gmt":"2021-05-14T00:46:53","guid":{"rendered":"https:\/\/visionciudadana.com.mx\/chio\/2021\/05\/14\/panistas-de-navolato-se-unen-al-proyecto-politico-de-rigo-mejia\/"},"modified":"2025-06-25T00:16:11","modified_gmt":"2025-06-25T00:16:11","slug":"panistas-de-navolato-se-unen-al-proyecto-politico-de-rigo-mejia","status":"publish","type":"post","link":"https:\/\/visionciudadana.com.mx\/oficial\/2021\/05\/14\/panistas-de-navolato-se-unen-al-proyecto-politico-de-rigo-mejia\/","title":{"rendered":"Panistas de Navolato, se unen al proyecto pol\u00edtico de Rigo Mej\u00eda"},"content":{"rendered":"<p style=\"text-align: justify;\">&nbsp;<\/p>\n<p><img fetchpriority=\"high\" decoding=\"async\" src=\"images\/2021\/mayo21\/navolato.jpg\" alt=\"navolato\" width=\"780\" height=\"420\" style=\"display: block; margin: 20px auto;\" \/><\/p>\n<div style=\"text-align: justify;\"><span style=\"font-size: 14pt; font-family: arial, helvetica, sans-serif;\">Ex presidentes municipales, ex regidores, l\u00edderes de colonias y comunidades, declararon su adhesi\u00f3n al proyecto pol\u00edtico del candidato del PRI a la presidencia municipal de Navolato, Rigo Mej\u00eda.&nbsp;<\/span><\/div>\n<div style=\"text-align: justify;\">&nbsp;<\/div>\n<div style=\"text-align: justify;\"><span style=\"font-size: 14pt; font-family: arial, helvetica, sans-serif;\"><\/span><\/div>\n<div style=\"text-align: justify;\"><span style=\"font-size: 14pt; font-family: arial, helvetica, sans-serif;\">\u00abA Navolato le urge un cambio, nosotros vemos en Rigo Mej\u00eda y en su proyecto, que es lo que nuestro municipio necesita, para tener mejores obras a beneficio de los navolatenses\u00bb dijo el expresidente municipal, Esteban Valenzuela Muro.&nbsp;<\/span><\/div>\n<div style=\"text-align: justify;\">&nbsp;<\/div>\n<div style=\"text-align: justify;\"><span style=\"font-size: 14pt; font-family: arial, helvetica, sans-serif;\"><\/span><\/div>\n<div style=\"text-align: justify;\"><span style=\"font-size: 14pt; font-family: arial, helvetica, sans-serif;\">Gabriel Rojas, ex regidor se\u00f1al\u00f3 que \u00abvemos en Rigo Mej\u00eda, un joven preparado para dirigir los destinos del municipio, una persona que esta cercano a la gente y sabe de las carencias que se sufre en las distintas comunidades, colonias y sindicaturas\u00bb.&nbsp;<\/span><\/div>\n<div style=\"text-align: justify;\">&nbsp;<\/div>\n<div style=\"text-align: justify;\"><span style=\"font-size: 14pt; font-family: arial, helvetica, sans-serif;\"><\/span><\/div>\n<div style=\"text-align: justify;\"><span style=\"font-size: 14pt; font-family: arial, helvetica, sans-serif;\">Por su parte, el candidato del PRI, agradeci\u00f3 a los l\u00edderes panistas por sumarse a este gran proyecto, se\u00f1al\u00f3 que su administraci\u00f3n ser\u00e1 de mejoras para el municipio, en los diferentes rubros, ya que Navolato, se encuentra en el olvido.&nbsp;<\/span><\/div>\n<div style=\"text-align: justify;\">&nbsp;<\/div>\n<div style=\"text-align: justify;\"><span style=\"font-size: 14pt; font-family: arial, helvetica, sans-serif;\"><\/span><\/div>\n<div style=\"text-align: justify;\"><span style=\"font-size: 14pt; font-family: arial, helvetica, sans-serif;\">\u00abSoy un ciudadano igual que ustedes, convencido de que a Navolato, le urge un cambio, con mejoras en los servicios p\u00fablicos, obras de pavimentaci\u00f3n, impulso al deporte, programas a beneficio de las mujeres y j\u00f3venes entre otros m\u00e1s que beneficien a las y los navolatenses\u00bb coment\u00f3 Mej\u00eda Samaniego.<\/span><\/div>\n<div style=\"text-align: justify;\">&nbsp;<\/div>\n<div style=\"text-align: justify;\"><span style=\"font-size: 14pt; font-family: arial, helvetica, sans-serif;\"><\/span><\/div>\n<div style=\"text-align: justify;\"><span style=\"font-size: 14pt; font-family: arial, helvetica, sans-serif;\">Estuvieron en la reuni\u00f3n Julio Hern\u00e1ndez, Roberto Garc\u00eda Gast\u00e9lum, Gabriel Rojas, Cornelio Gast\u00e9lum, Albriano Gaxiola, Francisco Fuentes, Concepci\u00f3n Amador, Ram\u00f3n Murillo, entre otros simpatizantes de diferentes comunidades.<\/span><\/div>\n<div style=\"text-align: justify;\">&nbsp;<\/div>\n<div style=\"text-align: justify;\">&nbsp;<\/div>\n<div style=\"text-align: justify;\">&nbsp;<\/div>\n<div style=\"text-align: justify;\">&nbsp;<\/div>\n<div style=\"text-align: justify;\"><span style=\"font-size: 14pt; font-family: arial, helvetica, sans-serif;\">REDACCI\u00d3N\/VISI\u00d3N CIUDADANA.<\/span><\/div>\n","protected":false},"excerpt":{"rendered":"<p>&nbsp; Ex presidentes municipales, ex regidores, l\u00edderes de colonias y comunidades, declararon su adhesi\u00f3n al proyecto pol\u00edtico del candidato del PRI a la presidencia municipal de Navolato, Rigo Mej\u00eda.&nbsp; &nbsp; \u00abA Navolato le urge un cambio, nosotros vemos en Rigo Mej\u00eda y en su proyecto, que es lo que nuestro municipio necesita, para tener mejores [&hellip;]<\/p>\n","protected":false},"author":1,"featured_media":619,"comment_status":"closed","ping_status":"closed","sticky":false,"template":"","format":"standard","meta":{"footnotes":""},"categories":[24],"tags":[],"ppma_author":[31],"class_list":["post-16895","post","type-post","status-publish","format-standard","has-post-thumbnail","hentry","category-relevantes"],"aioseo_notices":[],"authors":[{"term_id":31,"user_id":1,"is_guest":0,"slug":"ivan3vino","display_name":"Iv\u00e1n Trevi\u00f1o","avatar_url":{"url":"https:\/\/visionciudadana.com.mx\/oficial\/wp-content\/uploads\/2025\/09\/columna-ivan-Trevino.png","url2x":"https:\/\/visionciudadana.com.mx\/oficial\/wp-content\/uploads\/2025\/09\/columna-ivan-Trevino.png"},"0":null,"1":"","2":"","3":"","4":"","5":"","6":"","7":"","8":""}],"_links":{"self":[{"href":"https:\/\/visionciudadana.com.mx\/oficial\/wp-json\/wp\/v2\/posts\/16895","targetHints":{"allow":["GET"]}}],"collection":[{"href":"https:\/\/visionciudadana.com.mx\/oficial\/wp-json\/wp\/v2\/posts"}],"about":[{"href":"https:\/\/visionciudadana.com.mx\/oficial\/wp-json\/wp\/v2\/types\/post"}],"author":[{"embeddable":true,"href":"https:\/\/visionciudadana.com.mx\/oficial\/wp-json\/wp\/v2\/users\/1"}],"replies":[{"embeddable":true,"href":"https:\/\/visionciudadana.com.mx\/oficial\/wp-json\/wp\/v2\/comments?post=16895"}],"version-history":[{"count":1,"href":"https:\/\/visionciudadana.com.mx\/oficial\/wp-json\/wp\/v2\/posts\/16895\/revisions"}],"predecessor-version":[{"id":31036,"href":"https:\/\/visionciudadana.com.mx\/oficial\/wp-json\/wp\/v2\/posts\/16895\/revisions\/31036"}],"wp:featuredmedia":[{"embeddable":true,"href":"https:\/\/visionciudadana.com.mx\/oficial\/wp-json\/wp\/v2\/media\/619"}],"wp:attachment":[{"href":"https:\/\/visionciudadana.com.mx\/oficial\/wp-json\/wp\/v2\/media?parent=16895"}],"wp:term":[{"taxonomy":"category","embeddable":true,"href":"https:\/\/visionciudadana.com.mx\/oficial\/wp-json\/wp\/v2\/categories?post=16895"},{"taxonomy":"post_tag","embeddable":true,"href":"https:\/\/visionciudadana.com.mx\/oficial\/wp-json\/wp\/v2\/tags?post=16895"},{"taxonomy":"author","embeddable":true,"href":"https:\/\/visionciudadana.com.mx\/oficial\/wp-json\/wp\/v2\/ppma_author?post=16895"}],"curies":[{"name":"wp","href":"https:\/\/api.w.org\/{rel}","templated":true}]}}