{"id":16894,"date":"2021-05-13T22:07:04","date_gmt":"2021-05-13T22:07:04","guid":{"rendered":"https:\/\/visionciudadana.com.mx\/chio\/2021\/05\/13\/estrada-ferreiro-habla-sin-mentirle-a-la-gente-y-por-eso-tiene-su-apoyo\/"},"modified":"2025-06-25T00:16:11","modified_gmt":"2025-06-25T00:16:11","slug":"estrada-ferreiro-habla-sin-mentirle-a-la-gente-y-por-eso-tiene-su-apoyo","status":"publish","type":"post","link":"https:\/\/visionciudadana.com.mx\/oficial\/2021\/05\/13\/estrada-ferreiro-habla-sin-mentirle-a-la-gente-y-por-eso-tiene-su-apoyo\/","title":{"rendered":"Estrada Ferreiro habla sin mentirle a la gente y por eso tiene su apoyo\u00a0"},"content":{"rendered":"<p style=\"text-align: justify;\"><img fetchpriority=\"high\" decoding=\"async\" src=\"images\/2021\/mayo21\/jefs.jpg\" alt=\"jefs\" width=\"780\" height=\"420\" style=\"display: block; margin: 20px auto;\" \/><\/p>\n<div style=\"text-align: justify;\"><span style=\"font-size: 14pt; font-family: arial, helvetica, sans-serif;\"><\/span><\/div>\n<div style=\"text-align: justify;\"><span style=\"font-size: 14pt; font-family: arial, helvetica, sans-serif;\">A la gente no se le puede mentir o inventar ideas que no se van a cumplir, tampoco improvisar propuestas que no tienen sustento ni recursos, a la ciudadan\u00eda se le respeta dijo el Lic. Jes\u00fas Estrada Ferreiro.&nbsp;<\/span><\/div>\n<div style=\"text-align: justify;\">&nbsp;<\/div>\n<div style=\"text-align: justify;\"><span style=\"font-size: 14pt; font-family: arial, helvetica, sans-serif;\"><\/span><\/div>\n<div style=\"text-align: justify;\"><span style=\"font-size: 14pt; font-family: arial, helvetica, sans-serif;\">El candidato de Morena \u2013 PAS a la presidencia municipal, garantiz\u00f3 calidad de atenci\u00f3n y servicio para la ciudadan\u00eda durante su administraci\u00f3n, gracias al personal calificado, y con extraordinario perfil que tiene cada uno de sus colaboradores, tal como ha sido durante el inicio de su periodo.&nbsp;<\/span><\/div>\n<div style=\"text-align: justify;\">&nbsp;<\/div>\n<div style=\"text-align: justify;\"><span style=\"font-size: 14pt; font-family: arial, helvetica, sans-serif;\"><\/span><\/div>\n<div style=\"text-align: justify;\"><span style=\"font-size: 14pt; font-family: arial, helvetica, sans-serif;\">\u201cNo es posible seguir minti\u00e9ndole a la gente que vamos a pavimentar totalmente sin adeudarnos, no es posible decirles que vamos hacer una obra suntuosa sino tenemos recursos, por eso yo he insistido mucho en la gesti\u00f3n legislativa\u201d, asegur\u00f3.&nbsp;<\/span><\/div>\n<div style=\"text-align: justify;\">&nbsp;<\/div>\n<div style=\"text-align: justify;\"><span style=\"font-size: 14pt; font-family: arial, helvetica, sans-serif;\"><\/span><\/div>\n<div style=\"text-align: justify;\"><span style=\"font-size: 14pt; font-family: arial, helvetica, sans-serif;\">Los problemas de Culiac\u00e1n se est\u00e1n atendiendo y se est\u00e1 trabajando con rectitud y buen uso de los recursos p\u00fablicos, lo que se retomar\u00e1 una vez que se logre el triunfo el pr\u00f3ximo 6 de junio con el apoyo del pueblo.&nbsp;<\/span><\/div>\n<div style=\"text-align: justify;\">&nbsp;<\/div>\n<div style=\"text-align: justify;\"><span style=\"font-size: 14pt; font-family: arial, helvetica, sans-serif;\"><\/span><\/div>\n<div style=\"text-align: justify;\"><span style=\"font-size: 14pt; font-family: arial, helvetica, sans-serif;\">Estrada Ferreiro destac\u00f3 que el municipio ha iniciado un desarrollo con visi\u00f3n y cercano a las prioridades de la poblaci\u00f3n, por eso se tienen grandes proyectos por iniciar los mismos que dar\u00e1n bienestar y crecimiento a la regi\u00f3n.<\/span><\/div>\n<div style=\"text-align: justify;\">&nbsp;<\/div>\n<div style=\"text-align: justify;\"><span style=\"font-size: 14pt; font-family: arial, helvetica, sans-serif;\"><\/span><\/div>\n<div style=\"text-align: justify;\"><span style=\"font-size: 14pt; font-family: arial, helvetica, sans-serif;\">Esto lo dijo durante un recorrido por el Mercado de Abastos, donde los locatarios le refrendaron su apoyo, para repetir como Presidente Municipal de Culiac\u00e1n.<\/span><\/div>\n<div style=\"text-align: justify;\">&nbsp;<\/div>\n<div style=\"text-align: justify;\">&nbsp;<\/div>\n<div style=\"text-align: justify;\">&nbsp;<\/div>\n<div style=\"text-align: justify;\"><span style=\"font-size: 14pt; font-family: arial, helvetica, sans-serif;\">REDACCI\u00d3N\/VISI\u00d3N CIUDADANA.<\/span><\/div>\n","protected":false},"excerpt":{"rendered":"<p>A la gente no se le puede mentir o inventar ideas que no se van a cumplir, tampoco improvisar propuestas que no tienen sustento ni recursos, a la ciudadan\u00eda se le respeta dijo el Lic. Jes\u00fas Estrada Ferreiro.&nbsp; &nbsp; El candidato de Morena \u2013 PAS a la presidencia municipal, garantiz\u00f3 calidad de atenci\u00f3n y servicio [&hellip;]<\/p>\n","protected":false},"author":1,"featured_media":617,"comment_status":"closed","ping_status":"closed","sticky":false,"template":"","format":"standard","meta":{"footnotes":""},"categories":[24],"tags":[],"ppma_author":[31],"class_list":["post-16894","post","type-post","status-publish","format-standard","has-post-thumbnail","hentry","category-relevantes"],"aioseo_notices":[],"authors":[{"term_id":31,"user_id":1,"is_guest":0,"slug":"ivan3vino","display_name":"Iv\u00e1n Trevi\u00f1o","avatar_url":{"url":"https:\/\/visionciudadana.com.mx\/oficial\/wp-content\/uploads\/2025\/09\/columna-ivan-Trevino.png","url2x":"https:\/\/visionciudadana.com.mx\/oficial\/wp-content\/uploads\/2025\/09\/columna-ivan-Trevino.png"},"0":null,"1":"","2":"","3":"","4":"","5":"","6":"","7":"","8":""}],"_links":{"self":[{"href":"https:\/\/visionciudadana.com.mx\/oficial\/wp-json\/wp\/v2\/posts\/16894","targetHints":{"allow":["GET"]}}],"collection":[{"href":"https:\/\/visionciudadana.com.mx\/oficial\/wp-json\/wp\/v2\/posts"}],"about":[{"href":"https:\/\/visionciudadana.com.mx\/oficial\/wp-json\/wp\/v2\/types\/post"}],"author":[{"embeddable":true,"href":"https:\/\/visionciudadana.com.mx\/oficial\/wp-json\/wp\/v2\/users\/1"}],"replies":[{"embeddable":true,"href":"https:\/\/visionciudadana.com.mx\/oficial\/wp-json\/wp\/v2\/comments?post=16894"}],"version-history":[{"count":1,"href":"https:\/\/visionciudadana.com.mx\/oficial\/wp-json\/wp\/v2\/posts\/16894\/revisions"}],"predecessor-version":[{"id":31037,"href":"https:\/\/visionciudadana.com.mx\/oficial\/wp-json\/wp\/v2\/posts\/16894\/revisions\/31037"}],"wp:featuredmedia":[{"embeddable":true,"href":"https:\/\/visionciudadana.com.mx\/oficial\/wp-json\/wp\/v2\/media\/617"}],"wp:attachment":[{"href":"https:\/\/visionciudadana.com.mx\/oficial\/wp-json\/wp\/v2\/media?parent=16894"}],"wp:term":[{"taxonomy":"category","embeddable":true,"href":"https:\/\/visionciudadana.com.mx\/oficial\/wp-json\/wp\/v2\/categories?post=16894"},{"taxonomy":"post_tag","embeddable":true,"href":"https:\/\/visionciudadana.com.mx\/oficial\/wp-json\/wp\/v2\/tags?post=16894"},{"taxonomy":"author","embeddable":true,"href":"https:\/\/visionciudadana.com.mx\/oficial\/wp-json\/wp\/v2\/ppma_author?post=16894"}],"curies":[{"name":"wp","href":"https:\/\/api.w.org\/{rel}","templated":true}]}}