{"id":16885,"date":"2021-05-13T01:24:24","date_gmt":"2021-05-13T01:24:24","guid":{"rendered":"https:\/\/visionciudadana.com.mx\/chio\/2021\/05\/13\/ruben-rocha-moya-se-reune-con-jovenes-emprendedores\/"},"modified":"2025-06-25T00:16:12","modified_gmt":"2025-06-25T00:16:12","slug":"ruben-rocha-moya-se-reune-con-jovenes-emprendedores","status":"publish","type":"post","link":"https:\/\/visionciudadana.com.mx\/oficial\/2021\/05\/13\/ruben-rocha-moya-se-reune-con-jovenes-emprendedores\/","title":{"rendered":"Rub\u00e9n Rocha Moya se re\u00fane con j\u00f3venes emprendedores.  \u00a0"},"content":{"rendered":"<div style=\"text-align: justify;\"><span style=\"font-size: 14pt; font-family: arial, helvetica, sans-serif;\"><img fetchpriority=\"high\" decoding=\"async\" src=\"images\/2021\/mayo21\/emprendedores.jpg\" alt=\"emprendedores\" width=\"780\" height=\"420\" style=\"display: block; margin: 20px auto;\" \/><\/span><\/div>\n<div style=\"text-align: justify;\">&nbsp;<\/div>\n<div style=\"text-align: justify;\"><span style=\"font-size: 14pt; font-family: arial, helvetica, sans-serif;\"><\/span><\/div>\n<div style=\"text-align: justify;\"><span style=\"font-size: 14pt; font-family: arial, helvetica, sans-serif;\">El candidato a la gubernatura de Sinaloa por PAS-Morena, Rub\u00e9n Rocha Moya, se reuni\u00f3 con j\u00f3venes emprendedores del municipio de Culiac\u00e1n, a este evento acompa\u00f1aron al candidato el Senador Am\u00e9rico Villarreal y el presidente del Partido Sinaloense, H\u00e9ctor Melesio Cu\u00e9n Ojeda.<\/span><\/div>\n<div style=\"text-align: justify;\">&nbsp;<\/div>\n<div style=\"text-align: justify;\"><span style=\"font-size: 14pt; font-family: arial, helvetica, sans-serif;\"><\/span><\/div>\n<div style=\"text-align: justify;\"><span style=\"font-size: 14pt; font-family: arial, helvetica, sans-serif;\">\u201cM\u00e9xico es un pa\u00eds de j\u00f3venes, el bono poblacional no ha sido aprovechado, para poder hacer rendir este bono nosotros le apostamos a la educaci\u00f3n que se les imparte a los j\u00f3venes; por eso el Dr. Rub\u00e9n Rocha Moya es una garant\u00eda para poder impulsar al adolescente, ya que fue impulsor de la Ley de Educaci\u00f3n Superior que garantiza la educaci\u00f3n superior gratuita\u201d, dijo el presidente del Partido Sinaloense, H\u00e9ctor Melesio Cu\u00e9n Ojeda.<\/span><\/div>\n<div style=\"text-align: justify;\">&nbsp;<\/div>\n<div style=\"text-align: justify;\"><span style=\"font-size: 14pt; font-family: arial, helvetica, sans-serif;\"><\/span><\/div>\n<div style=\"text-align: justify;\"><span style=\"font-size: 14pt; font-family: arial, helvetica, sans-serif;\">El Senador Am\u00e9rico Villarreal, presidente de la Comisi\u00f3n de Salud del Senado, afirm\u00f3 que debemos de aprender a pensar como en otras naciones, que una crisis es tambi\u00e9n una gran oportunidad, sobre todo para los j\u00f3venes, pero \u00e9sta s\u00f3lo llega con el conocimiento y: \u201cCon los j\u00f3venes que tengan conocimiento, podemos realizar una transformaci\u00f3n como la que est\u00e1 emprendiendo el presidente Andr\u00e9s Manuel L\u00f3pez Obrador en el pa\u00eds, ahora la podemos hacer aqu\u00ed con Rub\u00e9n Rocha Moya\u201d.<\/span><\/div>\n<div style=\"text-align: justify;\">&nbsp;<\/div>\n<div style=\"text-align: justify;\"><span style=\"font-size: 14pt; font-family: arial, helvetica, sans-serif;\"><\/span><\/div>\n<div style=\"text-align: justify;\"><span style=\"font-size: 14pt; font-family: arial, helvetica, sans-serif;\">\u201cA ustedes les est\u00e1 tocando vivir algo que muchas generaciones no vivieron, est\u00e1n en una etapa de cambios y estos deben de aprovecharlos en su favor, deben de tomar las oportunidades que se les abren, pero estos deben de hacerlo con los conocimientos que les da la educaci\u00f3n, aprovechen y hagan un posgrado, ahora es m\u00e1s f\u00e1cil\u201d, as\u00ed motiv\u00f3 a los j\u00f3venes el candidato Rub\u00e9n Rocha Moya.<\/span><\/div>\n<div style=\"text-align: justify;\">&nbsp;<\/div>\n<div style=\"text-align: justify;\"><span style=\"font-size: 14pt; font-family: arial, helvetica, sans-serif;\"><\/span><\/div>\n<div style=\"text-align: justify;\"><span style=\"font-size: 14pt; font-family: arial, helvetica, sans-serif;\">\u201cLes informo que en mi gobierno vamos a apoyarlos con becas, con apoyos a emprendedores con cr\u00e9ditos oportunos, suficientes y accesibles; tambi\u00e9n modificaremos la Ley de Adquisiciones para que algunas licitaciones sean exclusiva para emprendedores, peque\u00f1os y medianos empresarios sean proveedores del Estado, pero tambi\u00e9n, en mi gobierno tendremos j\u00f3venes en secretar\u00edas, subsecretar\u00edas y directores, porque los perfiles son: no robar, no mentir y no enga\u00f1ar a la gente y ustedes los j\u00f3venes son personas sanas\u201d, afirm\u00f3&nbsp; Rub\u00e9n Rocha Moya, candidato a la gubernatura de Sinaloa por el PAS-Morena.<\/span><\/div>\n<div style=\"text-align: justify;\">&nbsp;<\/div>\n<div style=\"text-align: justify;\">&nbsp;<\/div>\n<div style=\"text-align: justify;\">&nbsp;<\/div>\n<div style=\"text-align: justify;\"><span style=\"font-size: 14pt; font-family: arial, helvetica, sans-serif;\">REDACCI\u00d3N\/VISI\u00d3N CIUDADANA.<\/span><\/div>\n","protected":false},"excerpt":{"rendered":"<p>&nbsp; El candidato a la gubernatura de Sinaloa por PAS-Morena, Rub\u00e9n Rocha Moya, se reuni\u00f3 con j\u00f3venes emprendedores del municipio de Culiac\u00e1n, a este evento acompa\u00f1aron al candidato el Senador Am\u00e9rico Villarreal y el presidente del Partido Sinaloense, H\u00e9ctor Melesio Cu\u00e9n Ojeda. &nbsp; \u201cM\u00e9xico es un pa\u00eds de j\u00f3venes, el bono poblacional no ha sido [&hellip;]<\/p>\n","protected":false},"author":1,"featured_media":604,"comment_status":"closed","ping_status":"closed","sticky":false,"template":"","format":"standard","meta":{"footnotes":""},"categories":[24],"tags":[],"ppma_author":[31],"class_list":["post-16885","post","type-post","status-publish","format-standard","has-post-thumbnail","hentry","category-relevantes"],"aioseo_notices":[],"authors":[{"term_id":31,"user_id":1,"is_guest":0,"slug":"ivan3vino","display_name":"Iv\u00e1n Trevi\u00f1o","avatar_url":{"url":"https:\/\/visionciudadana.com.mx\/oficial\/wp-content\/uploads\/2025\/09\/columna-ivan-Trevino.png","url2x":"https:\/\/visionciudadana.com.mx\/oficial\/wp-content\/uploads\/2025\/09\/columna-ivan-Trevino.png"},"0":null,"1":"","2":"","3":"","4":"","5":"","6":"","7":"","8":""}],"_links":{"self":[{"href":"https:\/\/visionciudadana.com.mx\/oficial\/wp-json\/wp\/v2\/posts\/16885","targetHints":{"allow":["GET"]}}],"collection":[{"href":"https:\/\/visionciudadana.com.mx\/oficial\/wp-json\/wp\/v2\/posts"}],"about":[{"href":"https:\/\/visionciudadana.com.mx\/oficial\/wp-json\/wp\/v2\/types\/post"}],"author":[{"embeddable":true,"href":"https:\/\/visionciudadana.com.mx\/oficial\/wp-json\/wp\/v2\/users\/1"}],"replies":[{"embeddable":true,"href":"https:\/\/visionciudadana.com.mx\/oficial\/wp-json\/wp\/v2\/comments?post=16885"}],"version-history":[{"count":1,"href":"https:\/\/visionciudadana.com.mx\/oficial\/wp-json\/wp\/v2\/posts\/16885\/revisions"}],"predecessor-version":[{"id":31041,"href":"https:\/\/visionciudadana.com.mx\/oficial\/wp-json\/wp\/v2\/posts\/16885\/revisions\/31041"}],"wp:featuredmedia":[{"embeddable":true,"href":"https:\/\/visionciudadana.com.mx\/oficial\/wp-json\/wp\/v2\/posts\/604"}],"wp:attachment":[{"href":"https:\/\/visionciudadana.com.mx\/oficial\/wp-json\/wp\/v2\/media?parent=16885"}],"wp:term":[{"taxonomy":"category","embeddable":true,"href":"https:\/\/visionciudadana.com.mx\/oficial\/wp-json\/wp\/v2\/categories?post=16885"},{"taxonomy":"post_tag","embeddable":true,"href":"https:\/\/visionciudadana.com.mx\/oficial\/wp-json\/wp\/v2\/tags?post=16885"},{"taxonomy":"author","embeddable":true,"href":"https:\/\/visionciudadana.com.mx\/oficial\/wp-json\/wp\/v2\/ppma_author?post=16885"}],"curies":[{"name":"wp","href":"https:\/\/api.w.org\/{rel}","templated":true}]}}