{"id":16881,"date":"2021-05-12T23:53:45","date_gmt":"2021-05-12T23:53:45","guid":{"rendered":"https:\/\/visionciudadana.com.mx\/chio\/2021\/05\/12\/agradece-gobernador-a-la-uas-por-las-acciones-realizadas-para-mitigar-efectos-de-la-pandemia-en-el-estado\/"},"modified":"2025-06-25T00:16:12","modified_gmt":"2025-06-25T00:16:12","slug":"agradece-gobernador-a-la-uas-por-las-acciones-realizadas-para-mitigar-efectos-de-la-pandemia-en-el-estado","status":"publish","type":"post","link":"https:\/\/visionciudadana.com.mx\/oficial\/2021\/05\/12\/agradece-gobernador-a-la-uas-por-las-acciones-realizadas-para-mitigar-efectos-de-la-pandemia-en-el-estado\/","title":{"rendered":"Agradece Gobernador a la UAS por las acciones realizadas para mitigar efectos de la pandemia en el Estado"},"content":{"rendered":"<div class=\"aKEZUGyWi5haT6riFXgvp customScrollBar\" tabindex=\"-1\" data-is-scrollable=\"true\">\n<div class=\"wide-content-host\">\n<div class=\"_2Tgrtrj5ACwo2I6mKHcBME\">\n<div class=\"jgenqigMC4s0jMUDuG-YY\">&nbsp;<\/div>\n<div class=\"_2zOpJb7ZbCN0X1DoeFyiYw JWNdg1hee9_Rz6bIGvG1c allowTextSelection\">\n<div class=\"rps_b9fb\">\n<div dir=\"ltr\">\n<p class=\"x_MsoNormal\" align=\"center\">&nbsp;<\/p>\n<p class=\"x_MsoNormal\" style=\"text-align: justify;\" align=\"right\"><span style=\"font-size: 14pt; font-family: arial, helvetica, sans-serif;\"><i><span lang=\"ES\">&nbsp;<img fetchpriority=\"high\" decoding=\"async\" src=\"images\/2021\/mayo21\/agradece-gober.jpg\" alt=\"agradece gober\" width=\"780\" height=\"420\" style=\"margin: 20px auto; display: block;\" \/><\/span><\/i><\/span><\/p>\n<p class=\"x_MsoNormal\" style=\"text-align: justify;\"><span lang=\"ES\" style=\"font-size: 14pt; font-family: arial, helvetica, sans-serif;\">El Gobernador del Estado de Sinaloa, licenciado Quirino Ordaz Coppel, expres\u00f3 su agradecimiento a la Universidad Aut\u00f3noma de Sinaloa por las acciones que ha venido realizando para mitigar los efectos de la pandemia por COVID-19 y ponder\u00f3 la buena relaci\u00f3n de trabajo en equipo que mantienen el Gobierno Estatal y la Casa Rosalina, la cual consider\u00f3 debe continuar as\u00ed.<\/span><\/p>\n<p class=\"x_MsoNormal\" style=\"text-align: justify;\"><span lang=\"ES\" style=\"font-size: 14pt; font-family: arial, helvetica, sans-serif;\"><\/span><\/p>\n<p class=\"x_MsoNormal\" style=\"text-align: justify;\"><span lang=\"ES\" style=\"font-size: 14pt; font-family: arial, helvetica, sans-serif;\">El mandatario estatal y el Rector de la UAS, doctor Juan Eulogio Guerra Liera, realizaron una visita de supervisi\u00f3n en la Preparatoria Emiliano Zapata, habilitada como centro de vacunaci\u00f3n, y en el arranque de esta jornada para el personal docente y no docente del sector educativo de Sinaloa, el Gobernador envi\u00f3 un mensaje a la comunidad rosalina.<\/span><\/p>\n<p class=\"x_MsoNormal\" style=\"text-align: justify;\"><span lang=\"ES\" style=\"font-size: 14pt; font-family: arial, helvetica, sans-serif;\"><\/span><\/p>\n<p class=\"x_MsoNormal\" style=\"text-align: justify;\"><span lang=\"ES\" style=\"font-size: 14pt; font-family: arial, helvetica, sans-serif;\">\u201c(Estamos) bien agradecidos porque siempre hemos encontrado una gran respuesta de mi amigo Rector y de la UAS, de la comunidad universitaria (\u2026) desde el primer momento la disposici\u00f3n con los refrigeradores especiales, y sobre todo ser justamente sede para con todo el apoyo de voluntarios poder atender a miles y miles de sinaloenses, entonces la Universidad es clave, es estrat\u00e9gica, es una gran aliada no solo del Gobierno, sino de los sinaloenses\u201d, manifest\u00f3 el Gobernador.<\/span><\/p>\n<p class=\"x_MsoNormal\" style=\"text-align: justify;\"><span lang=\"ES\" style=\"font-size: 14pt; font-family: arial, helvetica, sans-serif;\"><\/span><\/p>\n<p class=\"x_MsoNormal\" style=\"text-align: justify;\"><span lang=\"ES\" style=\"font-size: 14pt; font-family: arial, helvetica, sans-serif;\">Consider\u00f3 que el apoyo de la UAS como instituci\u00f3n para el Gobierno Estatal viene a representar todo, porque ha sido un factor de estabilidad, de muestra de c\u00f3mo cuando hay una buena relaci\u00f3n, una buena coordinaci\u00f3n se pueden hacer muchas cosas, y como ejemplo cit\u00f3 la donaci\u00f3n que se hizo a la Universidad de 7 hect\u00e1reas que se ubican atr\u00e1s del Campus Buelna y la disposici\u00f3n de apoyarla siempre que ha hecho falta.<\/span><\/p>\n<p class=\"x_MsoNormal\" style=\"text-align: justify;\"><span lang=\"ES\" style=\"font-size: 14pt; font-family: arial, helvetica, sans-serif;\"><\/span><\/p>\n<p class=\"x_MsoNormal\" style=\"text-align: justify;\"><span lang=\"ES\" style=\"font-size: 14pt; font-family: arial, helvetica, sans-serif;\">Ordaz Coppel afirm\u00f3 que la relaci\u00f3n entre la UAS y Gobierno del Estado siempre ha sido muy buena y ante la cercan\u00eda del cambio de Rector y de Gobernador opin\u00f3 que esa relaci\u00f3n debe continuar igual.<\/span><\/p>\n<p class=\"x_MsoNormal\" style=\"text-align: justify;\"><span lang=\"ES\" style=\"font-size: 14pt; font-family: arial, helvetica, sans-serif;\"><\/span><\/p>\n<p class=\"x_MsoNormal\" style=\"text-align: justify;\"><span lang=\"ES\" style=\"font-size: 14pt; font-family: arial, helvetica, sans-serif;\">\u201cLa misma ruta de llevarse muy bien, estar muy cerca, de la mano, porque es una gran universidad, con un enorme prestigio nacional e internacional y adem\u00e1s la UAS ha crecido mucho cualitativamente, realmente es muy competitiva, es una universidad querida y apreciada por los sinaloenses, pero adem\u00e1s hablar de la UAS en M\u00e9xico y el extranjero da mucho orgullo (\u2026) esa relaci\u00f3n debe seguir en esa misma l\u00ednea de trabajo en equipo entre el Gobernador y el Rector y la comunidad universitaria\u201d, precis\u00f3.<\/span><\/p>\n<p class=\"x_MsoNormal\" style=\"text-align: justify;\"><span lang=\"ES\" style=\"font-size: 14pt; font-family: arial, helvetica, sans-serif;\"><\/span><\/p>\n<p class=\"x_MsoNormal\" style=\"text-align: justify;\"><span lang=\"ES\" style=\"font-size: 14pt; font-family: arial, helvetica, sans-serif;\">Por su parte el Rector Juan Eulogio Guerra Liera, detall\u00f3 que este d\u00eda en los cuatro centros de vacunaci\u00f3n universitarios que se habilitaron en todo el estado se aplicar\u00edan 35 mil 157 dosis a igual n\u00famero de trabajadores de la educaci\u00f3n de nivel medio superior y superior de todos los subsistemas, y espec\u00edficamente en la Preparatoria Zapata ser\u00edan 16 mil 524 dosis a aplicar.<\/span><\/p>\n<p class=\"x_MsoNormal\" style=\"text-align: justify;\"><span lang=\"ES\" style=\"font-size: 14pt; font-family: arial, helvetica, sans-serif;\"><\/span><\/p>\n<p class=\"x_MsoNormal\" style=\"text-align: justify;\"><span lang=\"ES\" style=\"font-size: 14pt; font-family: arial, helvetica, sans-serif;\">\u201cEs la CanSino es una vacuna que va a ser una sola aplicaci\u00f3n, tiene sus ventajas, pero lo que vemos nosotros es que es el primer paso para llegar a las clases presenciales\u201d, expres\u00f3 Guerra Liera.<\/span><\/p>\n<p class=\"x_MsoNormal\" style=\"text-align: justify;\"><span lang=\"ES\" style=\"font-size: 14pt; font-family: arial, helvetica, sans-serif;\"><\/span><\/p>\n<p class=\"x_MsoNormal\" style=\"text-align: justify;\"><span lang=\"ES\" style=\"font-size: 14pt; font-family: arial, helvetica, sans-serif;\">Dio a conocer que Sinaloa entra en la cuarta etapa de vacunaci\u00f3n programada para el sector educativo, en las tres anteriores ya se aplicaron un mill\u00f3n 306 mil 489 dosis de una meta un poco mayor a los 3 millones de docentes en todo el pa\u00eds, es decir que se lleva cerca de un 42 por ciento de avance.<\/span><\/p>\n<p class=\"x_MsoNormal\" style=\"text-align: justify;\"><span lang=\"ES\" style=\"font-size: 14pt; font-family: arial, helvetica, sans-serif;\"><\/span><\/p>\n<p class=\"x_MsoNormal\" style=\"text-align: justify;\"><span lang=\"ES\" style=\"font-size: 14pt; font-family: arial, helvetica, sans-serif;\">\u201cAqu\u00ed se va a iniciar el d\u00eda de hoy en Sinaloa donde se censaron cerca de 82 mil docentes y que se espera sean un poco menos los que se vacunen porque ha habido programas donde algunos docentes se incluyen en el de mayores de 60 a\u00f1os (\u2026) entonces esperamos nosotros que en todos los subsistemas pueda vacunarse de manera total, ese ser\u00eda el primer paso para el regreso presencial a clases\u201d, dijo.<\/span><\/p>\n<p class=\"x_MsoNormal\" style=\"text-align: justify;\"><span lang=\"ES\" style=\"font-size: 14pt; font-family: arial, helvetica, sans-serif;\"><\/span><\/p>\n<p class=\"x_MsoNormal\" style=\"text-align: justify;\"><span lang=\"ES\" style=\"font-size: 14pt; font-family: arial, helvetica, sans-serif;\">Precis\u00f3 que la UAS ha aportado la labor de 4 mil 500 brigadistas, y para vacunar desde este d\u00eda y hasta el 14 de mayo a los docentes y no docentes del sector educativo se habilitaron como centros de vacunaci\u00f3n los espacios de CU Mochis en la zona norte, en la zona centro-norte la Preparatoria Guam\u00fachil, en la zona sur el Polideportivo UAS y en la zona centro la Preparatoria Zapata.<\/span><\/p>\n<p class=\"x_MsoNormal\" style=\"text-align: justify;\"><span lang=\"ES\" style=\"font-size: 14pt; font-family: arial, helvetica, sans-serif;\"><\/span><\/p>\n<p class=\"x_MsoNormal\" style=\"text-align: justify;\"><span lang=\"ES\" style=\"font-size: 14pt; font-family: arial, helvetica, sans-serif;\">\u201cNosotros en esos espacios nos vamos a encargar del nivel medio superior y superior de todas las instituciones, no solo de la Universidad, estaremos colaborando con la milicia de manera muy cercana y esperamos que esto sea un \u00e9xito\u201d, expres\u00f3.<\/span><\/p>\n<p class=\"x_MsoNormal\" style=\"text-align: justify;\"><span lang=\"ES\" style=\"font-size: 14pt; font-family: arial, helvetica, sans-serif;\"><\/span><\/p>\n<p class=\"x_MsoNormal\" style=\"text-align: justify;\"><span lang=\"ES\" style=\"font-size: 14pt; font-family: arial, helvetica, sans-serif;\">En cuanto al planteamiento del Gobernador de iniciar las clases con un modelo mixto, explic\u00f3 el Rector que se refiere a iniciar de manera presencial con grupos peque\u00f1os y continuar con otros grupos de manera virtual, y en el caso de la UAS es probable que se contin\u00fae de manera virtual con el nivel medio superior y plantear el modelo mixto para el nivel superior.<\/span><\/p>\n<p class=\"x_MsoNormal\" style=\"text-align: justify;\"><span lang=\"ES\" style=\"font-size: 14pt; font-family: arial, helvetica, sans-serif;\"><\/span><\/p>\n<p class=\"x_MsoNormal\" style=\"text-align: justify;\"><span lang=\"ES\" style=\"font-size: 14pt; font-family: arial, helvetica, sans-serif;\">\u201cVamos a estar muy de cerca coordin\u00e1ndonos como lo hemos hecho hasta el d\u00eda de hoy y por lo pronto con mucho gusto estamos iniciando esta etapa de vacunaci\u00f3n (\u2026) para el pr\u00f3ximo ciclo es muy probable que, si hacemos las cosas bien y las planteamos con un protocolo adecuado, no un regreso masivo sino irlo atomizando, irlo poco a poco midiendo, la respuesta es aspirar que en el pr\u00f3ximo ciclo podamos regularizar, sino al inicio, a mitad del mismo, ya con una presencia total\u201d, sugiri\u00f3.<\/span><\/p>\n<p class=\"x_MsoNormal\" style=\"text-align: justify;\"><span lang=\"ES\" style=\"font-size: 14pt; font-family: arial, helvetica, sans-serif;\"><\/span><\/p>\n<p style=\"text-align: justify;\">&nbsp;<\/p>\n<p style=\"text-align: justify;\"><span style=\"font-size: 14pt; font-family: arial, helvetica, sans-serif;\">REDACCI\u00d3N\/VISI\u00d3N CIUDADANA.<\/span><\/p>\n<\/div>\n<\/div>\n<\/div>\n<\/div>\n<\/div>\n<\/div>\n","protected":false},"excerpt":{"rendered":"<p>&nbsp; &nbsp; &nbsp; El Gobernador del Estado de Sinaloa, licenciado Quirino Ordaz Coppel, expres\u00f3 su agradecimiento a la Universidad Aut\u00f3noma de Sinaloa por las acciones que ha venido realizando para mitigar los efectos de la pandemia por COVID-19 y ponder\u00f3 la buena relaci\u00f3n de trabajo en equipo que mantienen el Gobierno Estatal y la Casa [&hellip;]<\/p>\n","protected":false},"author":1,"featured_media":596,"comment_status":"closed","ping_status":"closed","sticky":false,"template":"","format":"standard","meta":{"footnotes":""},"categories":[13],"tags":[],"ppma_author":[31],"class_list":["post-16881","post","type-post","status-publish","format-standard","has-post-thumbnail","hentry","category-locales"],"aioseo_notices":[],"authors":[{"term_id":31,"user_id":1,"is_guest":0,"slug":"ivan3vino","display_name":"Iv\u00e1n Trevi\u00f1o","avatar_url":{"url":"https:\/\/visionciudadana.com.mx\/oficial\/wp-content\/uploads\/2025\/09\/columna-ivan-Trevino.png","url2x":"https:\/\/visionciudadana.com.mx\/oficial\/wp-content\/uploads\/2025\/09\/columna-ivan-Trevino.png"},"0":null,"1":"","2":"","3":"","4":"","5":"","6":"","7":"","8":""}],"_links":{"self":[{"href":"https:\/\/visionciudadana.com.mx\/oficial\/wp-json\/wp\/v2\/posts\/16881","targetHints":{"allow":["GET"]}}],"collection":[{"href":"https:\/\/visionciudadana.com.mx\/oficial\/wp-json\/wp\/v2\/posts"}],"about":[{"href":"https:\/\/visionciudadana.com.mx\/oficial\/wp-json\/wp\/v2\/types\/post"}],"author":[{"embeddable":true,"href":"https:\/\/visionciudadana.com.mx\/oficial\/wp-json\/wp\/v2\/users\/1"}],"replies":[{"embeddable":true,"href":"https:\/\/visionciudadana.com.mx\/oficial\/wp-json\/wp\/v2\/comments?post=16881"}],"version-history":[{"count":1,"href":"https:\/\/visionciudadana.com.mx\/oficial\/wp-json\/wp\/v2\/posts\/16881\/revisions"}],"predecessor-version":[{"id":31045,"href":"https:\/\/visionciudadana.com.mx\/oficial\/wp-json\/wp\/v2\/posts\/16881\/revisions\/31045"}],"wp:featuredmedia":[{"embeddable":true,"href":"https:\/\/visionciudadana.com.mx\/oficial\/wp-json\/wp\/v2\/posts\/596"}],"wp:attachment":[{"href":"https:\/\/visionciudadana.com.mx\/oficial\/wp-json\/wp\/v2\/media?parent=16881"}],"wp:term":[{"taxonomy":"category","embeddable":true,"href":"https:\/\/visionciudadana.com.mx\/oficial\/wp-json\/wp\/v2\/categories?post=16881"},{"taxonomy":"post_tag","embeddable":true,"href":"https:\/\/visionciudadana.com.mx\/oficial\/wp-json\/wp\/v2\/tags?post=16881"},{"taxonomy":"author","embeddable":true,"href":"https:\/\/visionciudadana.com.mx\/oficial\/wp-json\/wp\/v2\/ppma_author?post=16881"}],"curies":[{"name":"wp","href":"https:\/\/api.w.org\/{rel}","templated":true}]}}