{"id":16880,"date":"2021-05-12T23:43:35","date_gmt":"2021-05-12T23:43:35","guid":{"rendered":"https:\/\/visionciudadana.com.mx\/chio\/2021\/05\/12\/firma-uas-convenio-de-colaboracion-con-gas-y-petroquimica-de-occidente-en-beneficio-de-estudiantes\/"},"modified":"2025-06-25T00:16:12","modified_gmt":"2025-06-25T00:16:12","slug":"firma-uas-convenio-de-colaboracion-con-gas-y-petroquimica-de-occidente-en-beneficio-de-estudiantes","status":"publish","type":"post","link":"https:\/\/visionciudadana.com.mx\/oficial\/2021\/05\/12\/firma-uas-convenio-de-colaboracion-con-gas-y-petroquimica-de-occidente-en-beneficio-de-estudiantes\/","title":{"rendered":"Firma UAS convenio de colaboraci\u00f3n con Gas y Petroqu\u00edmica de Occidente en beneficio de estudiantes"},"content":{"rendered":"<p><img fetchpriority=\"high\" decoding=\"async\" src=\"images\/2021\/mayo21\/convenio-uas.jpg\" alt=\"convenio uas\" width=\"780\" height=\"420\" style=\"display: block; margin: 20px auto;\" \/><\/p>\n<p class=\"x_MsoNormal\" align=\"right\"><i><span lang=\"ES\"><\/span><\/i><\/p>\n<p class=\"x_MsoNormal\" style=\"text-align: justify;\"><span style=\"font-size: 14pt; font-family: arial, helvetica, sans-serif;\">La Universidad Aut\u00f3noma de Sinaloa (UAS) a trav\u00e9s de su Rector, el doctor Juan Eulogio Guerra Liera, firm\u00f3 un importante convenio de colaboraci\u00f3n con la empresa Gas y Petroqu\u00edmica de Occidente (GPO), con el prop\u00f3sito de mejorar las habilidades y destrezas de los estudiantes mediante la pr\u00e1ctica profesional en la industria petroqu\u00edmica en una compa\u00f1\u00eda de clase mundial que trabaja con los m\u00e1s altos est\u00e1ndares internacionales.<\/span><\/p>\n<p style=\"text-align: justify;\">&nbsp;<\/p>\n<p class=\"x_MsoNormal\" style=\"text-align: justify;\"><span style=\"font-size: 14pt; font-family: arial, helvetica, sans-serif;\">La empresa Gas y Petroqu\u00edmica de Occidente (GPO), representada por su director general, el ingeniero Arturo Moya Hurtado, tiene proyectado construir en la entidad el complejo petroqu\u00edmico m\u00e1s importante, moderno y seguro en todo el pa\u00eds que constar\u00e1 de tres plantas para la producci\u00f3n de amoniaco, urea y metanol.<\/span><\/p>\n<p style=\"text-align: justify;\">&nbsp;<\/p>\n<p class=\"x_MsoNormal\" style=\"text-align: justify;\"><span style=\"font-size: 14pt; font-family: arial, helvetica, sans-serif;\">\u201cEs para nosotros muy importante que este proyecto eleve la competitividad de Sinaloa, que abra fuentes de empleo, que adem\u00e1s se vea c\u00f3mo se pone en pr\u00e1ctica la triple h\u00e9lice, la vinculaci\u00f3n empresa-universidad y que nuestra instituci\u00f3n est\u00e1 en toda la disposici\u00f3n de colaborar, se dice f\u00e1cil tener 3 plantas de amoniaco, de urea y metanol a largo plazo, 10 a\u00f1os, pero d\u00e9jenme decirles que hoy es el momento que a futuro puede resolver problemas que ya tenemos: falta de abasto, costos mayores\u201d, dijo el Rector Guerra Liera.<\/span><\/p>\n<p style=\"text-align: justify;\">&nbsp;<\/p>\n<p class=\"x_MsoNormal\" style=\"text-align: justify;\"><span style=\"font-size: 14pt; font-family: arial, helvetica, sans-serif;\">Consider\u00f3 que 5 mil millones de d\u00f3lares, inversi\u00f3n que tendr\u00e1 todo el complejo, es una cantidad que en estos tiempos no son f\u00e1cil de conseguir y aplicar, y ahora con este proyecto Sinaloa est\u00e1 en la tendencia de tener un polo de desarrollo que va a impactar en las dem\u00e1s actividades productivas.<\/span><\/p>\n<p style=\"text-align: justify;\">&nbsp;<\/p>\n<p class=\"x_MsoNormal\" style=\"text-align: justify;\"><span style=\"font-size: 14pt; font-family: arial, helvetica, sans-serif;\">\u201cNuestros estudiantes se preparar\u00e1n, nuestros docentes podr\u00e1n de manera conjunta realizar investigaci\u00f3n que permita, en donde se van aplicar estos insumos, tener resultados mucho m\u00e1s adecuados; generar empleo para 2 mil 500 personas por 10 a\u00f1os encontr\u00e1ndonos en momentos donde se ha perdido una gran cantidad de ellos es un aliciente para seguir impulsando este tipo de convenios, as\u00ed que bienvenido\u201d, expres\u00f3.<\/span><\/p>\n<p style=\"text-align: justify;\">&nbsp;<\/p>\n<p class=\"x_MsoNormal\" style=\"text-align: justify;\"><span style=\"font-size: 14pt; font-family: arial, helvetica, sans-serif;\">Precis\u00f3 que ser\u00e1n beneficiados con este convenio los alumnos de carreras como Ingenier\u00eda Civil, Topograf\u00eda, Agronom\u00eda, Veterinaria, entre otras.<\/span><\/p>\n<p style=\"text-align: justify;\">&nbsp;<\/p>\n<p class=\"x_MsoNormal\" style=\"text-align: justify;\"><span style=\"font-size: 14pt; font-family: arial, helvetica, sans-serif;\">\u201cVemos excelentemente bien la firma de este convenio, reconocemos la labor de Gas y Petroqu\u00edmica de Occidente (\u2026) esto nos permitir\u00e1 a la par impulsar el aspecto de la investigaci\u00f3n y la vinculaci\u00f3n y de poder preparar mejor a nuestros estudiantes y una plusval\u00eda que es la investigaci\u00f3n, estamos listos para trabajar, para tener reuniones que nos permitan proyectar diversos temas y la UAS se congratula y le da las gracias ingeniero Arturo Moya por firmar este convenio\u201d, enfatiz\u00f3 el Rector.<\/span><\/p>\n<p style=\"text-align: justify;\">&nbsp;<\/p>\n<p class=\"x_MsoNormal\" style=\"text-align: justify;\"><span style=\"font-size: 14pt; font-family: arial, helvetica, sans-serif;\">Por su parte el director general de GPO, Arturo Moya Hurtado, calific\u00f3 el evento como \u201cun momento sumamente importante\u201d y se dijo muy orgulloso y contento de haber logrado este acuerdo tan trascendente para la empresa que desde 2014 desarrolla en el municipio de Ahome, espec\u00edficamente en Topolobampo, la construcci\u00f3n del complejo petroqu\u00edmico m\u00e1s importante de M\u00e9xico y que vendr\u00e1 a atender la demanda de fertilizantes en el pa\u00eds.<\/span><\/p>\n<p style=\"text-align: justify;\">&nbsp;<\/p>\n<p class=\"x_MsoNormal\" style=\"text-align: justify;\"><span style=\"font-size: 14pt; font-family: arial, helvetica, sans-serif;\">\u201cEste convenio de colaboraci\u00f3n y vinculaci\u00f3n que estamos celebrando con la Casa Rosalina es un ejemplo del compromiso social por el que trabajamos en GPO, en la planta de fertilizantes, y del cual los estudiantes de la m\u00e1xima casa de estudios de Sinaloa ser\u00e1n beneficiados, nos sentimos muy orgullosos en verdad de poder compartir este proyecto con la instituci\u00f3n que ha formado a cientos de miles de sinaloenses y que ha puesto el nombre de la entidad muy alto en todo el mundo, por ello expreso mi agradecimiento a su Rector el doctor Juan Eulogio Guerra Liera, y a todas las autoridades universitarias por habernos permitido celebrar este convenio y que sea esta generaci\u00f3n de j\u00f3venes y las que est\u00e1n por venir quienes salgan beneficiados con la experiencia y el conocimiento de una nueva rama de la industria en este bello estado de Sinaloa como es la petroqu\u00edmica\u201d, expres\u00f3.<\/span><\/p>\n<p style=\"text-align: justify;\">&nbsp;<\/p>\n<p class=\"x_MsoNormal\" style=\"text-align: justify;\"><span style=\"font-size: 14pt; font-family: arial, helvetica, sans-serif;\">Moya Hurtado agreg\u00f3 que lo m\u00e1s trascendente del proyecto de la planta de fertilizante es que dar\u00e1 oportunidad para estudiantes y egresados de la Universidad en diversas ramas profesionales, adem\u00e1s requerir\u00e1 desarrollar nuevas habilidades en los habitantes de la zona, para lo cual ya existe un centro de capacitaci\u00f3n en donde brindar\u00e1 asesor\u00eda y formaci\u00f3n al capital humano en herrer\u00eda metal\u00fargica, automatizaci\u00f3n, controles de electricidad y especialistas en seguridad laboral y medio ambiente.<\/span><\/p>\n<p style=\"text-align: justify;\">&nbsp;<\/p>\n<p class=\"x_MsoNormal\" style=\"text-align: justify;\"><span style=\"font-size: 14pt; font-family: arial, helvetica, sans-serif;\">\u201cEl Compromiso de nuestra empresa es contratar talento y mano de obra local, por ello sin duda los estudiantes y las comunidades de Ahome y de todo el estado ser\u00e1n las principales beneficiadas, donde no solo ser\u00e1n contratadas sino capacitadas\u201d, se\u00f1al\u00f3.<\/span><\/p>\n<p style=\"text-align: justify;\">&nbsp;<\/p>\n<p class=\"x_MsoNormal\" style=\"text-align: justify;\">&nbsp;<\/p>\n<p style=\"text-align: justify;\"><span style=\"font-size: 14pt; font-family: arial, helvetica, sans-serif;\">REDACCI\u00d3N\/VISI\u00d3N CIUDADANA.<\/span><\/p>\n","protected":false},"excerpt":{"rendered":"<p>La Universidad Aut\u00f3noma de Sinaloa (UAS) a trav\u00e9s de su Rector, el doctor Juan Eulogio Guerra Liera, firm\u00f3 un importante convenio de colaboraci\u00f3n con la empresa Gas y Petroqu\u00edmica de Occidente (GPO), con el prop\u00f3sito de mejorar las habilidades y destrezas de los estudiantes mediante la pr\u00e1ctica profesional en la industria petroqu\u00edmica en una compa\u00f1\u00eda [&hellip;]<\/p>\n","protected":false},"author":1,"featured_media":594,"comment_status":"closed","ping_status":"closed","sticky":false,"template":"","format":"standard","meta":{"footnotes":""},"categories":[24],"tags":[],"ppma_author":[31],"class_list":["post-16880","post","type-post","status-publish","format-standard","has-post-thumbnail","hentry","category-relevantes"],"aioseo_notices":[],"authors":[{"term_id":31,"user_id":1,"is_guest":0,"slug":"ivan3vino","display_name":"Iv\u00e1n Trevi\u00f1o","avatar_url":{"url":"https:\/\/visionciudadana.com.mx\/oficial\/wp-content\/uploads\/2025\/09\/columna-ivan-Trevino.png","url2x":"https:\/\/visionciudadana.com.mx\/oficial\/wp-content\/uploads\/2025\/09\/columna-ivan-Trevino.png"},"0":null,"1":"","2":"","3":"","4":"","5":"","6":"","7":"","8":""}],"_links":{"self":[{"href":"https:\/\/visionciudadana.com.mx\/oficial\/wp-json\/wp\/v2\/posts\/16880","targetHints":{"allow":["GET"]}}],"collection":[{"href":"https:\/\/visionciudadana.com.mx\/oficial\/wp-json\/wp\/v2\/posts"}],"about":[{"href":"https:\/\/visionciudadana.com.mx\/oficial\/wp-json\/wp\/v2\/types\/post"}],"author":[{"embeddable":true,"href":"https:\/\/visionciudadana.com.mx\/oficial\/wp-json\/wp\/v2\/users\/1"}],"replies":[{"embeddable":true,"href":"https:\/\/visionciudadana.com.mx\/oficial\/wp-json\/wp\/v2\/comments?post=16880"}],"version-history":[{"count":1,"href":"https:\/\/visionciudadana.com.mx\/oficial\/wp-json\/wp\/v2\/posts\/16880\/revisions"}],"predecessor-version":[{"id":31046,"href":"https:\/\/visionciudadana.com.mx\/oficial\/wp-json\/wp\/v2\/posts\/16880\/revisions\/31046"}],"wp:featuredmedia":[{"embeddable":true,"href":"https:\/\/visionciudadana.com.mx\/oficial\/wp-json\/wp\/v2\/posts\/594"}],"wp:attachment":[{"href":"https:\/\/visionciudadana.com.mx\/oficial\/wp-json\/wp\/v2\/media?parent=16880"}],"wp:term":[{"taxonomy":"category","embeddable":true,"href":"https:\/\/visionciudadana.com.mx\/oficial\/wp-json\/wp\/v2\/categories?post=16880"},{"taxonomy":"post_tag","embeddable":true,"href":"https:\/\/visionciudadana.com.mx\/oficial\/wp-json\/wp\/v2\/tags?post=16880"},{"taxonomy":"author","embeddable":true,"href":"https:\/\/visionciudadana.com.mx\/oficial\/wp-json\/wp\/v2\/ppma_author?post=16880"}],"curies":[{"name":"wp","href":"https:\/\/api.w.org\/{rel}","templated":true}]}}