{"id":16879,"date":"2021-05-12T21:54:53","date_gmt":"2021-05-12T21:54:53","guid":{"rendered":"https:\/\/visionciudadana.com.mx\/chio\/2021\/05\/12\/haremos-un-gobierno-solidario-y-humanista-sergio-torres\/"},"modified":"2025-06-25T00:16:12","modified_gmt":"2025-06-25T00:16:12","slug":"haremos-un-gobierno-solidario-y-humanista-sergio-torres","status":"publish","type":"post","link":"https:\/\/visionciudadana.com.mx\/oficial\/2021\/05\/12\/haremos-un-gobierno-solidario-y-humanista-sergio-torres\/","title":{"rendered":"Haremos un Gobierno solidario y humanista: Sergio Torres"},"content":{"rendered":"<p>&nbsp;<\/p>\n<div>&nbsp;<img fetchpriority=\"high\" decoding=\"async\" src=\"images\/2021\/mayo21\/sergyz.jpg\" alt=\"sergyz\" width=\"780\" height=\"420\" style=\"display: block; margin: 20px auto;\" \/><\/div>\n<div style=\"text-align: justify;\"><span style=\"font-size: 14pt; font-family: arial, helvetica, sans-serif;\">Vamos a ganar la elecci\u00f3n a gobernador para ir a poner orden y justicia dentro del gobierno estatal, a eliminar gastos superfluos, por un cero crecimiento en la n\u00f3mina y brindar a sindicalizados la oportunidad de ocupar puestos ejecutivos, as\u00ed como resolver las carencias y rezagos en seguridad p\u00fablica, salud, obra y finanzas p\u00fablicas.<\/span><\/div>\n<div style=\"text-align: justify;\">&nbsp;<\/div>\n<div style=\"text-align: justify;\"><span style=\"font-size: 14pt; font-family: arial, helvetica, sans-serif;\"><\/span><\/div>\n<div style=\"text-align: justify;\"><span style=\"font-size: 14pt; font-family: arial, helvetica, sans-serif;\">As\u00ed lo asegur\u00f3 Sergio Torres, candidato de Movimiento Ciudadano al gobierno del estado, y expres\u00f3 que mientras candidatos aliancistas pelean por demostrar qui\u00e9n es el m\u00e1s corrupto, \u00e9l sigue con las propuestas serias, tangibles y viables para solucionar los grandes rezagos que sufre la ciudadan\u00eda por el abandono y simulaci\u00f3n del gobierno estatal y federal.<\/span><\/div>\n<div style=\"text-align: justify;\">&nbsp;<\/div>\n<div style=\"text-align: justify;\"><span style=\"font-size: 14pt; font-family: arial, helvetica, sans-serif;\"><\/span><\/div>\n<div style=\"text-align: justify;\"><span style=\"font-size: 14pt; font-family: arial, helvetica, sans-serif;\">Acompa\u00f1ado de Mart\u00edn Heredia, candidato de MC a la presidencia municipal de Mazatl\u00e1n, y candidatas y candidatos a diputaciones fedetales y locales,&nbsp; se\u00f1al\u00f3 que est\u00e1 a favor de unas elecciones limpias, transparentes, que la gente salga a votar sin presi\u00f3n alguna, que salga a elegir libremente a sus gobernantes.<\/span><\/div>\n<div style=\"text-align: justify;\">&nbsp;<\/div>\n<div style=\"text-align: justify;\"><span style=\"font-size: 14pt; font-family: arial, helvetica, sans-serif;\"><\/span><\/div>\n<div style=\"text-align: justify;\"><span style=\"font-size: 14pt; font-family: arial, helvetica, sans-serif;\">Al desdoblar sus propuestas presentadas en el conversatorio organizado por el Peri\u00f3dico El Debate, dijo que atender\u00e1 de manera integral la seguridad p\u00fablica, para dar a la ciudadan\u00eda y empresarios la tranquilidad que demandan.<\/span><\/div>\n<div style=\"text-align: justify;\">&nbsp;<\/div>\n<div style=\"text-align: justify;\"><span style=\"font-size: 14pt; font-family: arial, helvetica, sans-serif;\"><\/span><\/div>\n<div style=\"text-align: justify;\"><span style=\"font-size: 14pt; font-family: arial, helvetica, sans-serif;\">Es necesario, agreg\u00f3, dignificar el trabajo y figura de las polic\u00edas, municipales y estatales, abatir el d\u00e9ficit de 3 mil elementos polic\u00edacos en el estado; dotar de tecnolog\u00eda a los cuerpos polic\u00edacos para eficientar su trabajo y efectividad y reforzar el \u00e1rea de protecci\u00f3n civil, pues 10 por ciento de los sinaloenses&nbsp; mueren en accidentes.<\/span><\/div>\n<div style=\"text-align: justify;\">&nbsp;<\/div>\n<div style=\"text-align: justify;\"><span style=\"font-size: 14pt; font-family: arial, helvetica, sans-serif;\"><\/span><\/div>\n<div style=\"text-align: justify;\"><span style=\"font-size: 14pt; font-family: arial, helvetica, sans-serif;\">El candidato de la ola naranja considera urgente y justo resolver los rezagos de pagos y prestaciones que sufren maestros, personal de salud, trabajadores del gobierno estatal y de los ayuntamientos, as\u00ed como transparentar el uso y gasto que se destina a los 2 mil 600 veh\u00edculos de las diferentes dependencias estatales.<\/span><\/div>\n<div style=\"text-align: justify;\">&nbsp;<\/div>\n<div style=\"text-align: justify;\"><span style=\"font-size: 14pt; font-family: arial, helvetica, sans-serif;\"><\/span><\/div>\n<div style=\"text-align: justify;\"><span style=\"font-size: 14pt; font-family: arial, helvetica, sans-serif;\">Sergio Torres expres\u00f3 que es necesario, en materia de salud, lograr vacunaci\u00f3n universal contra el Covid, m\u00e9dicos y medicinas hasta las poblaciones m\u00e1s alejadas y una fuerte campa\u00f1a para prevenir enfermedades cardiovasculares, diabetes y c\u00e1ncer, las cuales causan el 53 por ciento de los decesos&nbsp; por enfermedad en Sinaloa.<\/span><\/div>\n<div style=\"text-align: justify;\">&nbsp;<\/div>\n<div style=\"text-align: justify;\">&nbsp;<\/div>\n<div style=\"text-align: justify;\">&nbsp;<\/div>\n<div style=\"text-align: justify;\"><span style=\"font-size: 14pt; font-family: arial, helvetica, sans-serif;\">REDACCI\u00d3N\/VISI\u00d3N CIUDADANA.<\/span><\/div>\n","protected":false},"excerpt":{"rendered":"<p>&nbsp; &nbsp; Vamos a ganar la elecci\u00f3n a gobernador para ir a poner orden y justicia dentro del gobierno estatal, a eliminar gastos superfluos, por un cero crecimiento en la n\u00f3mina y brindar a sindicalizados la oportunidad de ocupar puestos ejecutivos, as\u00ed como resolver las carencias y rezagos en seguridad p\u00fablica, salud, obra y finanzas [&hellip;]<\/p>\n","protected":false},"author":1,"featured_media":592,"comment_status":"closed","ping_status":"closed","sticky":false,"template":"","format":"standard","meta":{"footnotes":""},"categories":[13],"tags":[],"ppma_author":[31],"class_list":["post-16879","post","type-post","status-publish","format-standard","has-post-thumbnail","hentry","category-locales"],"aioseo_notices":[],"authors":[{"term_id":31,"user_id":1,"is_guest":0,"slug":"ivan3vino","display_name":"Iv\u00e1n Trevi\u00f1o","avatar_url":{"url":"https:\/\/visionciudadana.com.mx\/oficial\/wp-content\/uploads\/2025\/09\/columna-ivan-Trevino.png","url2x":"https:\/\/visionciudadana.com.mx\/oficial\/wp-content\/uploads\/2025\/09\/columna-ivan-Trevino.png"},"0":null,"1":"","2":"","3":"","4":"","5":"","6":"","7":"","8":""}],"_links":{"self":[{"href":"https:\/\/visionciudadana.com.mx\/oficial\/wp-json\/wp\/v2\/posts\/16879","targetHints":{"allow":["GET"]}}],"collection":[{"href":"https:\/\/visionciudadana.com.mx\/oficial\/wp-json\/wp\/v2\/posts"}],"about":[{"href":"https:\/\/visionciudadana.com.mx\/oficial\/wp-json\/wp\/v2\/types\/post"}],"author":[{"embeddable":true,"href":"https:\/\/visionciudadana.com.mx\/oficial\/wp-json\/wp\/v2\/users\/1"}],"replies":[{"embeddable":true,"href":"https:\/\/visionciudadana.com.mx\/oficial\/wp-json\/wp\/v2\/comments?post=16879"}],"version-history":[{"count":1,"href":"https:\/\/visionciudadana.com.mx\/oficial\/wp-json\/wp\/v2\/posts\/16879\/revisions"}],"predecessor-version":[{"id":31047,"href":"https:\/\/visionciudadana.com.mx\/oficial\/wp-json\/wp\/v2\/posts\/16879\/revisions\/31047"}],"wp:featuredmedia":[{"embeddable":true,"href":"https:\/\/visionciudadana.com.mx\/oficial\/wp-json\/wp\/v2\/posts\/592"}],"wp:attachment":[{"href":"https:\/\/visionciudadana.com.mx\/oficial\/wp-json\/wp\/v2\/media?parent=16879"}],"wp:term":[{"taxonomy":"category","embeddable":true,"href":"https:\/\/visionciudadana.com.mx\/oficial\/wp-json\/wp\/v2\/categories?post=16879"},{"taxonomy":"post_tag","embeddable":true,"href":"https:\/\/visionciudadana.com.mx\/oficial\/wp-json\/wp\/v2\/tags?post=16879"},{"taxonomy":"author","embeddable":true,"href":"https:\/\/visionciudadana.com.mx\/oficial\/wp-json\/wp\/v2\/ppma_author?post=16879"}],"curies":[{"name":"wp","href":"https:\/\/api.w.org\/{rel}","templated":true}]}}