{"id":16878,"date":"2021-05-12T21:46:51","date_gmt":"2021-05-12T21:46:51","guid":{"rendered":"https:\/\/visionciudadana.com.mx\/chio\/2021\/05\/12\/ruben-rocha-moya-acude-a-la-union-ganadera-regional-de-sinaloa-para-atender-el-foro-hibrido-ganadero\/"},"modified":"2025-06-25T00:16:13","modified_gmt":"2025-06-25T00:16:13","slug":"ruben-rocha-moya-acude-a-la-union-ganadera-regional-de-sinaloa-para-atender-el-foro-hibrido-ganadero","status":"publish","type":"post","link":"https:\/\/visionciudadana.com.mx\/oficial\/2021\/05\/12\/ruben-rocha-moya-acude-a-la-union-ganadera-regional-de-sinaloa-para-atender-el-foro-hibrido-ganadero\/","title":{"rendered":"Rub\u00e9n Rocha Moya acude a la Uni\u00f3n Ganadera Regional de Sinaloa para atender el Foro H\u00edbrido Ganadero"},"content":{"rendered":"<p>&nbsp;<\/p>\n<div>&nbsp;<img fetchpriority=\"high\" decoding=\"async\" src=\"images\/2021\/mayo21\/foro_ganaderos.PNG\" alt=\"foro ganaderos\" width=\"546\" height=\"387\" style=\"display: block; margin: 20px auto;\" \/><\/div>\n<div style=\"text-align: justify;\"><span style=\"font-size: 14pt; font-family: arial, helvetica, sans-serif;\">Ganaderos del estado plantearon al candidato Rub\u00e9n Rocha Moya los principales problemas que tienen como sector primario de la econom\u00eda y productores de alimentos, dividi\u00e9ndolos en los siguientes temas: Factores que afectan la productividad vaca-becerro; Aretado y trazabilidad; Movilidad de bovinos; Mejoramiento gen\u00e9tico; Demanda de becerro en Sinaloa\u201d, una oportunidad\u201d y Combate a la sequ\u00eda aumento a la productividad.<\/span><\/div>\n<div style=\"text-align: justify;\">&nbsp;<\/div>\n<div style=\"text-align: justify;\"><span style=\"font-size: 14pt; font-family: arial, helvetica, sans-serif;\"><\/span><\/div>\n<div style=\"text-align: justify;\"><span style=\"font-size: 14pt; font-family: arial, helvetica, sans-serif;\">H\u00e9ctor Melesio Cu\u00e9n Ojeda, quien acompa\u00f1\u00f3 al candidato a gobernador, expres\u00f3 que estos ejercicios que est\u00e1 haciendo el Dr. Rocha Moya, se ubican en los foros que ha proyectado en todo el estado de Sinaloa, alrededor de 24, para escuchar a los actores centrales del desarrollo econ\u00f3mico, social y pol\u00edtico de la entidad. Con respecto al sector ganadero ya nos reunimos en Culiac\u00e1n, Mazatl\u00e1n, Ahome y Salvador Alvarado. Sus opiniones y propuestas se est\u00e1n recopilando para integrarlos al Plan de Desarrollo Integral para Sinaloa.<\/span><\/div>\n<div style=\"text-align: justify;\">&nbsp;<\/div>\n<div style=\"text-align: justify;\"><span style=\"font-size: 14pt; font-family: arial, helvetica, sans-serif;\"><\/span><\/div>\n<div style=\"text-align: justify;\"><span style=\"font-size: 14pt; font-family: arial, helvetica, sans-serif;\">El candidato a la gubernatura coment\u00f3 que todos los temas expuestos son de gran inter\u00e9s, ello nos ayuda a comprender apartados de trabajo y producci\u00f3n como saber la calidad del ganado, la salud en que se encuentran, su comercializaci\u00f3n y otros factores de gran valor como es el estatus ganadero que se vio trastocado y que ha ocasionado muchas p\u00e9rdidas para ustedes, esta fue una primera reflexi\u00f3n de Rub\u00e9n Rocha Moya.<\/span><\/div>\n<div style=\"text-align: justify;\">&nbsp;<\/div>\n<div style=\"text-align: justify;\"><span style=\"font-size: 14pt; font-family: arial, helvetica, sans-serif;\"><\/span><\/div>\n<div style=\"text-align: justify;\"><span style=\"font-size: 14pt; font-family: arial, helvetica, sans-serif;\">Nuestro gobierno se compromete en atenderlos, sobre todo porque entiendo que aqu\u00ed se encuentran ganaderos con peque\u00f1os hatos de ganado, y con el respeto que se merecen tienen diferencias muy marcadas con las castas de ganaderos que han recibido un trato especial por otros gobiernos.&nbsp; Vamos a tener cr\u00e9ditos a la palabra en tiempo y forma para que les ayude en realidad a resolver sus problemas, los vamos a acercar a los centros de acopio de leche para estabilizar y definir precios justos de garant\u00eda.<\/span><\/div>\n<div style=\"text-align: justify;\">&nbsp;<\/div>\n<div style=\"text-align: justify;\"><span style=\"font-size: 14pt; font-family: arial, helvetica, sans-serif;\"><\/span><\/div>\n<div style=\"text-align: justify;\"><span style=\"font-size: 14pt; font-family: arial, helvetica, sans-serif;\">No vamos a tener presupuestos precarios para los peque\u00f1os ganaderos, necesitamos armon\u00eda para eficientar la producci\u00f3n, requerimos de un objetivo diagn\u00f3stico para conocer nuestro punto de partida, y por \u00faltimo tenemos que estar conscientes de que seguimos siendo parte del sector primario, es decir nuestros productos no tienen valor agregado, y ello lo tenemos que trascender.<\/span><\/div>\n<div style=\"text-align: justify;\">&nbsp;<\/div>\n<div style=\"text-align: justify;\">&nbsp;<\/div>\n<div style=\"text-align: justify;\"><span style=\"font-size: 14pt; font-family: arial, helvetica, sans-serif;\">REDACCI\u00d3N\/VISI\u00d3N CIUDADANA.<\/span><\/div>\n","protected":false},"excerpt":{"rendered":"<p>&nbsp; &nbsp; Ganaderos del estado plantearon al candidato Rub\u00e9n Rocha Moya los principales problemas que tienen como sector primario de la econom\u00eda y productores de alimentos, dividi\u00e9ndolos en los siguientes temas: Factores que afectan la productividad vaca-becerro; Aretado y trazabilidad; Movilidad de bovinos; Mejoramiento gen\u00e9tico; Demanda de becerro en Sinaloa\u201d, una oportunidad\u201d y Combate a [&hellip;]<\/p>\n","protected":false},"author":1,"featured_media":590,"comment_status":"closed","ping_status":"closed","sticky":false,"template":"","format":"standard","meta":{"footnotes":""},"categories":[13],"tags":[],"ppma_author":[31],"class_list":["post-16878","post","type-post","status-publish","format-standard","has-post-thumbnail","hentry","category-locales"],"aioseo_notices":[],"authors":[{"term_id":31,"user_id":1,"is_guest":0,"slug":"ivan3vino","display_name":"Iv\u00e1n Trevi\u00f1o","avatar_url":{"url":"https:\/\/visionciudadana.com.mx\/oficial\/wp-content\/uploads\/2025\/09\/columna-ivan-Trevino.png","url2x":"https:\/\/visionciudadana.com.mx\/oficial\/wp-content\/uploads\/2025\/09\/columna-ivan-Trevino.png"},"0":null,"1":"","2":"","3":"","4":"","5":"","6":"","7":"","8":""}],"_links":{"self":[{"href":"https:\/\/visionciudadana.com.mx\/oficial\/wp-json\/wp\/v2\/posts\/16878","targetHints":{"allow":["GET"]}}],"collection":[{"href":"https:\/\/visionciudadana.com.mx\/oficial\/wp-json\/wp\/v2\/posts"}],"about":[{"href":"https:\/\/visionciudadana.com.mx\/oficial\/wp-json\/wp\/v2\/types\/post"}],"author":[{"embeddable":true,"href":"https:\/\/visionciudadana.com.mx\/oficial\/wp-json\/wp\/v2\/users\/1"}],"replies":[{"embeddable":true,"href":"https:\/\/visionciudadana.com.mx\/oficial\/wp-json\/wp\/v2\/comments?post=16878"}],"version-history":[{"count":1,"href":"https:\/\/visionciudadana.com.mx\/oficial\/wp-json\/wp\/v2\/posts\/16878\/revisions"}],"predecessor-version":[{"id":31048,"href":"https:\/\/visionciudadana.com.mx\/oficial\/wp-json\/wp\/v2\/posts\/16878\/revisions\/31048"}],"wp:featuredmedia":[{"embeddable":true,"href":"https:\/\/visionciudadana.com.mx\/oficial\/wp-json\/wp\/v2\/media\/590"}],"wp:attachment":[{"href":"https:\/\/visionciudadana.com.mx\/oficial\/wp-json\/wp\/v2\/media?parent=16878"}],"wp:term":[{"taxonomy":"category","embeddable":true,"href":"https:\/\/visionciudadana.com.mx\/oficial\/wp-json\/wp\/v2\/categories?post=16878"},{"taxonomy":"post_tag","embeddable":true,"href":"https:\/\/visionciudadana.com.mx\/oficial\/wp-json\/wp\/v2\/tags?post=16878"},{"taxonomy":"author","embeddable":true,"href":"https:\/\/visionciudadana.com.mx\/oficial\/wp-json\/wp\/v2\/ppma_author?post=16878"}],"curies":[{"name":"wp","href":"https:\/\/api.w.org\/{rel}","templated":true}]}}