{"id":16877,"date":"2021-05-12T21:40:54","date_gmt":"2021-05-12T21:40:54","guid":{"rendered":"https:\/\/visionciudadana.com.mx\/chio\/2021\/05\/12\/pas-morena-lleva-a-cabo-foro-con-enfermeras-presencial-y-via-zoom-en-la-universidad-de-durango\/"},"modified":"2025-06-25T00:16:13","modified_gmt":"2025-06-25T00:16:13","slug":"pas-morena-lleva-a-cabo-foro-con-enfermeras-presencial-y-via-zoom-en-la-universidad-de-durango","status":"publish","type":"post","link":"https:\/\/visionciudadana.com.mx\/oficial\/2021\/05\/12\/pas-morena-lleva-a-cabo-foro-con-enfermeras-presencial-y-via-zoom-en-la-universidad-de-durango\/","title":{"rendered":"PAS-MORENA lleva a cabo Foro con enfermeras, presencial y v\u00eda zoom en la Universidad de Durango."},"content":{"rendered":"<p>&nbsp;<\/p>\n<div>&nbsp;<img fetchpriority=\"high\" decoding=\"async\" src=\"images\/2021\/mayo21\/foro_rocha.PNG\" alt=\"foro rocha\" width=\"634\" height=\"416\" style=\"display: block; margin: 20px auto;\" \/><\/div>\n<div>&nbsp;<\/div>\n<div style=\"text-align: justify;\">&nbsp;<span style=\"font-size: 14pt; font-family: arial, helvetica, sans-serif;\">Al celebrarse el D\u00eda Internacional de la Enfermera, el candidato a la gubernatura de Sinaloa por PAS-Morena, Rub\u00e9n Rocha Moya, se reuni\u00f3 con enfermeras en la Universidad de Durango y v\u00eda zoom, donde les reconoci\u00f3 la importante labor que desempe\u00f1an al atender a enfermos, pero en especial, el esfuerzo que est\u00e1n realizando durante esta emergencia sanitaria del Covid.<\/span><\/div>\n<div style=\"text-align: justify;\">&nbsp;<\/div>\n<div style=\"text-align: justify;\"><span style=\"font-size: 14pt; font-family: arial, helvetica, sans-serif;\"><\/span><\/div>\n<div style=\"text-align: justify;\"><span style=\"font-size: 14pt; font-family: arial, helvetica, sans-serif;\">A este evento lo acompa\u00f1aron el candidato por el distrito 14, Jes\u00fas Ibarra, el l\u00edder del sindicato del IMSS, Alfredo Jimenez, el Senador Americo Villarreal y el presidente del Partido Sinaloense, H\u00e9ctor Melesio Cu\u00e9n Ojeda.&nbsp;<\/span><\/div>\n<div style=\"text-align: justify;\">&nbsp;<\/div>\n<div style=\"text-align: justify;\"><span style=\"font-size: 14pt; font-family: arial, helvetica, sans-serif;\"><\/span><\/div>\n<div style=\"text-align: justify;\"><span style=\"font-size: 14pt; font-family: arial, helvetica, sans-serif;\">Ante el candidato a la gubernatura de Sinaloa, Rub\u00e9n Rocha Moya, las enfermeras expusieron las condiciones deprimentes que tienen al desempe\u00f1ar su labor en el sector salud y solicitaron que en su pr\u00f3ximo gobierno estas sean una pol\u00edtica p\u00fablica indispensable para fortalecer el sector salud y que se haga justicia social laboral a este sector tan da\u00f1ado.<\/span><\/div>\n<div style=\"text-align: justify;\">&nbsp;<\/div>\n<div style=\"text-align: justify;\"><span style=\"font-size: 14pt; font-family: arial, helvetica, sans-serif;\"><\/span><\/div>\n<div style=\"text-align: justify;\"><span style=\"font-size: 14pt; font-family: arial, helvetica, sans-serif;\">Tras felicitar a las enfermeras y enfermeros, el presidente del Partido Sinaloense, H\u00e9ctor Melesio Cu\u00e9n Ojeda, destac\u00f3 que la labor que desempe\u00f1an es bien apreciada por los ciudadanos, y son considerados como h\u00e9roes en esta pandemia, pero que la justicia laboral y social llegar\u00e1 cuando Rub\u00e9n Rocha Moya sea gobernador de Sinaloa: \u201cNo tengan duda, uno de los principales ejes de su gobierno ser\u00e1 la salud y entre ellos el mejoramiento laboral de todos los trabajadores de este sector\u201d, afirm\u00f3.<\/span><\/div>\n<div style=\"text-align: justify;\">&nbsp;<\/div>\n<div style=\"text-align: justify;\"><span style=\"font-size: 14pt; font-family: arial, helvetica, sans-serif;\"><\/span><\/div>\n<div style=\"text-align: justify;\"><span style=\"font-size: 14pt; font-family: arial, helvetica, sans-serif;\">\u201cEn el legislativo vamos a pugnar porque el presupuesto sea incluyente, que su lucha sea reconocida y coronada, porque lucha que no se refleje en el bienestar de las familias de los trabajadores no es justicia social\u201d, expres\u00f3 Jes\u00fas Ibarra, candidato del PAS-Morena por el distrito 14 a la diputaci\u00f3n local.<\/span><\/div>\n<div style=\"text-align: justify;\">&nbsp;<\/div>\n<div style=\"text-align: justify;\"><span style=\"font-size: 14pt; font-family: arial, helvetica, sans-serif;\"><\/span><\/div>\n<div style=\"text-align: justify;\"><span style=\"font-size: 14pt; font-family: arial, helvetica, sans-serif;\">\u201cEn mi gobierno se van a regularizar&nbsp; todos los trabajadores de salud para que obtengan su salario de acuerdo a su labor, pero tambi\u00e9n, se les asegurar\u00e1 que todos cuenten con seguridad social, al combatir la corrupci\u00f3n en el sector salud tendremos los recursos para recategorizar a todo el personal de salud, otorgaremos bases, en especial para las enfermeras\u201d, manifest\u00f3 el candidato a la gubernatura de Sinaloa por el PAS-Morena, Rub\u00e9n Rocha Moya.<\/span><\/div>\n<div style=\"text-align: justify;\">&nbsp;<\/div>\n<div style=\"text-align: justify;\"><span style=\"font-size: 14pt; font-family: arial, helvetica, sans-serif;\"><\/span><\/div>\n<div style=\"text-align: justify;\"><span style=\"font-size: 14pt; font-family: arial, helvetica, sans-serif;\">\u201cEn mi experiencia como ex rector conozco muy bien la labor que cada uno de ustedes juegan en el sector salud, pero tambi\u00e9n, reconozco que la primera imagen que se tiene es la de la enfermera, por eso vamos a dignificar su labor, otorg\u00e1ndoles seguridad social, certeza y seguridad laboral, con el INSABI estas demandas est\u00e1n aseguradas\u201d, dijo el candidato a la gubernatura de Sinaloa por el PAS-Morena, Rub\u00e9n Rocha Moya.<\/span><\/div>\n<div style=\"text-align: justify;\">&nbsp;<\/div>\n<div style=\"text-align: justify;\">&nbsp;<\/div>\n<div style=\"text-align: justify;\">&nbsp;<\/div>\n<div style=\"text-align: justify;\"><span style=\"font-size: 14pt; font-family: arial, helvetica, sans-serif;\">REDACCI\u00d3N\/VISI\u00d3N CIUDADANA.<\/span><\/div>\n","protected":false},"excerpt":{"rendered":"<p>&nbsp; &nbsp; &nbsp; &nbsp;Al celebrarse el D\u00eda Internacional de la Enfermera, el candidato a la gubernatura de Sinaloa por PAS-Morena, Rub\u00e9n Rocha Moya, se reuni\u00f3 con enfermeras en la Universidad de Durango y v\u00eda zoom, donde les reconoci\u00f3 la importante labor que desempe\u00f1an al atender a enfermos, pero en especial, el esfuerzo que est\u00e1n realizando [&hellip;]<\/p>\n","protected":false},"author":1,"featured_media":588,"comment_status":"closed","ping_status":"closed","sticky":false,"template":"","format":"standard","meta":{"footnotes":""},"categories":[24],"tags":[],"ppma_author":[31],"class_list":["post-16877","post","type-post","status-publish","format-standard","has-post-thumbnail","hentry","category-relevantes"],"aioseo_notices":[],"authors":[{"term_id":31,"user_id":1,"is_guest":0,"slug":"ivan3vino","display_name":"Iv\u00e1n Trevi\u00f1o","avatar_url":{"url":"https:\/\/visionciudadana.com.mx\/oficial\/wp-content\/uploads\/2025\/09\/columna-ivan-Trevino.png","url2x":"https:\/\/visionciudadana.com.mx\/oficial\/wp-content\/uploads\/2025\/09\/columna-ivan-Trevino.png"},"0":null,"1":"","2":"","3":"","4":"","5":"","6":"","7":"","8":""}],"_links":{"self":[{"href":"https:\/\/visionciudadana.com.mx\/oficial\/wp-json\/wp\/v2\/posts\/16877","targetHints":{"allow":["GET"]}}],"collection":[{"href":"https:\/\/visionciudadana.com.mx\/oficial\/wp-json\/wp\/v2\/posts"}],"about":[{"href":"https:\/\/visionciudadana.com.mx\/oficial\/wp-json\/wp\/v2\/types\/post"}],"author":[{"embeddable":true,"href":"https:\/\/visionciudadana.com.mx\/oficial\/wp-json\/wp\/v2\/users\/1"}],"replies":[{"embeddable":true,"href":"https:\/\/visionciudadana.com.mx\/oficial\/wp-json\/wp\/v2\/comments?post=16877"}],"version-history":[{"count":1,"href":"https:\/\/visionciudadana.com.mx\/oficial\/wp-json\/wp\/v2\/posts\/16877\/revisions"}],"predecessor-version":[{"id":31049,"href":"https:\/\/visionciudadana.com.mx\/oficial\/wp-json\/wp\/v2\/posts\/16877\/revisions\/31049"}],"wp:featuredmedia":[{"embeddable":true,"href":"https:\/\/visionciudadana.com.mx\/oficial\/wp-json\/wp\/v2\/media\/588"}],"wp:attachment":[{"href":"https:\/\/visionciudadana.com.mx\/oficial\/wp-json\/wp\/v2\/media?parent=16877"}],"wp:term":[{"taxonomy":"category","embeddable":true,"href":"https:\/\/visionciudadana.com.mx\/oficial\/wp-json\/wp\/v2\/categories?post=16877"},{"taxonomy":"post_tag","embeddable":true,"href":"https:\/\/visionciudadana.com.mx\/oficial\/wp-json\/wp\/v2\/tags?post=16877"},{"taxonomy":"author","embeddable":true,"href":"https:\/\/visionciudadana.com.mx\/oficial\/wp-json\/wp\/v2\/ppma_author?post=16877"}],"curies":[{"name":"wp","href":"https:\/\/api.w.org\/{rel}","templated":true}]}}