{"id":16876,"date":"2021-05-12T21:35:07","date_gmt":"2021-05-12T21:35:07","guid":{"rendered":"https:\/\/visionciudadana.com.mx\/chio\/2021\/05\/12\/la-enfermeria-es-el-eje-fundamental-en-los-servicios-de-salud-dr-efren-encinas\/"},"modified":"2025-06-25T00:16:13","modified_gmt":"2025-06-25T00:16:13","slug":"la-enfermeria-es-el-eje-fundamental-en-los-servicios-de-salud-dr-efren-encinas","status":"publish","type":"post","link":"https:\/\/visionciudadana.com.mx\/oficial\/2021\/05\/12\/la-enfermeria-es-el-eje-fundamental-en-los-servicios-de-salud-dr-efren-encinas\/","title":{"rendered":"La enfermer\u00eda es el eje fundamental en los servicios de salud: Dr.Efr\u00e9n Encinas"},"content":{"rendered":"<div style=\"text-align: justify;\">&nbsp;<\/div>\n<div style=\"text-align: justify;\"><img fetchpriority=\"high\" decoding=\"async\" src=\"images\/2021\/mayo21\/enfermeras.jpg\" alt=\"enfermeras\" width=\"780\" height=\"420\" style=\"display: block; margin: 20px auto;\" \/><\/div>\n<div style=\"text-align: justify;\">&nbsp;<\/div>\n<div style=\"text-align: justify;\"><span style=\"font-size: 14pt; font-family: arial, helvetica, sans-serif;\">A un a\u00f1o del decreto presidencial para establecer como D\u00eda Nacional de la Enfermer\u00eda el 12 de mayo, la Secretar\u00eda de Salud de Sinaloa reconoce este d\u00eda a las y los enfermeros sinaloenses que han demostrado su entrega, profesionalismo, \u00e9tica y dedicaci\u00f3n en los servicios de salud sobre todo en este tiempo de pandemia, estableci\u00f3 el Dr. Efr\u00e9n Encinas Torres.<\/span><\/div>\n<div style=\"text-align: justify;\">&nbsp;<\/div>\n<div style=\"text-align: justify;\"><span style=\"font-size: 14pt; font-family: arial, helvetica, sans-serif;\"><\/span><\/div>\n<div style=\"text-align: justify;\"><span style=\"font-size: 14pt; font-family: arial, helvetica, sans-serif;\">El tambi\u00e9n Director de los Servicios de Salud en el Estado, destac\u00f3 que el cuidado de las y los enfermeros a los pacientes y la asistencia que brindan al gremio m\u00e9dico, es un papel vital en el proceso de los servicios de salud a la poblaci\u00f3n que as\u00ed lo necesita.<\/span><\/div>\n<div style=\"text-align: justify;\">&nbsp;<\/div>\n<div style=\"text-align: justify;\"><span style=\"font-size: 14pt; font-family: arial, helvetica, sans-serif;\"><\/span><\/div>\n<div style=\"text-align: justify;\"><span style=\"font-size: 14pt; font-family: arial, helvetica, sans-serif;\">\u201cEnfermer\u00eda ustedes lo saben es el punto pues el m\u00e1s importante en un hospital as\u00ed de f\u00e1cil y en una unidad m\u00e9dica, son las que siempre est\u00e1n las que tiene presencia y permanencia hospitalaria y una autoridad importante, no nada m\u00e1s en el marco de campo operativo sino en la academia, en la ense\u00f1anza pues y en la investigaci\u00f3n, la enfermera y el enfermero constituye en materia de salud uno de los ejes principales para la atenci\u00f3n de la salud en la poblaci\u00f3n desde siempre y en este momento de la pandemia de COVID-19 ustedes han sido m\u00e1s que importantes, su accionar ha sido fundamental exponi\u00e9ndose en el campo de batalla en la primera l\u00ednea hasta la vida\u201d, manifest\u00f3.&nbsp;<\/span><\/div>\n<div style=\"text-align: justify;\">&nbsp;<\/div>\n<div style=\"text-align: justify;\"><span style=\"font-size: 14pt; font-family: arial, helvetica, sans-serif;\"><\/span><\/div>\n<div style=\"text-align: justify;\"><span style=\"font-size: 14pt; font-family: arial, helvetica, sans-serif;\">Estableci\u00f3 que pese al reto que llego por la pandemia, en este noble ejercicio de responsabilidad de trabajo, de \u00e9tica, humanismo y la profesi\u00f3n que se tiene al atender a un ser humano, muchas y muchos lamentablemente han ca\u00eddo en el ejercicio de su deber, por lo cual la sociedad y el mundo entero reconoce al gremio de la enfermer\u00eda.&nbsp;<\/span><\/div>\n<div style=\"text-align: justify;\">&nbsp;<\/div>\n<div style=\"text-align: justify;\"><span style=\"font-size: 14pt; font-family: arial, helvetica, sans-serif;\"><\/span><\/div>\n<div style=\"text-align: justify;\"><span style=\"font-size: 14pt; font-family: arial, helvetica, sans-serif;\">Cabe se\u00f1alar que, tan solo en los centros de atenci\u00f3n de la dependencia existen m\u00e1s de 3 mil enfermeras y enfermeros que d\u00eda a d\u00eda cuidan de los Sinaloenses con vocaci\u00f3n y dedicaci\u00f3n.<\/span><\/div>\n<div style=\"text-align: justify;\"><span style=\"font-size: 14pt; font-family: arial, helvetica, sans-serif;\"><\/span><\/div>\n<div style=\"text-align: justify;\">&nbsp;<\/div>\n<div style=\"text-align: justify;\"><span style=\"font-size: 14pt; font-family: arial, helvetica, sans-serif;\">Asimismo, en la Secretar\u00eda de Salud se cuenta con 1,405 enfermeras del ramo federal; 837 regularizados y homologados; 517 contratos y suplencias adem\u00e1s de 303 formalizados, dando un total de 3,062 personas profesionales de este ramo, esto sin contar los del ISSSTE, IMSS o particulares.<\/span><\/div>\n<div style=\"text-align: justify;\">&nbsp;<\/div>\n<div style=\"text-align: justify;\"><span style=\"font-size: 14pt; font-family: arial, helvetica, sans-serif;\"><\/span><\/div>\n<div style=\"text-align: justify;\"><span style=\"font-size: 14pt; font-family: arial, helvetica, sans-serif;\">En el evento tambi\u00e9n estuvieron presentes la Lic. Aleida Acebes Flores, Directora de Calidad en Atenci\u00f3n; Maestra Emilia P\u00e1ez G\u00e1mez, Coordinadora Estatal de Enfermar\u00eda; Dr. Ra\u00fal Pi\u00f1a Ibarra, Subdirector de Calidad en la Atenci\u00f3n y la Dra. Graciela Hern\u00e1ndez, quien brind\u00f3 una ponencia sobre la importancia de la enfermer\u00eda.<\/span><\/div>\n<div style=\"text-align: justify;\">&nbsp;<\/div>\n<div style=\"text-align: justify;\">&nbsp;<\/div>\n<div style=\"text-align: justify;\">&nbsp;<\/div>\n<div style=\"text-align: justify;\">&nbsp;<\/div>\n<div style=\"text-align: justify;\"><span style=\"font-size: 14pt; font-family: arial, helvetica, sans-serif;\">REDACCI\u00d3N\/VISI\u00d3N CIUDADANA.<\/span><\/div>\n","protected":false},"excerpt":{"rendered":"<p>&nbsp; &nbsp; A un a\u00f1o del decreto presidencial para establecer como D\u00eda Nacional de la Enfermer\u00eda el 12 de mayo, la Secretar\u00eda de Salud de Sinaloa reconoce este d\u00eda a las y los enfermeros sinaloenses que han demostrado su entrega, profesionalismo, \u00e9tica y dedicaci\u00f3n en los servicios de salud sobre todo en este tiempo de [&hellip;]<\/p>\n","protected":false},"author":1,"featured_media":586,"comment_status":"closed","ping_status":"closed","sticky":false,"template":"","format":"standard","meta":{"footnotes":""},"categories":[24],"tags":[],"ppma_author":[31],"class_list":["post-16876","post","type-post","status-publish","format-standard","has-post-thumbnail","hentry","category-relevantes"],"aioseo_notices":[],"authors":[{"term_id":31,"user_id":1,"is_guest":0,"slug":"ivan3vino","display_name":"Iv\u00e1n Trevi\u00f1o","avatar_url":{"url":"https:\/\/visionciudadana.com.mx\/oficial\/wp-content\/uploads\/2025\/09\/columna-ivan-Trevino.png","url2x":"https:\/\/visionciudadana.com.mx\/oficial\/wp-content\/uploads\/2025\/09\/columna-ivan-Trevino.png"},"0":null,"1":"","2":"","3":"","4":"","5":"","6":"","7":"","8":""}],"_links":{"self":[{"href":"https:\/\/visionciudadana.com.mx\/oficial\/wp-json\/wp\/v2\/posts\/16876","targetHints":{"allow":["GET"]}}],"collection":[{"href":"https:\/\/visionciudadana.com.mx\/oficial\/wp-json\/wp\/v2\/posts"}],"about":[{"href":"https:\/\/visionciudadana.com.mx\/oficial\/wp-json\/wp\/v2\/types\/post"}],"author":[{"embeddable":true,"href":"https:\/\/visionciudadana.com.mx\/oficial\/wp-json\/wp\/v2\/users\/1"}],"replies":[{"embeddable":true,"href":"https:\/\/visionciudadana.com.mx\/oficial\/wp-json\/wp\/v2\/comments?post=16876"}],"version-history":[{"count":1,"href":"https:\/\/visionciudadana.com.mx\/oficial\/wp-json\/wp\/v2\/posts\/16876\/revisions"}],"predecessor-version":[{"id":31050,"href":"https:\/\/visionciudadana.com.mx\/oficial\/wp-json\/wp\/v2\/posts\/16876\/revisions\/31050"}],"wp:featuredmedia":[{"embeddable":true,"href":"https:\/\/visionciudadana.com.mx\/oficial\/wp-json\/wp\/v2\/media\/586"}],"wp:attachment":[{"href":"https:\/\/visionciudadana.com.mx\/oficial\/wp-json\/wp\/v2\/media?parent=16876"}],"wp:term":[{"taxonomy":"category","embeddable":true,"href":"https:\/\/visionciudadana.com.mx\/oficial\/wp-json\/wp\/v2\/categories?post=16876"},{"taxonomy":"post_tag","embeddable":true,"href":"https:\/\/visionciudadana.com.mx\/oficial\/wp-json\/wp\/v2\/tags?post=16876"},{"taxonomy":"author","embeddable":true,"href":"https:\/\/visionciudadana.com.mx\/oficial\/wp-json\/wp\/v2\/ppma_author?post=16876"}],"curies":[{"name":"wp","href":"https:\/\/api.w.org\/{rel}","templated":true}]}}