{"id":16875,"date":"2021-05-12T21:03:15","date_gmt":"2021-05-12T21:03:15","guid":{"rendered":"https:\/\/visionciudadana.com.mx\/chio\/2021\/05\/12\/estrada-ferreiro-asegura-triunfo-este-proximo-6-de-junio\/"},"modified":"2025-06-25T00:16:13","modified_gmt":"2025-06-25T00:16:13","slug":"estrada-ferreiro-asegura-triunfo-este-proximo-6-de-junio","status":"publish","type":"post","link":"https:\/\/visionciudadana.com.mx\/oficial\/2021\/05\/12\/estrada-ferreiro-asegura-triunfo-este-proximo-6-de-junio\/","title":{"rendered":"Estrada Ferreiro asegura triunfo este pr\u00f3ximo 6 de junio"},"content":{"rendered":"<p style=\"text-align: justify;\">&nbsp;<\/p>\n<p><img fetchpriority=\"high\" decoding=\"async\" src=\"images\/2021\/mayo21\/triunfo-6-junio.jpg\" alt=\"triunfo 6 junio\" width=\"780\" height=\"420\" style=\"display: block; margin: 20px auto;\" \/><\/p>\n<div style=\"text-align: justify;\"><span style=\"font-size: 14pt; font-family: arial, helvetica, sans-serif;\">El pueblo de Culiac\u00e1n conoce y reafirma lo que hasta hoy se ha realizado con obras y hechos en beneficio de todos, motivo por el cual, el Lic. Jes\u00fas Estrada Ferreiro asegur\u00f3 durante su participaci\u00f3n en el ejercicio democr\u00e1tico Conversatorio de Propuestas 2021, que este pr\u00f3ximo 6 de junio se alzar\u00e1 con la con la victoria con un alto margen de votos.<\/span><\/div>\n<div style=\"text-align: justify;\"><span style=\"font-size: 14pt; font-family: arial, helvetica, sans-serif;\"><\/span><\/div>\n<div style=\"text-align: justify;\"><span style=\"font-size: 14pt; font-family: arial, helvetica, sans-serif;\"><\/span><\/div>\n<div style=\"text-align: justify;\"><span style=\"font-size: 14pt; font-family: arial, helvetica, sans-serif;\">En este espacio, el candidato de la alianza por Morena \u2013PAS afirm\u00f3 que el municipio de Culiac\u00e1n se ha transformado en 2 a\u00f1os y medio al frente de la Administraci\u00f3n del Municipio, lo que no sucedi\u00f3 en periodos anteriores en los que gobernaron los priistas.<\/span><\/div>\n<div style=\"text-align: justify;\"><span style=\"font-size: 14pt; font-family: arial, helvetica, sans-serif;\"><\/span><\/div>\n<div style=\"text-align: justify;\"><span style=\"font-size: 14pt; font-family: arial, helvetica, sans-serif;\"><\/span><\/div>\n<div style=\"text-align: justify;\"><span style=\"font-size: 14pt; font-family: arial, helvetica, sans-serif;\">\u201cPorque vamos a ganar en Culiac\u00e1n con mucha ventaja, para que no quede dudas a nadie, la gente de Culiac\u00e1n sabe bien quien son yo y como me he comportado y no tienen dudas, la gente est\u00e1 puesta para apoyar a la Cuarta Transformaci\u00f3n, que es lo que m\u00e1s importa en este momento para gente, el pueblo de M\u00e9xico, detall\u00f3\u201d.<\/span><\/div>\n<div style=\"text-align: justify;\"><span style=\"font-size: 14pt; font-family: arial, helvetica, sans-serif;\"><\/span><\/div>\n<div style=\"text-align: justify;\"><span style=\"font-size: 14pt; font-family: arial, helvetica, sans-serif;\"><\/span><\/div>\n<div style=\"text-align: justify;\"><span style=\"font-size: 14pt; font-family: arial, helvetica, sans-serif;\">Estrada Ferreiro explic\u00f3 a los presentes y a la ciudadan\u00eda que a pesar de que el a\u00f1o 2020 el mundo entero entr\u00f3 en crisis por la pandemia de Coronavirus, en Culiac\u00e1n, se dio brind\u00f3 apoyo a la sociedad a trav\u00e9s la creaci\u00f3n de Guardianes de la Salud quienes formaron un escuadr\u00f3n de mil 500 voluntarios para vigilar las medidas recomendadas por la Secretar\u00eda de Salud.<\/span><\/div>\n<div style=\"text-align: justify;\"><span style=\"font-size: 14pt; font-family: arial, helvetica, sans-serif;\"><\/span><\/div>\n<div style=\"text-align: justify;\"><span style=\"font-size: 14pt; font-family: arial, helvetica, sans-serif;\"><\/span><\/div>\n<div style=\"text-align: justify;\"><span style=\"font-size: 14pt; font-family: arial, helvetica, sans-serif;\">En el rubro de la buena administraci\u00f3n de los recursos p\u00fablicos, destac\u00f3 que, que manera hist\u00f3rica se logr\u00f3 la reducci\u00f3n de la deuda de mil 080 millones de pesos a 500 millones de pesos, acci\u00f3n que la banca privada ha calificado de forma positiva al municipio para extender cr\u00e9ditos.<\/span><\/div>\n<div style=\"text-align: justify;\"><span style=\"font-size: 14pt; font-family: arial, helvetica, sans-serif;\"><\/span><\/div>\n<div style=\"text-align: justify;\"><span style=\"font-size: 14pt; font-family: arial, helvetica, sans-serif;\"><\/span><\/div>\n<div style=\"text-align: justify;\"><span style=\"font-size: 14pt; font-family: arial, helvetica, sans-serif;\">Parte de este la optimizaci\u00f3n de recursos, ha sido posible a que la gente ha confiado y pagado de forma oportuna el predial, con lo que se ha podido iluminar a todo el municipio, ciudad y sindicaturas con alrededor de 62 mil luminarias LED, las cuales traer\u00e1n un ahorro para las arcas municipales.<\/span><\/div>\n<div style=\"text-align: justify;\"><span style=\"font-size: 14pt; font-family: arial, helvetica, sans-serif;\"><\/span><\/div>\n<div style=\"text-align: justify;\"><span style=\"font-size: 14pt; font-family: arial, helvetica, sans-serif;\"><\/span><\/div>\n<div style=\"text-align: justify;\"><span style=\"font-size: 14pt; font-family: arial, helvetica, sans-serif;\">Consciente de que a\u00fan falta \u00e1reas por mejorar, inform\u00f3 que se ha apoyado de forma decidida al deporte y los espacios p\u00fablicos, equipamiento de polic\u00edas municipales, el candidato morenista dijo que ya basta de simulaciones y urgi\u00f3 que los legisladores protejan el recurso del pueblo, una vez que lleguen a estos cargos de elecci\u00f3n.<\/span><\/div>\n<div style=\"text-align: justify;\">&nbsp;<\/div>\n<div style=\"text-align: justify;\">&nbsp;<\/div>\n<div style=\"text-align: justify;\">&nbsp;<\/div>\n<div style=\"text-align: justify;\"><span style=\"font-size: 14pt; font-family: arial, helvetica, sans-serif;\">REDACCI\u00d3N\/VISI\u00d3N CIUDADANA.<\/span><\/div>\n","protected":false},"excerpt":{"rendered":"<p>&nbsp; El pueblo de Culiac\u00e1n conoce y reafirma lo que hasta hoy se ha realizado con obras y hechos en beneficio de todos, motivo por el cual, el Lic. Jes\u00fas Estrada Ferreiro asegur\u00f3 durante su participaci\u00f3n en el ejercicio democr\u00e1tico Conversatorio de Propuestas 2021, que este pr\u00f3ximo 6 de junio se alzar\u00e1 con la con [&hellip;]<\/p>\n","protected":false},"author":1,"featured_media":584,"comment_status":"closed","ping_status":"closed","sticky":false,"template":"","format":"standard","meta":{"footnotes":""},"categories":[24],"tags":[],"ppma_author":[31],"class_list":["post-16875","post","type-post","status-publish","format-standard","has-post-thumbnail","hentry","category-relevantes"],"aioseo_notices":[],"authors":[{"term_id":31,"user_id":1,"is_guest":0,"slug":"ivan3vino","display_name":"Iv\u00e1n Trevi\u00f1o","avatar_url":{"url":"https:\/\/visionciudadana.com.mx\/oficial\/wp-content\/uploads\/2025\/09\/columna-ivan-Trevino.png","url2x":"https:\/\/visionciudadana.com.mx\/oficial\/wp-content\/uploads\/2025\/09\/columna-ivan-Trevino.png"},"0":null,"1":"","2":"","3":"","4":"","5":"","6":"","7":"","8":""}],"_links":{"self":[{"href":"https:\/\/visionciudadana.com.mx\/oficial\/wp-json\/wp\/v2\/posts\/16875","targetHints":{"allow":["GET"]}}],"collection":[{"href":"https:\/\/visionciudadana.com.mx\/oficial\/wp-json\/wp\/v2\/posts"}],"about":[{"href":"https:\/\/visionciudadana.com.mx\/oficial\/wp-json\/wp\/v2\/types\/post"}],"author":[{"embeddable":true,"href":"https:\/\/visionciudadana.com.mx\/oficial\/wp-json\/wp\/v2\/users\/1"}],"replies":[{"embeddable":true,"href":"https:\/\/visionciudadana.com.mx\/oficial\/wp-json\/wp\/v2\/comments?post=16875"}],"version-history":[{"count":1,"href":"https:\/\/visionciudadana.com.mx\/oficial\/wp-json\/wp\/v2\/posts\/16875\/revisions"}],"predecessor-version":[{"id":31051,"href":"https:\/\/visionciudadana.com.mx\/oficial\/wp-json\/wp\/v2\/posts\/16875\/revisions\/31051"}],"wp:featuredmedia":[{"embeddable":true,"href":"https:\/\/visionciudadana.com.mx\/oficial\/wp-json\/wp\/v2\/media\/584"}],"wp:attachment":[{"href":"https:\/\/visionciudadana.com.mx\/oficial\/wp-json\/wp\/v2\/media?parent=16875"}],"wp:term":[{"taxonomy":"category","embeddable":true,"href":"https:\/\/visionciudadana.com.mx\/oficial\/wp-json\/wp\/v2\/categories?post=16875"},{"taxonomy":"post_tag","embeddable":true,"href":"https:\/\/visionciudadana.com.mx\/oficial\/wp-json\/wp\/v2\/tags?post=16875"},{"taxonomy":"author","embeddable":true,"href":"https:\/\/visionciudadana.com.mx\/oficial\/wp-json\/wp\/v2\/ppma_author?post=16875"}],"curies":[{"name":"wp","href":"https:\/\/api.w.org\/{rel}","templated":true}]}}