{"id":16873,"date":"2021-05-12T20:47:49","date_gmt":"2021-05-12T20:47:49","guid":{"rendered":"https:\/\/visionciudadana.com.mx\/chio\/2021\/05\/12\/urge-un-plan-nacional-y-estrategico-para-el-cuidado-del-agua-sergio-esquer\/"},"modified":"2025-06-25T00:16:13","modified_gmt":"2025-06-25T00:16:13","slug":"urge-un-plan-nacional-y-estrategico-para-el-cuidado-del-agua-sergio-esquer","status":"publish","type":"post","link":"https:\/\/visionciudadana.com.mx\/oficial\/2021\/05\/12\/urge-un-plan-nacional-y-estrategico-para-el-cuidado-del-agua-sergio-esquer\/","title":{"rendered":"Urge un plan nacional y estrat\u00e9gico para el cuidado del agua: Sergio Esquer"},"content":{"rendered":"<p>&nbsp;<\/p>\n<p style=\"text-align: justify;\"><img fetchpriority=\"high\" decoding=\"async\" src=\"images\/2021\/mayo21\/urge_un_plan.jpg\" alt=\"urge un plan\" width=\"780\" height=\"420\" style=\"display: block; margin: 20px auto;\" \/><\/p>\n<p><span style=\"font-size: 14pt; font-family: arial, helvetica, sans-serif;\">Ante el problema de sequ\u00eda en Sinaloa, el candidato a diputado federal por el distrito 5 hace un llamado para la creaci\u00f3n de un nuevo esquema de distribuci\u00f3n de aguas y afirma que, desde la C\u00e1mara de Diputados trabajar\u00e0 por crear un marco jur\u00eddico conveniente en la materia.<\/span><\/p>\n<p style=\"text-align: justify;\">\n<p><span style=\"font-size: 14pt; font-family: arial, helvetica, sans-serif;\">Ante la fuerte problem\u00e1tica de escasez de agua que se ha presentado en las \u00faltimas semanas, el candidato a la diputaci\u00f3n federal del distrito 5, Sergio Esquer Peiro, hizo un llamado a la poblaci\u00f3n y a las autoridades a tener un mayor cuidado del agua y a hacer consciencia de la necesidad de su abastecimiento, principalmente en el consumo humano y agr\u00edcola.<\/span><\/p>\n<p style=\"text-align: justify;\">\n<p><span style=\"font-size: 14pt; font-family: arial, helvetica, sans-serif;\">Al ser la sequ\u00eda, una problem\u00e1tica de grave preocupaci\u00f3n para Sinaloa, el candidato, Sergio Esquer, consider\u00f3 que ya es momento de crear un nuevo esquema nacional y estrat\u00e9gico para garantizar el consumo prudente y sustentable del vital l\u00edquido.<\/span><\/p>\n<p style=\"text-align: justify;\">\n<p><span style=\"font-size: 14pt; font-family: arial, helvetica, sans-serif;\">Puntualiz\u00f3 que, aunque el consumo humano es lo m\u00e1s importante, el sector agr\u00edcola tambi\u00e9n se ha visto gravemente afectado pues la falta de agua ha mermado las siembras lo cual, traer\u00e1 consigo un impacto econ\u00f3mico muy desfavorable.<\/span><\/p>\n<p style=\"text-align: justify;\">\n<p><span style=\"font-size: 14pt; font-family: arial, helvetica, sans-serif;\">\u00abEs un tema muy serio que debemos ver hacia adelante, las presas est\u00e1n en sus m\u00ednimos hist\u00f3ricos, obviamente primero es el consumo humano el que se tiene que garantizar, pero el tema de la agricultura, el tema de la siembra\u2026 para el pr\u00f3ximo a\u00f1o si se va a poner muy complicado\u00bb, dijo.<\/span><\/p>\n<p style=\"text-align: justify;\">\n<p><span style=\"font-size: 14pt; font-family: arial, helvetica, sans-serif;\">El candidato de la alianza Vamos por Sinaloa, Sergio Esquer, asegur\u00f3 que es momento de pensar en un plan nacional y en obtener mejores mecanismos de dispersi\u00f3n del agua adem\u00e1s de contar con una buena infraestructura para resolver la problem\u00e1tica que aqueja no s\u00f3lo a Sinaloa, sino tambi\u00e9n a otros estados de la Rep\u00fablica.<\/span><\/p>\n<p style=\"text-align: justify;\">\n<p><span style=\"font-size: 14pt; font-family: arial, helvetica, sans-serif;\">\u00abTenemos que tener m\u00e1s consciencia, hoy m\u00e1s que nunca y que desde los gobiernos se empiece a estructurar un nuevo esquema de fondo para hacer las modificaciones correspondientes en la dispersi\u00f3n del agua. No s\u00f3lo es Sinaloa, son otros estados los que se ven afectados. Necesitamos trabajar muy fuerte en c\u00f3mo administrar y sustentar el agua para que no se desperdicie y no se pierda\u00bb, asegur\u00f3.<\/span><\/p>\n<p style=\"text-align: justify;\">\n<p><span style=\"font-size: 14pt; font-family: arial, helvetica, sans-serif;\">Por \u00faltimo, pidi\u00f3 hacer un esfuerzo tanto a los ciudadanos como a las autoridades para cuidar el agua al reiterar que, es necesario un plan a nivel nacional de aguas para que este problema no siga creciendo.<\/span><\/p>\n<p style=\"text-align: justify;\">\n<p><span style=\"font-size: 14pt; font-family: arial, helvetica, sans-serif;\">Afirm\u00f3 que, desde su representaci\u00f3n en la C\u00e1mara de Diputados se buscar\u00e1 impulsar un nuevo marco jur\u00eddico de regulaci\u00f3n de las aguas que de certidumbre en la distribuci\u00f3n equitativa y sustentable de este recurso natural.<\/span><\/p>\n<p style=\"text-align: justify;\">\n<p><span style=\"font-size: 14pt; font-family: arial, helvetica, sans-serif;\">\u00abHay que hacer un esfuerzo y un plan en forma a nivel nacional para sacar este problema adelante\u00bb dijo.<\/span><\/p>\n<p style=\"text-align: justify;\">&nbsp;<\/p>\n<p style=\"text-align: justify;\">&nbsp;<\/p>\n<p style=\"text-align: justify;\"><span style=\"font-size: 14pt; font-family: arial, helvetica, sans-serif;\">REDACCI\u00d3N\/VISI\u00d3N CIUDADANA.<\/span><\/p>\n","protected":false},"excerpt":{"rendered":"<p>&nbsp; Ante el problema de sequ\u00eda en Sinaloa, el candidato a diputado federal por el distrito 5 hace un llamado para la creaci\u00f3n de un nuevo esquema de distribuci\u00f3n de aguas y afirma que, desde la C\u00e1mara de Diputados trabajar\u00e0 por crear un marco jur\u00eddico conveniente en la materia. Ante la fuerte problem\u00e1tica de escasez [&hellip;]<\/p>\n","protected":false},"author":1,"featured_media":580,"comment_status":"closed","ping_status":"closed","sticky":false,"template":"","format":"standard","meta":{"footnotes":""},"categories":[24],"tags":[],"ppma_author":[31],"class_list":["post-16873","post","type-post","status-publish","format-standard","has-post-thumbnail","hentry","category-relevantes"],"aioseo_notices":[],"authors":[{"term_id":31,"user_id":1,"is_guest":0,"slug":"ivan3vino","display_name":"Iv\u00e1n Trevi\u00f1o","avatar_url":{"url":"https:\/\/visionciudadana.com.mx\/oficial\/wp-content\/uploads\/2025\/09\/columna-ivan-Trevino.png","url2x":"https:\/\/visionciudadana.com.mx\/oficial\/wp-content\/uploads\/2025\/09\/columna-ivan-Trevino.png"},"0":null,"1":"","2":"","3":"","4":"","5":"","6":"","7":"","8":""}],"_links":{"self":[{"href":"https:\/\/visionciudadana.com.mx\/oficial\/wp-json\/wp\/v2\/posts\/16873","targetHints":{"allow":["GET"]}}],"collection":[{"href":"https:\/\/visionciudadana.com.mx\/oficial\/wp-json\/wp\/v2\/posts"}],"about":[{"href":"https:\/\/visionciudadana.com.mx\/oficial\/wp-json\/wp\/v2\/types\/post"}],"author":[{"embeddable":true,"href":"https:\/\/visionciudadana.com.mx\/oficial\/wp-json\/wp\/v2\/users\/1"}],"replies":[{"embeddable":true,"href":"https:\/\/visionciudadana.com.mx\/oficial\/wp-json\/wp\/v2\/comments?post=16873"}],"version-history":[{"count":1,"href":"https:\/\/visionciudadana.com.mx\/oficial\/wp-json\/wp\/v2\/posts\/16873\/revisions"}],"predecessor-version":[{"id":31053,"href":"https:\/\/visionciudadana.com.mx\/oficial\/wp-json\/wp\/v2\/posts\/16873\/revisions\/31053"}],"wp:featuredmedia":[{"embeddable":true,"href":"https:\/\/visionciudadana.com.mx\/oficial\/wp-json\/wp\/v2\/media\/580"}],"wp:attachment":[{"href":"https:\/\/visionciudadana.com.mx\/oficial\/wp-json\/wp\/v2\/media?parent=16873"}],"wp:term":[{"taxonomy":"category","embeddable":true,"href":"https:\/\/visionciudadana.com.mx\/oficial\/wp-json\/wp\/v2\/categories?post=16873"},{"taxonomy":"post_tag","embeddable":true,"href":"https:\/\/visionciudadana.com.mx\/oficial\/wp-json\/wp\/v2\/tags?post=16873"},{"taxonomy":"author","embeddable":true,"href":"https:\/\/visionciudadana.com.mx\/oficial\/wp-json\/wp\/v2\/ppma_author?post=16873"}],"curies":[{"name":"wp","href":"https:\/\/api.w.org\/{rel}","templated":true}]}}