{"id":16872,"date":"2021-05-12T20:43:52","date_gmt":"2021-05-12T20:43:52","guid":{"rendered":"https:\/\/visionciudadana.com.mx\/chio\/2021\/05\/12\/trabajaremos-intensamente-para-brindarle-justicia-laboral-al-personal-de-salud-rocha-moya\/"},"modified":"2025-06-25T00:16:13","modified_gmt":"2025-06-25T00:16:13","slug":"trabajaremos-intensamente-para-brindarle-justicia-laboral-al-personal-de-salud-rocha-moya","status":"publish","type":"post","link":"https:\/\/visionciudadana.com.mx\/oficial\/2021\/05\/12\/trabajaremos-intensamente-para-brindarle-justicia-laboral-al-personal-de-salud-rocha-moya\/","title":{"rendered":"Trabajaremos intensamente para brindarle justicia laboral al personal de salud: Rocha Moya"},"content":{"rendered":"<p><img fetchpriority=\"high\" decoding=\"async\" src=\"images\/2021\/mayo21\/rochis.jpg\" alt=\"rochis\" width=\"780\" height=\"420\" style=\"display: block; margin: 20px auto;\" \/><\/p>\n<p>&nbsp;<\/p>\n<p style=\"text-align: justify;\"><span style=\"font-size: 14pt; font-family: arial, helvetica, sans-serif;\"> En el marco de la celebraci\u00f3n del D\u00eda Internacional de la Enfermer\u00eda, el candidato a la gubernatura por la alianza MORENA-PAS, Rub\u00e9n Rocha Moya, se reuni\u00f3 con el gremio y estableci\u00f3 el compromiso de trabajar intensamente para otorgar justicia laboral a los trabajadores del sector salud.<\/span><\/p>\n<p style=\"text-align: justify;\">&nbsp;<\/p>\n<p style=\"text-align: justify;\"><span style=\"font-size: 14pt; font-family: arial, helvetica, sans-serif;\">\u201cVamos a ver primero el tema laboral, lo de sus basificaciones, su regularizaci\u00f3n; n\u00famero dos, ese tema que ustedes llaman la recategorizaci\u00f3n; yo conozco las dos visiones y se que tambi\u00e9n hay que ampliar el personal m\u00e9dico, hay necesidad de ello\u201d.<\/span><\/p>\n<p style=\"text-align: justify;\">&nbsp;<\/p>\n<p style=\"text-align: justify;\"><span style=\"font-size: 14pt; font-family: arial, helvetica, sans-serif;\">Rocha Moya anticip\u00f3 que este d\u00eda tambi\u00e9n participar\u00e1 en un foro con ganaderos y un encuentro con j\u00f3venes emprendedores, en los cuales compartir\u00e1 sus propuestas de gobierno para el fortalecimiento de la vocaci\u00f3n natural del estado en busca de generar riqueza y empleo; as\u00ed como refrendar\u00e1 para el caso de los j\u00f3venes, su apoyo a la investigaci\u00f3n y desarrollo de nuevos mercados a trav\u00e9s de fortalecer el emprendimiento.<\/span><\/p>\n<p style=\"text-align: justify;\">&nbsp;<\/p>\n<p style=\"text-align: justify;\"><span style=\"font-size: 14pt; font-family: arial, helvetica, sans-serif;\">Ante el gremio de la enfermer\u00eda, el abanderado de los partidos de MORENA y PAS dijo que uno de los compromisos de su Gobierno es estar cercano y resolver sus necesidades de la mano con los integrantes del sector y de los derechohabientes, desde el 01 de noviembre que asuma su mandato.<\/span><\/p>\n<p style=\"text-align: justify;\">&nbsp;<\/p>\n<p style=\"text-align: justify;\"><span style=\"font-size: 14pt; font-family: arial, helvetica, sans-serif;\">\u201cVamos a instalar un sistema de coordinado de atenci\u00f3n a urgencias, ah\u00ed est\u00e1 en la ley y no lo atiende, lo que es importante es que la persona que viene con \u00e9l con una emergencia vaya al lugar donde lo van a atender de inmediato, es com\u00fan que lo lleven a un hospital donde no lo atienden, el sistema coordinado de emergencias tiene el prop\u00f3sito de no perder tiempo en la atenci\u00f3n de las urgencias\u201d.<\/span><\/p>\n<p style=\"text-align: justify;\">&nbsp;<\/p>\n<p style=\"text-align: justify;\"><span style=\"font-size: 14pt; font-family: arial, helvetica, sans-serif;\">Destac\u00f3 que en su recorrido por los distintos municipios del estado se ha percatado de la falta de la necesidad de fortalecer la infraestructura hospitalaria sobre todo en algunas cl\u00ednicas que operan en las regiones de Cosal\u00e1, San Ignacio y Badiraguato.<\/span><\/p>\n<p style=\"text-align: justify;\">&nbsp;<\/p>\n<p style=\"text-align: justify;\"><span style=\"font-size: 14pt; font-family: arial, helvetica, sans-serif;\">\u201cYa he recorrido estas cl\u00ednicas y est\u00e1n abandonadas, tienen que tener el m\u00ednimo, hay que tener quir\u00f3fanos ambulatorios, m\u00ednimamente ah\u00ed para que tengan capacidad, pero tambi\u00e9n hay que tener equipo de traslado; ahorita no tienen manera de trasladar\u201d.<\/span><\/p>\n<p style=\"text-align: justify;\">&nbsp;<\/p>\n<p style=\"text-align: justify;\"><span style=\"font-size: 14pt; font-family: arial, helvetica, sans-serif;\">Rub\u00e9n Rocha Moya estuvo acompa\u00f1ado por el delegado electoral de Morena en Sinaloa, Am\u00e9rico Villarreal Anaya; el presidente del PAS, H\u00e9ctor Melesio Cu\u00e9n Ojeda; y el candidato a diputado local por el Distrito 14, Jes\u00fas Ibarra Ramos<\/span><\/p>\n<p style=\"text-align: justify;\">&nbsp;<\/p>\n<p style=\"text-align: justify;\">&nbsp;<\/p>\n<p style=\"text-align: justify;\"><span style=\"font-size: 14pt; font-family: arial, helvetica, sans-serif;\">REDACCI\u00d3N\/VISI\u00d3N CIUDADANA.<\/span><\/p>\n","protected":false},"excerpt":{"rendered":"<p>&nbsp; En el marco de la celebraci\u00f3n del D\u00eda Internacional de la Enfermer\u00eda, el candidato a la gubernatura por la alianza MORENA-PAS, Rub\u00e9n Rocha Moya, se reuni\u00f3 con el gremio y estableci\u00f3 el compromiso de trabajar intensamente para otorgar justicia laboral a los trabajadores del sector salud. &nbsp; \u201cVamos a ver primero el tema laboral, [&hellip;]<\/p>\n","protected":false},"author":1,"featured_media":578,"comment_status":"closed","ping_status":"closed","sticky":false,"template":"","format":"standard","meta":{"footnotes":""},"categories":[24],"tags":[],"ppma_author":[31],"class_list":["post-16872","post","type-post","status-publish","format-standard","has-post-thumbnail","hentry","category-relevantes"],"aioseo_notices":[],"authors":[{"term_id":31,"user_id":1,"is_guest":0,"slug":"ivan3vino","display_name":"Iv\u00e1n Trevi\u00f1o","avatar_url":{"url":"https:\/\/visionciudadana.com.mx\/oficial\/wp-content\/uploads\/2025\/09\/columna-ivan-Trevino.png","url2x":"https:\/\/visionciudadana.com.mx\/oficial\/wp-content\/uploads\/2025\/09\/columna-ivan-Trevino.png"},"0":null,"1":"","2":"","3":"","4":"","5":"","6":"","7":"","8":""}],"_links":{"self":[{"href":"https:\/\/visionciudadana.com.mx\/oficial\/wp-json\/wp\/v2\/posts\/16872","targetHints":{"allow":["GET"]}}],"collection":[{"href":"https:\/\/visionciudadana.com.mx\/oficial\/wp-json\/wp\/v2\/posts"}],"about":[{"href":"https:\/\/visionciudadana.com.mx\/oficial\/wp-json\/wp\/v2\/types\/post"}],"author":[{"embeddable":true,"href":"https:\/\/visionciudadana.com.mx\/oficial\/wp-json\/wp\/v2\/users\/1"}],"replies":[{"embeddable":true,"href":"https:\/\/visionciudadana.com.mx\/oficial\/wp-json\/wp\/v2\/comments?post=16872"}],"version-history":[{"count":1,"href":"https:\/\/visionciudadana.com.mx\/oficial\/wp-json\/wp\/v2\/posts\/16872\/revisions"}],"predecessor-version":[{"id":31054,"href":"https:\/\/visionciudadana.com.mx\/oficial\/wp-json\/wp\/v2\/posts\/16872\/revisions\/31054"}],"wp:featuredmedia":[{"embeddable":true,"href":"https:\/\/visionciudadana.com.mx\/oficial\/wp-json\/wp\/v2\/media\/578"}],"wp:attachment":[{"href":"https:\/\/visionciudadana.com.mx\/oficial\/wp-json\/wp\/v2\/media?parent=16872"}],"wp:term":[{"taxonomy":"category","embeddable":true,"href":"https:\/\/visionciudadana.com.mx\/oficial\/wp-json\/wp\/v2\/categories?post=16872"},{"taxonomy":"post_tag","embeddable":true,"href":"https:\/\/visionciudadana.com.mx\/oficial\/wp-json\/wp\/v2\/tags?post=16872"},{"taxonomy":"author","embeddable":true,"href":"https:\/\/visionciudadana.com.mx\/oficial\/wp-json\/wp\/v2\/ppma_author?post=16872"}],"curies":[{"name":"wp","href":"https:\/\/api.w.org\/{rel}","templated":true}]}}