{"id":16871,"date":"2021-05-12T20:31:18","date_gmt":"2021-05-12T20:31:18","guid":{"rendered":"https:\/\/visionciudadana.com.mx\/chio\/2021\/05\/12\/desde-biblioteca-central-de-la-uas-operan-portales-de-fake-news\/"},"modified":"2025-06-25T00:16:14","modified_gmt":"2025-06-25T00:16:14","slug":"desde-biblioteca-central-de-la-uas-operan-portales-de-fake-news","status":"publish","type":"post","link":"https:\/\/visionciudadana.com.mx\/oficial\/2021\/05\/12\/desde-biblioteca-central-de-la-uas-operan-portales-de-fake-news\/","title":{"rendered":"Desde biblioteca Central de la UAS operan portales de \u201cfake news\u201d"},"content":{"rendered":"<p>&nbsp;<\/p>\n<p class=\"x_gmail-MsoNoSpacing\"><img fetchpriority=\"high\" decoding=\"async\" src=\"images\/2021\/mayo21\/dede-biblio.jpg\" alt=\"dede biblio\" width=\"780\" height=\"420\" style=\"display: block; margin: 20px auto;\" \/><\/p>\n<p class=\"x_gmail-MsoNoSpacing\" style=\"text-align: justify;\"><span style=\"font-size: 14pt; font-family: arial, helvetica, sans-serif;\">La Fiscal\u00eda General del Estado encontr\u00f3 evidencia de que los portales que generan contenidos de noticias falsas en contra del candidato por la alianza Va por Sinaloa, son parte del equipo de campa\u00f1a de Rub\u00e9n Rocha Moya y operaran desde la biblioteca Central en Ciudad Universitaria, revel\u00f3 Mario Zamora Gast\u00e9lum.<\/span><\/p>\n<p style=\"text-align: justify;\">&nbsp;<\/p>\n<p class=\"x_gmail-MsoNoSpacing\" style=\"text-align: justify;\"><span style=\"font-size: 14pt; font-family: arial, helvetica, sans-serif;\">A pregunta expresa, durante un saludo con ciudadanos en un crucero del sector Tres R\u00edos, el pr\u00f3ximo gobernador de Sinaloa respondi\u00f3 que ya ratific\u00f3 la denuncia ante el Ministerio P\u00fablico y tuvo acceso a la informaci\u00f3n integrada en la carpeta de investigaci\u00f3n, que muestra a Luis Alfonso Garc\u00eda Canales y Ra\u00fal Lozano C\u00e1rdenas como los autores materiales en la creaci\u00f3n de p\u00e1ginas falsas, y de los se\u00f1alamientos realizados en contra del abanderado de los partidos del PRI, PRD y PAN, mismos que est\u00e1n plenamente identificados como colaboradores de la coalici\u00f3n Morena-PAS.<\/span><\/p>\n<p style=\"text-align: justify;\">&nbsp;<\/p>\n<p class=\"x_gmail-MsoNoSpacing\" style=\"text-align: justify;\"><span style=\"font-size: 14pt; font-family: arial, helvetica, sans-serif;\">\u201cYa la ratifiqu\u00e9 y por eso nos pudieron dar vista del expediente, y por eso pudimos sacar los nombres de las personas que est\u00e1n en el comit\u00e9 de campa\u00f1a de Rub\u00e9n Rocha, personas totalmente vinculadas a \u00e9l y a H\u00e9ctor Melesio Cu\u00e9n, que est\u00e1n trabajando juntos y de la mano\u2026 se pudo revisar en la IP que lo hacen desde la biblioteca de la UAS. Lo que antes criticaba Rub\u00e9n de que usaban los recursos de la UAS, hoy lo est\u00e1n haciendo en favor de \u00e9l y creo que eso no se vale, creo que eso retrata de cuerpo entero la calidad de personas que son\u201d, reclam\u00f3.<\/span><\/p>\n<p style=\"text-align: justify;\">&nbsp;<\/p>\n<p class=\"x_gmail-MsoNoSpacing\" style=\"text-align: justify;\"><span style=\"font-size: 14pt; font-family: arial, helvetica, sans-serif;\">Mario Zamora dijo adem\u00e1s que, pese a los se\u00f1alamientos y declaraciones que Rocha Moya hizo en el pasado en contra de H\u00e9ctor Melesio Cu\u00e9n, por el uso de la comunidad estudiantil, de acad\u00e9micos y administrativos de la Universidad Aut\u00f3noma de Sinaloa, para actividades de campa\u00f1a y guerra sucia, es \u00e9l ahora quien utiliza esa estructura, dando un ejemplo de la complicidad y mentiras que representa Morena en Sinaloa.<\/span><\/p>\n<p style=\"text-align: justify;\">&nbsp;<\/p>\n<p class=\"x_gmail-MsoNoSpacing\" style=\"text-align: justify;\"><span style=\"font-size: 14pt; font-family: arial, helvetica, sans-serif;\">El abanderado de los partidos PRI, PRD y PAN se dijo confiado en el trabajo de las autoridades y la justicia llegar\u00e1 tarde o temprano, porque la evidencia ah\u00ed est\u00e1.<\/span><\/p>\n<p style=\"text-align: justify;\">&nbsp;<\/p>\n<p class=\"x_gmail-MsoNoSpacing\" style=\"text-align: justify;\"><span style=\"font-size: 14pt; font-family: arial, helvetica, sans-serif;\">\u201c\u00c9l me lo dijo cuando estaba con Loret, que no era \u00e9l, que le saludara a mi familia, que \u00e9l no hac\u00eda esas cosas, ah\u00ed se lo estoy probando que s\u00ed es responsable y ah\u00ed est\u00e1 la foto de su equipo de campa\u00f1a, donde la persona que lo est\u00e1 haciendo est\u00e1 dentro de su equipo\u201d, a\u00f1adi\u00f3.<\/span><\/p>\n<p style=\"text-align: justify;\">&nbsp;<\/p>\n<p class=\"x_gmail-MsoNoSpacing\" style=\"text-align: justify;\"><span style=\"font-size: 14pt; font-family: arial, helvetica, sans-serif;\">El pr\u00f3ximo gobernador de Sinaloa lament\u00f3 que la guerra sucia no ha bajado sino que increment\u00f3 en las mismas p\u00e1ginas y otras de nueva creaci\u00f3n, despu\u00e9s de sus acusaciones p\u00fablicas y su denuncia ante la Fiscal\u00eda de Sinaloa.<\/span><\/p>\n<p style=\"text-align: justify;\">&nbsp;<\/p>\n<p class=\"x_gmail-MsoNoSpacing\" style=\"text-align: justify;\"><span style=\"font-size: 14pt; font-family: arial, helvetica, sans-serif;\">Hizo un llamado a los sinaloenses para que el pr\u00f3ximo 6 de junio le den la espalda a una pol\u00edtica antigua, a la mentira, a la incongruencia y a la oscuridad.<\/span><\/p>\n<p style=\"text-align: justify;\">&nbsp;<\/p>\n<p class=\"x_gmail-MsoNoSpacing\" style=\"text-align: justify;\"><span style=\"font-size: 14pt; font-family: arial, helvetica, sans-serif;\">Agreg\u00f3 que los ciudadanos se decidir\u00e1n por \u00e9l porque representa la energ\u00eda, la fuerza, la visi\u00f3n de siglo XXI, transparencia, honestidad y capacidad para resolver las cosas, mientras que Rub\u00e9n Rocha representa solo frases huecas.<\/span><\/p>\n<p style=\"text-align: justify;\">&nbsp;<\/p>\n<p style=\"text-align: justify;\">&nbsp;<\/p>\n<p style=\"text-align: justify;\"><span style=\"font-size: 14pt; font-family: arial, helvetica, sans-serif;\">REDACCI\u00d3N\/VISI\u00d3N CIUDADANA.<\/span><\/p>\n","protected":false},"excerpt":{"rendered":"<p>&nbsp; La Fiscal\u00eda General del Estado encontr\u00f3 evidencia de que los portales que generan contenidos de noticias falsas en contra del candidato por la alianza Va por Sinaloa, son parte del equipo de campa\u00f1a de Rub\u00e9n Rocha Moya y operaran desde la biblioteca Central en Ciudad Universitaria, revel\u00f3 Mario Zamora Gast\u00e9lum. &nbsp; A pregunta expresa, [&hellip;]<\/p>\n","protected":false},"author":1,"featured_media":576,"comment_status":"closed","ping_status":"closed","sticky":false,"template":"","format":"standard","meta":{"footnotes":""},"categories":[24],"tags":[],"ppma_author":[31],"class_list":["post-16871","post","type-post","status-publish","format-standard","has-post-thumbnail","hentry","category-relevantes"],"aioseo_notices":[],"authors":[{"term_id":31,"user_id":1,"is_guest":0,"slug":"ivan3vino","display_name":"Iv\u00e1n Trevi\u00f1o","avatar_url":{"url":"https:\/\/visionciudadana.com.mx\/oficial\/wp-content\/uploads\/2025\/09\/columna-ivan-Trevino.png","url2x":"https:\/\/visionciudadana.com.mx\/oficial\/wp-content\/uploads\/2025\/09\/columna-ivan-Trevino.png"},"0":null,"1":"","2":"","3":"","4":"","5":"","6":"","7":"","8":""}],"_links":{"self":[{"href":"https:\/\/visionciudadana.com.mx\/oficial\/wp-json\/wp\/v2\/posts\/16871","targetHints":{"allow":["GET"]}}],"collection":[{"href":"https:\/\/visionciudadana.com.mx\/oficial\/wp-json\/wp\/v2\/posts"}],"about":[{"href":"https:\/\/visionciudadana.com.mx\/oficial\/wp-json\/wp\/v2\/types\/post"}],"author":[{"embeddable":true,"href":"https:\/\/visionciudadana.com.mx\/oficial\/wp-json\/wp\/v2\/users\/1"}],"replies":[{"embeddable":true,"href":"https:\/\/visionciudadana.com.mx\/oficial\/wp-json\/wp\/v2\/comments?post=16871"}],"version-history":[{"count":1,"href":"https:\/\/visionciudadana.com.mx\/oficial\/wp-json\/wp\/v2\/posts\/16871\/revisions"}],"predecessor-version":[{"id":31055,"href":"https:\/\/visionciudadana.com.mx\/oficial\/wp-json\/wp\/v2\/posts\/16871\/revisions\/31055"}],"wp:featuredmedia":[{"embeddable":true,"href":"https:\/\/visionciudadana.com.mx\/oficial\/wp-json\/wp\/v2\/media\/576"}],"wp:attachment":[{"href":"https:\/\/visionciudadana.com.mx\/oficial\/wp-json\/wp\/v2\/media?parent=16871"}],"wp:term":[{"taxonomy":"category","embeddable":true,"href":"https:\/\/visionciudadana.com.mx\/oficial\/wp-json\/wp\/v2\/categories?post=16871"},{"taxonomy":"post_tag","embeddable":true,"href":"https:\/\/visionciudadana.com.mx\/oficial\/wp-json\/wp\/v2\/tags?post=16871"},{"taxonomy":"author","embeddable":true,"href":"https:\/\/visionciudadana.com.mx\/oficial\/wp-json\/wp\/v2\/ppma_author?post=16871"}],"curies":[{"name":"wp","href":"https:\/\/api.w.org\/{rel}","templated":true}]}}