{"id":16870,"date":"2021-05-12T02:49:21","date_gmt":"2021-05-12T02:49:21","guid":{"rendered":"https:\/\/visionciudadana.com.mx\/chio\/2021\/05\/12\/a-detonar-modernizacion-y-economia-de-culiacan-con-obras-e-inversion-faustino-hernandez-alvarez\/"},"modified":"2025-06-25T00:16:14","modified_gmt":"2025-06-25T00:16:14","slug":"a-detonar-modernizacion-y-economia-de-culiacan-con-obras-e-inversion-faustino-hernandez-alvarez","status":"publish","type":"post","link":"https:\/\/visionciudadana.com.mx\/oficial\/2021\/05\/12\/a-detonar-modernizacion-y-economia-de-culiacan-con-obras-e-inversion-faustino-hernandez-alvarez\/","title":{"rendered":"A detonar modernizaci\u00f3n y econom\u00eda de Culiac\u00e1n con obras e inversi\u00f3n: Faustino Hern\u00e1ndez \u00c1lvarez"},"content":{"rendered":"<p><img fetchpriority=\"high\" decoding=\"async\" src=\"images\/2021\/mayo21\/fausty10.jpg\" alt=\"fausty10\" width=\"780\" height=\"420\" style=\"display: block; margin: 20px auto;\" \/><\/p>\n<p class=\"x_MsoNormal\" align=\"right\">&nbsp;<\/p>\n<p class=\"x_MsoNormal\" style=\"text-align: justify;\"><span style=\"font-size: 14pt; font-family: arial, helvetica, sans-serif;\">En reuni\u00f3n con la C\u00e1mara Mexicana de la Industria de la Construcci\u00f3n, el candidato del PRI, PAN y PRD a la Alcald\u00eda de Culiac\u00e1n, Faustino Hern\u00e1ndez \u00c1lvarez, anunci\u00f3 un programa de obras de peque\u00f1a y gran envergadura, que contribuir\u00e1n a modernizar la ciudad.<\/span><\/p>\n<p style=\"text-align: justify;\">&nbsp;<\/p>\n<p class=\"x_MsoNormal\" style=\"text-align: justify;\"><span style=\"font-size: 14pt; font-family: arial, helvetica, sans-serif;\">\u201cVamos a hacer un programa de obras con sentido humano\u201d, manifest\u00f3 durante la invitaci\u00f3n que realizaron las y los j\u00f3venes de la C\u00e1mara Mexicana de la Industria de la Construcci\u00f3n, en coordinaci\u00f3n con la l\u00edder juvenil de CEMIC Kenya Castro Castro.<\/span><\/p>\n<p style=\"text-align: justify;\">&nbsp;<\/p>\n<p class=\"x_MsoNormal\" style=\"text-align: justify;\"><span style=\"font-size: 14pt; font-family: arial, helvetica, sans-serif;\">Faustino Hern\u00e1ndez, manifest\u00f3 que este programa planificado de desarrollo, contiene obras de infraestructuras sociales y productivas, que contribuir\u00e1 a mejorar los espacios educativos y de salud, as\u00ed como&nbsp; la infraestructura en colonias populares y comunidades rurales.<\/span><\/p>\n<p style=\"text-align: justify;\">&nbsp;<\/p>\n<p class=\"x_MsoNormal\" style=\"text-align: justify;\"><span style=\"font-size: 14pt; font-family: arial, helvetica, sans-serif;\">Entre estas acciones, anunci\u00f3 un programa sin precedentes en construcci\u00f3n de vivienda de inter\u00e9s social que no solamente busca generar empleo sino tambi\u00e9n detonar la econom\u00eda regional favoreciendo principalmente a las empresas locales de la construcci\u00f3n.<\/span><\/p>\n<p style=\"text-align: justify;\">&nbsp;<\/p>\n<p class=\"x_MsoNormal\" style=\"text-align: justify;\"><span style=\"font-size: 14pt; font-family: arial, helvetica, sans-serif;\">Entre las grandes obras, el candidato del PRI, PAN y PRD a la Alcald\u00eda de Culiac\u00e1n&nbsp;&nbsp; anunci\u00f3 la continuaci\u00f3n del anillo perif\u00e9rico, el proyecto de libramiento ferroviario y el retiro de los patios de maniobra del ferrocarril y la pavimentaci\u00f3n de calles y vialidades.<\/span><\/p>\n<p style=\"text-align: justify;\">&nbsp;<\/p>\n<p class=\"x_MsoNormal\" style=\"text-align: justify;\"><span style=\"font-size: 14pt; font-family: arial, helvetica, sans-serif;\">Junto con esta plan de obras, Faustino Hern\u00e1ndez \u00c1lvarez tambi\u00e9n anunci\u00f3 un programa de est\u00edmulo a la econom\u00eda, entre lo que contempla una serie de acciones destinados a mejorar la vigencia del estado de derecho para que exista plena certeza a la inversi\u00f3n.<\/span><\/p>\n<p style=\"text-align: justify;\">&nbsp;<\/p>\n<p class=\"x_MsoNormal\" style=\"text-align: justify;\"><span style=\"font-size: 14pt; font-family: arial, helvetica, sans-serif;\">Asimismo, inform\u00f3 que se simplificaran todos los tr\u00e1mites que tengan que ver con la operaci\u00f3n y la apertura de empresas,&nbsp; y se acabar\u00e1 con la burocracia, en la expedici\u00f3n de licencias de uso del suelo y permisos de construcci\u00f3n, con el objetivo de garantizar la&nbsp; eficacia y transparencia.<\/span><\/p>\n<p style=\"text-align: justify;\">&nbsp;<\/p>\n<p class=\"x_MsoNormal\" style=\"text-align: justify;\"><span style=\"font-size: 14pt; font-family: arial, helvetica, sans-serif;\">Finalmente, Faustino Hern\u00e1ndez \u00c1lvarez enfatiz\u00f3 nuevamente su inter\u00e9s por reactivar la econom\u00eda municipal encabezando un gobierno que ser\u00e1 facilitador de la inversi\u00f3n y de la actividad empresarial.<\/span><\/p>\n<p style=\"text-align: justify;\">&nbsp;<\/p>\n<p class=\"x_MsoNormal\" style=\"text-align: justify;\"><span style=\"font-size: 14pt; font-family: arial, helvetica, sans-serif;\">\u201cUstedes tienen que ayudarnos a poner los cimientos de un Sinaloa y un Culiac\u00e1n modernos, con crecimiento productivo, y con calidad de vida para todas y todos. Yo quiero que le vaya bien a Culiac\u00e1n; Culiac\u00e1n es mi familia.<\/span><\/p>\n<p style=\"text-align: justify;\">&nbsp;<\/p>\n<p class=\"x_MsoNormal\" style=\"text-align: justify;\"><span style=\"font-size: 14pt; font-family: arial, helvetica, sans-serif;\">\u201cCon Mario Zamora como gobernador, y con Faustino Hern\u00e1ndez como Presidente Municipal de Culiac\u00e1n, vendr\u00e1n tiempos significativamente mejores para los empresarios de la construcci\u00f3n\u201d, enfatiz\u00f3 en su mensaje.<\/span><\/p>\n<p style=\"text-align: justify;\">&nbsp;<\/p>\n<p class=\"x_MsoNormal\" style=\"text-align: justify;\"><span style=\"font-size: 14pt; font-family: arial, helvetica, sans-serif;\">Junto con esta reuni\u00f3n, el&nbsp; candidato del PRI, PAN y PRD tambi\u00e9n tuvo durante la ma\u00f1ana un evento en la Liga de Comunidades Agrarias, por la tarde, tendr\u00e1 una reuni\u00f3n con choferes de Uber, y un encuentro con vecinos en el fraccionamiento Montecarlo.<\/span><\/p>\n<p style=\"text-align: justify;\">&nbsp;<\/p>\n<p style=\"text-align: justify;\">&nbsp;<\/p>\n<p style=\"text-align: justify;\">&nbsp;<\/p>\n<p style=\"text-align: justify;\"><span style=\"font-size: 14pt; font-family: arial, helvetica, sans-serif;\">REDACCI\u00d3N\/VISI\u00d3N CIUDADANA.<\/span><\/p>\n","protected":false},"excerpt":{"rendered":"<p>&nbsp; En reuni\u00f3n con la C\u00e1mara Mexicana de la Industria de la Construcci\u00f3n, el candidato del PRI, PAN y PRD a la Alcald\u00eda de Culiac\u00e1n, Faustino Hern\u00e1ndez \u00c1lvarez, anunci\u00f3 un programa de obras de peque\u00f1a y gran envergadura, que contribuir\u00e1n a modernizar la ciudad. &nbsp; \u201cVamos a hacer un programa de obras con sentido humano\u201d, [&hellip;]<\/p>\n","protected":false},"author":1,"featured_media":440,"comment_status":"closed","ping_status":"closed","sticky":false,"template":"","format":"standard","meta":{"footnotes":""},"categories":[24],"tags":[],"ppma_author":[31],"class_list":["post-16870","post","type-post","status-publish","format-standard","has-post-thumbnail","hentry","category-relevantes"],"aioseo_notices":[],"authors":[{"term_id":31,"user_id":1,"is_guest":0,"slug":"ivan3vino","display_name":"Iv\u00e1n Trevi\u00f1o","avatar_url":{"url":"https:\/\/visionciudadana.com.mx\/oficial\/wp-content\/uploads\/2025\/09\/columna-ivan-Trevino.png","url2x":"https:\/\/visionciudadana.com.mx\/oficial\/wp-content\/uploads\/2025\/09\/columna-ivan-Trevino.png"},"0":null,"1":"","2":"","3":"","4":"","5":"","6":"","7":"","8":""}],"_links":{"self":[{"href":"https:\/\/visionciudadana.com.mx\/oficial\/wp-json\/wp\/v2\/posts\/16870","targetHints":{"allow":["GET"]}}],"collection":[{"href":"https:\/\/visionciudadana.com.mx\/oficial\/wp-json\/wp\/v2\/posts"}],"about":[{"href":"https:\/\/visionciudadana.com.mx\/oficial\/wp-json\/wp\/v2\/types\/post"}],"author":[{"embeddable":true,"href":"https:\/\/visionciudadana.com.mx\/oficial\/wp-json\/wp\/v2\/users\/1"}],"replies":[{"embeddable":true,"href":"https:\/\/visionciudadana.com.mx\/oficial\/wp-json\/wp\/v2\/comments?post=16870"}],"version-history":[{"count":1,"href":"https:\/\/visionciudadana.com.mx\/oficial\/wp-json\/wp\/v2\/posts\/16870\/revisions"}],"predecessor-version":[{"id":31056,"href":"https:\/\/visionciudadana.com.mx\/oficial\/wp-json\/wp\/v2\/posts\/16870\/revisions\/31056"}],"wp:featuredmedia":[{"embeddable":true,"href":"https:\/\/visionciudadana.com.mx\/oficial\/wp-json\/wp\/v2\/media\/440"}],"wp:attachment":[{"href":"https:\/\/visionciudadana.com.mx\/oficial\/wp-json\/wp\/v2\/media?parent=16870"}],"wp:term":[{"taxonomy":"category","embeddable":true,"href":"https:\/\/visionciudadana.com.mx\/oficial\/wp-json\/wp\/v2\/categories?post=16870"},{"taxonomy":"post_tag","embeddable":true,"href":"https:\/\/visionciudadana.com.mx\/oficial\/wp-json\/wp\/v2\/tags?post=16870"},{"taxonomy":"author","embeddable":true,"href":"https:\/\/visionciudadana.com.mx\/oficial\/wp-json\/wp\/v2\/ppma_author?post=16870"}],"curies":[{"name":"wp","href":"https:\/\/api.w.org\/{rel}","templated":true}]}}