{"id":16869,"date":"2021-05-12T02:32:24","date_gmt":"2021-05-12T02:32:24","guid":{"rendered":"https:\/\/visionciudadana.com.mx\/chio\/2021\/05\/12\/mi-actuar-siempre-ha-sido-conforme-a-la-ley-la-corrupcion-se-acabo-estrada-ferreiro\/"},"modified":"2025-06-25T00:16:14","modified_gmt":"2025-06-25T00:16:14","slug":"mi-actuar-siempre-ha-sido-conforme-a-la-ley-la-corrupcion-se-acabo-estrada-ferreiro","status":"publish","type":"post","link":"https:\/\/visionciudadana.com.mx\/oficial\/2021\/05\/12\/mi-actuar-siempre-ha-sido-conforme-a-la-ley-la-corrupcion-se-acabo-estrada-ferreiro\/","title":{"rendered":"Mi actuar siempre ha sido conforme a la ley, la corrupci\u00f3n se acab\u00f3: Estrada Ferreiro"},"content":{"rendered":"<p><img fetchpriority=\"high\" decoding=\"async\" src=\"images\/2021\/mayo21\/jef5.PNG\" alt=\"jef5\" width=\"735\" height=\"485\" style=\"display: block; margin: 20px auto;\" \/><\/p>\n<div>&nbsp;<\/div>\n<div style=\"text-align: justify;\"><span style=\"font-size: 14pt; font-family: arial, helvetica, sans-serif;\">Desde que llegamos a Culiac\u00e1n nos propusimos transformar Culiac\u00e1n, ya hemos avanzado en ello y seguiremos transform\u00e1ndolo, aunque haya quienes se opongan, las d\u00e1divas y la corrupci\u00f3n se acabaron, ya no m\u00e1s de eso, dijo el Lic. Jes\u00fas Estrada Ferreiro.<\/span><\/div>\n<div style=\"text-align: justify;\">&nbsp;<\/div>\n<div style=\"text-align: justify;\"><span style=\"font-size: 14pt; font-family: arial, helvetica, sans-serif;\"><\/span><\/div>\n<div style=\"text-align: justify;\"><span style=\"font-size: 14pt; font-family: arial, helvetica, sans-serif;\">El candidato de la alianza Morena-PAS expres\u00f3 ante habitantes de la sindicatura de Bachigualato que su gobierno ha sido transparente y honesto, por eso es que no se le puede acusar de ser corrupto como algunos personajes han querido hacerlo.<\/span><\/div>\n<div style=\"text-align: justify;\">&nbsp;<\/div>\n<div style=\"text-align: justify;\"><span style=\"font-size: 14pt; font-family: arial, helvetica, sans-serif;\"><\/span><\/div>\n<div style=\"text-align: justify;\"><span style=\"font-size: 14pt; font-family: arial, helvetica, sans-serif;\">Se\u00f1al\u00f3 que casos como el de polic\u00edas jubilados que ahora demandan al Ayuntamiento, son liderados por figuras que perversamente buscan obtener un beneficio econ\u00f3mico, lo que da\u00f1a las finanzas del municipio.<\/span><\/div>\n<div style=\"text-align: justify;\">&nbsp;<\/div>\n<div style=\"text-align: justify;\"><span style=\"font-size: 14pt; font-family: arial, helvetica, sans-serif;\"><\/span><\/div>\n<div style=\"text-align: justify;\"><span style=\"font-size: 14pt; font-family: arial, helvetica, sans-serif;\">Esto sin dejar de lado las acciones que en un intento desesperado por opacar su campa\u00f1a que avanza a paso firme, ha realizado la oposici\u00f3n.<\/span><\/div>\n<div style=\"text-align: justify;\">&nbsp;<\/div>\n<div style=\"text-align: justify;\"><span style=\"font-size: 14pt; font-family: arial, helvetica, sans-serif;\"><\/span><\/div>\n<div style=\"text-align: justify;\"><span style=\"font-size: 14pt; font-family: arial, helvetica, sans-serif;\">\u00abPero eso no va a ocupar nunca nuestro trabajo, no va a opacar nunca nuestra lucha, nuestro deseo de que esto cambie, por el momento yo creo que es un reto que nos ponen de superar todo ese tipo de malas acciones, de perversidades\u00bb, afirm\u00f3.<\/span><\/div>\n<div style=\"text-align: justify;\">&nbsp;<\/div>\n<div style=\"text-align: justify;\"><span style=\"font-size: 14pt; font-family: arial, helvetica, sans-serif;\"><\/span><\/div>\n<div style=\"text-align: justify;\"><span style=\"font-size: 14pt; font-family: arial, helvetica, sans-serif;\">Asimismo, se\u00f1al\u00f3 que la optimizaci\u00f3n de recursos es algo que predomin\u00f3 en su mandato como presidente municipal de Culiac\u00e1n, y esta seguir\u00e1 con el respaldo de la ciudadan\u00eda, ya que ahora hay m\u00e1s y mejores servicios p\u00fablicos, el dinero ahorrado se utiliza para lo verdaderamente necesario.<\/span><\/div>\n<div style=\"text-align: justify;\">&nbsp;<\/div>\n<div style=\"text-align: justify;\">&nbsp;<\/div>\n<div style=\"text-align: justify;\">&nbsp;<\/div>\n<div style=\"text-align: justify;\"><span style=\"font-size: 14pt; font-family: arial, helvetica, sans-serif;\">REDACCI\u00d3N\/VISI\u00d3N CIUDADANA.<\/span><\/div>\n","protected":false},"excerpt":{"rendered":"<p>&nbsp; Desde que llegamos a Culiac\u00e1n nos propusimos transformar Culiac\u00e1n, ya hemos avanzado en ello y seguiremos transform\u00e1ndolo, aunque haya quienes se opongan, las d\u00e1divas y la corrupci\u00f3n se acabaron, ya no m\u00e1s de eso, dijo el Lic. Jes\u00fas Estrada Ferreiro. &nbsp; El candidato de la alianza Morena-PAS expres\u00f3 ante habitantes de la sindicatura de [&hellip;]<\/p>\n","protected":false},"author":1,"featured_media":573,"comment_status":"closed","ping_status":"closed","sticky":false,"template":"","format":"standard","meta":{"footnotes":""},"categories":[24],"tags":[],"ppma_author":[31],"class_list":["post-16869","post","type-post","status-publish","format-standard","has-post-thumbnail","hentry","category-relevantes"],"aioseo_notices":[],"authors":[{"term_id":31,"user_id":1,"is_guest":0,"slug":"ivan3vino","display_name":"Iv\u00e1n Trevi\u00f1o","avatar_url":{"url":"https:\/\/visionciudadana.com.mx\/oficial\/wp-content\/uploads\/2025\/09\/columna-ivan-Trevino.png","url2x":"https:\/\/visionciudadana.com.mx\/oficial\/wp-content\/uploads\/2025\/09\/columna-ivan-Trevino.png"},"0":null,"1":"","2":"","3":"","4":"","5":"","6":"","7":"","8":""}],"_links":{"self":[{"href":"https:\/\/visionciudadana.com.mx\/oficial\/wp-json\/wp\/v2\/posts\/16869","targetHints":{"allow":["GET"]}}],"collection":[{"href":"https:\/\/visionciudadana.com.mx\/oficial\/wp-json\/wp\/v2\/posts"}],"about":[{"href":"https:\/\/visionciudadana.com.mx\/oficial\/wp-json\/wp\/v2\/types\/post"}],"author":[{"embeddable":true,"href":"https:\/\/visionciudadana.com.mx\/oficial\/wp-json\/wp\/v2\/users\/1"}],"replies":[{"embeddable":true,"href":"https:\/\/visionciudadana.com.mx\/oficial\/wp-json\/wp\/v2\/comments?post=16869"}],"version-history":[{"count":1,"href":"https:\/\/visionciudadana.com.mx\/oficial\/wp-json\/wp\/v2\/posts\/16869\/revisions"}],"predecessor-version":[{"id":31057,"href":"https:\/\/visionciudadana.com.mx\/oficial\/wp-json\/wp\/v2\/posts\/16869\/revisions\/31057"}],"wp:featuredmedia":[{"embeddable":true,"href":"https:\/\/visionciudadana.com.mx\/oficial\/wp-json\/wp\/v2\/posts\/573"}],"wp:attachment":[{"href":"https:\/\/visionciudadana.com.mx\/oficial\/wp-json\/wp\/v2\/media?parent=16869"}],"wp:term":[{"taxonomy":"category","embeddable":true,"href":"https:\/\/visionciudadana.com.mx\/oficial\/wp-json\/wp\/v2\/categories?post=16869"},{"taxonomy":"post_tag","embeddable":true,"href":"https:\/\/visionciudadana.com.mx\/oficial\/wp-json\/wp\/v2\/tags?post=16869"},{"taxonomy":"author","embeddable":true,"href":"https:\/\/visionciudadana.com.mx\/oficial\/wp-json\/wp\/v2\/ppma_author?post=16869"}],"curies":[{"name":"wp","href":"https:\/\/api.w.org\/{rel}","templated":true}]}}