{"id":16868,"date":"2021-05-12T00:12:39","date_gmt":"2021-05-12T00:12:39","guid":{"rendered":"https:\/\/visionciudadana.com.mx\/chio\/2021\/05\/12\/confio-que-el-respaldo-de-los-ciudadanos-sere-el-proximo-presidente-municipal-de-ahome\/"},"modified":"2025-06-25T00:16:14","modified_gmt":"2025-06-25T00:16:14","slug":"confio-que-el-respaldo-de-los-ciudadanos-sere-el-proximo-presidente-municipal-de-ahome","status":"publish","type":"post","link":"https:\/\/visionciudadana.com.mx\/oficial\/2021\/05\/12\/confio-que-el-respaldo-de-los-ciudadanos-sere-el-proximo-presidente-municipal-de-ahome\/","title":{"rendered":"Conf\u00edo que el respaldo de los ciudadanos ser\u00e9 el pr\u00f3ximo presidente municipal de Ahome"},"content":{"rendered":"<p>&nbsp;<\/p>\n<div>&nbsp;<img fetchpriority=\"high\" decoding=\"async\" src=\"images\/2021\/mayo21\/gerard.jpg\" alt=\"gerard\" width=\"780\" height=\"420\" style=\"display: block; margin: 20px auto;\" \/><\/div>\n<div style=\"text-align: justify;\"><span style=\"font-size: 14pt; font-family: arial, helvetica, sans-serif;\">Gerardo Vargas Landeros, aspirante a la alcald\u00eda de Ahome, por Morena-PAS, en el d\u00eda 38 de campa\u00f1a, destac\u00f3 que conf\u00eda que el 6 de junio, la ciudadan\u00eda le otorgar\u00e1 su confianza y ser\u00e1 el pr\u00f3ximo presidente municipal de Ahome.<\/span><\/div>\n<div style=\"text-align: justify;\">&nbsp;<\/div>\n<div style=\"text-align: justify;\">&nbsp;<\/div>\n<div style=\"text-align: justify;\"><span style=\"font-size: 14pt; font-family: arial, helvetica, sans-serif;\">En el marco de una reuni\u00f3n efectuada en el Infonavit Macapule, Gerardo Vargas Landeros, comparti\u00f3 el pan y la sal con los vecinos, a quienes le pidi\u00f3 su voto de confianza, para que este 6 de junio, voten 4 de 4 por Morena, porque \u201ccon ese voto, ustedes se volver\u00e1n nuestros patrones y nosotros como autoridades de Ahome vamos a estar al servicio del pueblo, de la gente, y en forma conjunta podremos resolver las demandas que ustedes nos est\u00e1n planteando\u201d, dijo.<\/span><\/div>\n<div style=\"text-align: justify;\">&nbsp;<\/div>\n<div style=\"text-align: justify;\">&nbsp;<\/div>\n<div style=\"text-align: justify;\"><span style=\"font-size: 14pt; font-family: arial, helvetica, sans-serif;\">\u201cMe da mucho gusto venir aqu\u00ed, al Infonavit Macapule que es una de las colonias \u00edconos de la ciudad,&nbsp; indic\u00f3 Gerardo Vargas Landeros,&nbsp; y \u201cvengo a escuchar de viva voz sus problemas, porque estoy seguro que juntos encontraremos las mejores propuestas de soluci\u00f3n al deterioro de los servicios p\u00fablicos\u201d, indic\u00f3.<\/span><\/div>\n<div style=\"text-align: justify;\">&nbsp;<\/div>\n<div style=\"text-align: justify;\">&nbsp;<\/div>\n<div style=\"text-align: justify;\"><span style=\"font-size: 14pt; font-family: arial, helvetica, sans-serif;\">El aspirante a la alcald\u00eda de Ahome, por Morena-PAS agreg\u00f3 \u201cSomos Morena, y queremos un Ahome m\u00e1s parejo para todos y todas, porque vamos a hacer justicia porque ustedes se lo merecen, las comunidades rurales y las colonias populares tienen grandes retrasos, eso es algo que ya no lo podemos permitir en la 4T\u201d.&nbsp;<\/span><\/div>\n<div style=\"text-align: justify;\">&nbsp;<\/div>\n<div style=\"text-align: justify;\">&nbsp;<\/div>\n<div style=\"text-align: justify;\"><span style=\"font-size: 14pt; font-family: arial, helvetica, sans-serif;\">Gerardo Vargas Landeros precis\u00f3 que para abatir el rezago y esa gran deuda social que se tiene con las comunidades rurales y colonias populares se requiere que llegue a la gubernatura de Sinaloa, el doctor Rub\u00e9n Rocha Moya; los <a href=\"mailto:candidat@s a\">candidat@s a<\/a> la diputaci\u00f3n federal y estatal y su amigo: Gerardo Vargas.<\/span><\/div>\n<div style=\"text-align: justify;\">&nbsp;<\/div>\n<div style=\"text-align: justify;\">&nbsp;<\/div>\n<div style=\"text-align: justify;\"><span style=\"font-size: 14pt; font-family: arial, helvetica, sans-serif;\">Por su parte, el l\u00edder natural de Infonavit Macapule, Edwin Alberto Robles Luque, brind\u00f3 la bienvenida y expuso las principales demandas que tienen en materia de servicios p\u00fablicos, \u201cTraigo las peticiones de la colonia, entre las que destacan alumbrado p\u00fablico, apoyo para las personas de la tercera edad, sillas de ruedas, rampas, limpieza de parques y remodelaciones y lo que m\u00e1s pedimos ayuda es m\u00e1s vigilancia\u201d.<\/span><\/div>\n<div style=\"text-align: justify;\">&nbsp;<\/div>\n<div style=\"text-align: justify;\">&nbsp;<\/div>\n<div style=\"text-align: justify;\"><span style=\"font-size: 14pt; font-family: arial, helvetica, sans-serif;\">En este evento, el aspirante a la alcald\u00eda de Ahome, por PAS-Morena estuvo acompa\u00f1ado por la candidata a la diputaci\u00f3n del Distrito 04 local, Elizabeth Ch\u00eda Galaviz y del candidato a Regidor Antonio Men\u00e9ndez.<\/span><\/div>\n<div style=\"text-align: justify;\">&nbsp;<\/div>\n<div style=\"text-align: justify;\">&nbsp;<\/div>\n<div style=\"text-align: justify;\">&nbsp;<\/div>\n<div style=\"text-align: justify;\"><span style=\"font-size: 14pt; font-family: arial, helvetica, sans-serif;\">REDACCI\u00d3N\/VISI\u00d3N CIUDADANA.<\/span><\/div>\n","protected":false},"excerpt":{"rendered":"<p>&nbsp; &nbsp; Gerardo Vargas Landeros, aspirante a la alcald\u00eda de Ahome, por Morena-PAS, en el d\u00eda 38 de campa\u00f1a, destac\u00f3 que conf\u00eda que el 6 de junio, la ciudadan\u00eda le otorgar\u00e1 su confianza y ser\u00e1 el pr\u00f3ximo presidente municipal de Ahome. &nbsp; &nbsp; En el marco de una reuni\u00f3n efectuada en el Infonavit Macapule, Gerardo [&hellip;]<\/p>\n","protected":false},"author":1,"featured_media":571,"comment_status":"closed","ping_status":"closed","sticky":false,"template":"","format":"standard","meta":{"footnotes":""},"categories":[24],"tags":[],"ppma_author":[31],"class_list":["post-16868","post","type-post","status-publish","format-standard","has-post-thumbnail","hentry","category-relevantes"],"aioseo_notices":[],"authors":[{"term_id":31,"user_id":1,"is_guest":0,"slug":"ivan3vino","display_name":"Iv\u00e1n Trevi\u00f1o","avatar_url":{"url":"https:\/\/visionciudadana.com.mx\/oficial\/wp-content\/uploads\/2025\/09\/columna-ivan-Trevino.png","url2x":"https:\/\/visionciudadana.com.mx\/oficial\/wp-content\/uploads\/2025\/09\/columna-ivan-Trevino.png"},"0":null,"1":"","2":"","3":"","4":"","5":"","6":"","7":"","8":""}],"_links":{"self":[{"href":"https:\/\/visionciudadana.com.mx\/oficial\/wp-json\/wp\/v2\/posts\/16868","targetHints":{"allow":["GET"]}}],"collection":[{"href":"https:\/\/visionciudadana.com.mx\/oficial\/wp-json\/wp\/v2\/posts"}],"about":[{"href":"https:\/\/visionciudadana.com.mx\/oficial\/wp-json\/wp\/v2\/types\/post"}],"author":[{"embeddable":true,"href":"https:\/\/visionciudadana.com.mx\/oficial\/wp-json\/wp\/v2\/users\/1"}],"replies":[{"embeddable":true,"href":"https:\/\/visionciudadana.com.mx\/oficial\/wp-json\/wp\/v2\/comments?post=16868"}],"version-history":[{"count":1,"href":"https:\/\/visionciudadana.com.mx\/oficial\/wp-json\/wp\/v2\/posts\/16868\/revisions"}],"predecessor-version":[{"id":31058,"href":"https:\/\/visionciudadana.com.mx\/oficial\/wp-json\/wp\/v2\/posts\/16868\/revisions\/31058"}],"wp:featuredmedia":[{"embeddable":true,"href":"https:\/\/visionciudadana.com.mx\/oficial\/wp-json\/wp\/v2\/posts\/571"}],"wp:attachment":[{"href":"https:\/\/visionciudadana.com.mx\/oficial\/wp-json\/wp\/v2\/media?parent=16868"}],"wp:term":[{"taxonomy":"category","embeddable":true,"href":"https:\/\/visionciudadana.com.mx\/oficial\/wp-json\/wp\/v2\/categories?post=16868"},{"taxonomy":"post_tag","embeddable":true,"href":"https:\/\/visionciudadana.com.mx\/oficial\/wp-json\/wp\/v2\/tags?post=16868"},{"taxonomy":"author","embeddable":true,"href":"https:\/\/visionciudadana.com.mx\/oficial\/wp-json\/wp\/v2\/ppma_author?post=16868"}],"curies":[{"name":"wp","href":"https:\/\/api.w.org\/{rel}","templated":true}]}}