{"id":16867,"date":"2021-05-12T00:08:45","date_gmt":"2021-05-12T00:08:45","guid":{"rendered":"https:\/\/visionciudadana.com.mx\/chio\/2021\/05\/12\/triunfo-contundente-de-rocha-en-debate-conversatorio-de-candidatos\/"},"modified":"2025-06-25T00:16:14","modified_gmt":"2025-06-25T00:16:14","slug":"triunfo-contundente-de-rocha-en-debate-conversatorio-de-candidatos","status":"publish","type":"post","link":"https:\/\/visionciudadana.com.mx\/oficial\/2021\/05\/12\/triunfo-contundente-de-rocha-en-debate-conversatorio-de-candidatos\/","title":{"rendered":"\u00a1Triunfo contundente de Rocha en debate-conversatorio de candidatos!\u00a0"},"content":{"rendered":"<div><img fetchpriority=\"high\" decoding=\"async\" src=\"images\/2021\/mayo21\/Rocha_exito.jpg\" alt=\"Rocha exito\" width=\"780\" height=\"420\" style=\"display: block; margin: 20px auto;\" \/><\/div>\n<div>&nbsp;<\/div>\n<div style=\"text-align: justify;\"><span style=\"font-size: 14pt; font-family: arial, helvetica, sans-serif;\"><\/span><\/div>\n<div style=\"text-align: justify;\"><span style=\"font-size: 14pt; font-family: arial, helvetica, sans-serif;\">Con ideas y propuestas claras para dirigir Sinaloa a partir del 1 de noviembre, en donde destacan un gobierno honesto, que combata la corrupci\u00f3n, genere desarrollo econ\u00f3mico e instale el Estado de Bienestar, Rub\u00e9n Rocha Moya gan\u00f3 el conversatorio de candidatos a la gubernatura organizado por una compa\u00f1\u00eda editorial del estado.<\/span><\/div>\n<div style=\"text-align: justify;\"><span style=\"font-size: 14pt; font-family: arial, helvetica, sans-serif;\"><\/span><\/div>\n<div style=\"text-align: justify;\"><span style=\"font-size: 14pt; font-family: arial, helvetica, sans-serif;\"><\/span><\/div>\n<div style=\"text-align: justify;\"><span style=\"font-size: 14pt; font-family: arial, helvetica, sans-serif;\">Producto de los principios b\u00e1sicos que enarbola la 4T y, principalmente, de los reclamos y necesidades recogidos de la ciudadan\u00eda en su largo andar, antes y durante la campa\u00f1a, el candidato expuso los cinco ejes de sus propuestas de gobierno: Construir un Estado de Bienestar; Crecimiento y Desarrollo Econ\u00f3micos Incluyentes; Servicios P\u00fablicos e Infraestructura con Sentido Social; Combatir la Inseguridad Atendiendo las Causas que Originan la Violencia; y Gobierno Austero y de Combate Frontal a la Corrupci\u00f3n e Impunidad.<\/span><\/div>\n<div style=\"text-align: justify;\"><span style=\"font-size: 14pt; font-family: arial, helvetica, sans-serif;\"><\/span><\/div>\n<div style=\"text-align: justify;\"><span style=\"font-size: 14pt; font-family: arial, helvetica, sans-serif;\"><\/span><\/div>\n<div style=\"text-align: justify;\"><span style=\"font-size: 14pt; font-family: arial, helvetica, sans-serif;\">El abanderado de la alianza Morena-PAS abri\u00f3 su participaci\u00f3n afirmando que ya es tiempo de que Sinaloa se transforme:&nbsp;<\/span><\/div>\n<div style=\"text-align: justify;\"><span style=\"font-size: 14pt; font-family: arial, helvetica, sans-serif;\"><\/span><\/div>\n<div style=\"text-align: justify;\"><span style=\"font-size: 14pt; font-family: arial, helvetica, sans-serif;\"><\/span><\/div>\n<div style=\"text-align: justify;\"><span style=\"font-size: 14pt; font-family: arial, helvetica, sans-serif;\">\u201cYa no es posible que siga la corrupci\u00f3n, la inseguridad, el desprecio por los pobres, la desigualdad y la discriminaci\u00f3n a la mujer, que en los \u00faltimos 90 a\u00f1os han caracterizado a los gobiernos del PRIAN. En Sinaloa, Morena y el PAS, de la mano del presidente Andr\u00e9s Manuel L\u00f3pez Obrador, vamos a instalar un gobierno honrado que atienda a los pobres, que vea por la gente m\u00e1s necesitada y que construya una log\u00edstica para el desarrollo, que nos permita que podamos elevar las potencialidades de nuestro estado, generar riqueza y apoyar, insisto a la gente de menores recursos\u201d.<\/span><\/div>\n<div style=\"text-align: justify;\"><span style=\"font-size: 14pt; font-family: arial, helvetica, sans-serif;\"><\/span><\/div>\n<div style=\"text-align: justify;\"><span style=\"font-size: 14pt; font-family: arial, helvetica, sans-serif;\"><\/span><\/div>\n<div style=\"text-align: justify;\"><span style=\"font-size: 14pt; font-family: arial, helvetica, sans-serif;\">Sobre el rengl\u00f3n de seguridad p\u00fablica, propuso una estrategia estatal acorde con la estrategia de seguridad nacional, con dos ejes centrales: uno, la prevenci\u00f3n del delito, atendiendo las causas que generan el delito, mediante el establecimiento de programas sociales, apoyo al emprendedurismo y la apertura de oportunidades para los j\u00f3venes.<\/span><\/div>\n<div style=\"text-align: justify;\"><span style=\"font-size: 14pt; font-family: arial, helvetica, sans-serif;\"><\/span><\/div>\n<div style=\"text-align: justify;\"><span style=\"font-size: 14pt; font-family: arial, helvetica, sans-serif;\"><\/span><\/div>\n<div style=\"text-align: justify;\"><span style=\"font-size: 14pt; font-family: arial, helvetica, sans-serif;\">El segundo eje de seguridad p\u00fablica incluye la creaci\u00f3n de la Fiscal\u00eda Especializada en Delitos de G\u00e9nero y juzgados penales de la misma materia; establecer la unidad de polic\u00eda investigadora de manera cient\u00edfica y la Universidad de las y los Polic\u00eda; implementar un Plan de Persecuci\u00f3n Penal e Instaurar en Sinaloa el Modelo Nacional de Polic\u00eda Local.<\/span><\/div>\n<div style=\"text-align: justify;\"><span style=\"font-size: 14pt; font-family: arial, helvetica, sans-serif;\"><\/span><\/div>\n<div style=\"text-align: justify;\"><span style=\"font-size: 14pt; font-family: arial, helvetica, sans-serif;\"><\/span><\/div>\n<div style=\"text-align: justify;\"><span style=\"font-size: 14pt; font-family: arial, helvetica, sans-serif;\">En materia de finanzas, desarrollo econ\u00f3mico y obras p\u00fablicas, se\u00f1al\u00f3 que su gobierno estimular\u00e1 a los inversionistas, con el objetivo de generar empleos, riqueza y darles la confianza de que se proteger\u00e1n sus inversiones.<\/span><\/div>\n<div style=\"text-align: justify;\"><span style=\"font-size: 14pt; font-family: arial, helvetica, sans-serif;\"><\/span><\/div>\n<div style=\"text-align: justify;\"><span style=\"font-size: 14pt; font-family: arial, helvetica, sans-serif;\"><\/span><\/div>\n<div style=\"text-align: justify;\"><span style=\"font-size: 14pt; font-family: arial, helvetica, sans-serif;\">\u201cVoy a hacer obra, sobre todo obra social, voy a atender a la gente en sus casas, ah\u00ed donde viven, con obras de drenaje, agua potable, pavimentaci\u00f3n, y, claro, vamos a detonar obras importantes que le den un desarrollo estructural a Sinaloa\u201d, destac\u00f3.<\/span><\/div>\n<div style=\"text-align: justify;\"><span style=\"font-size: 14pt; font-family: arial, helvetica, sans-serif;\"><\/span><\/div>\n<div style=\"text-align: justify;\"><span style=\"font-size: 14pt; font-family: arial, helvetica, sans-serif;\"><\/span><\/div>\n<div style=\"text-align: justify;\"><span style=\"font-size: 14pt; font-family: arial, helvetica, sans-serif;\">En el rubro de salud, el candidato dijo que \u201clamentablemente, la pandemia nos agarr\u00f3 con el sistema de salud que nos dejaron el PRI y el PAN, con el pa\u00eds en terapia intensiva\u201d, por lo cual su gobierno dar\u00e1 prioridad a tres renglones: la construcci\u00f3n de infraestructura hospitalaria en las comunidades m\u00e1s apartadas; en coordinaci\u00f3n con el gobierno federal, atender al personal de salud por contrato, y ayudar a la regularizaci\u00f3n de su situaci\u00f3n laboral que contemple salarios dignos y las debidas prestaciones de ley; y se garantizar\u00e1 el abasto oportuno y suficiente de medicamentos.<\/span><\/div>\n<div style=\"text-align: justify;\"><span style=\"font-size: 14pt; font-family: arial, helvetica, sans-serif;\"><\/span><\/div>\n<div style=\"text-align: justify;\"><span style=\"font-size: 14pt; font-family: arial, helvetica, sans-serif;\"><\/span><\/div>\n<div style=\"text-align: justify;\"><span style=\"font-size: 14pt; font-family: arial, helvetica, sans-serif;\"><\/span><\/div>\n<div style=\"text-align: justify;\"><span style=\"font-size: 14pt; font-family: arial, helvetica, sans-serif;\">Rub\u00e9n Rocha Moya cerr\u00f3 su participaci\u00f3n puntualizando que las y sinaloenses deben votar por \u00e9l y los candidatos de Morena-PAS porque son garant\u00eda de que Sinaloa se transformar\u00e1 en un Estado de Bienestar con la instalaci\u00f3n de un gobierno que no robe, no mienta y no traicione.<\/span><\/div>\n<div style=\"text-align: justify;\"><span style=\"font-size: 14pt; font-family: arial, helvetica, sans-serif;\"><\/span><\/div>\n<div style=\"text-align: justify;\"><span style=\"font-size: 14pt; font-family: arial, helvetica, sans-serif;\"><\/span><\/div>\n<div style=\"text-align: justify;\"><span style=\"font-size: 14pt; font-family: arial, helvetica, sans-serif;\">Previo al conversatorio, Polls.mx public\u00f3 su m\u00e1s reciente encuesta sobre preferencias electorales, en la que con el 46 por ciento de intenci\u00f3n de voto Rub\u00e9n Rocha Moya tiene una amplia ventaja de 20 puntos sobre su m\u00e1s cercano contendiente.<\/span><\/div>\n<div style=\"text-align: justify;\">&nbsp;<\/div>\n<div style=\"text-align: justify;\">&nbsp;<\/div>\n<div style=\"text-align: justify;\"><span style=\"font-size: 14pt; font-family: arial, helvetica, sans-serif;\">REDACCI\u00d3N\/VISI\u00d3N CIUDADANA.<\/span><\/div>\n","protected":false},"excerpt":{"rendered":"<p>&nbsp; Con ideas y propuestas claras para dirigir Sinaloa a partir del 1 de noviembre, en donde destacan un gobierno honesto, que combata la corrupci\u00f3n, genere desarrollo econ\u00f3mico e instale el Estado de Bienestar, Rub\u00e9n Rocha Moya gan\u00f3 el conversatorio de candidatos a la gubernatura organizado por una compa\u00f1\u00eda editorial del estado. Producto de los [&hellip;]<\/p>\n","protected":false},"author":1,"featured_media":569,"comment_status":"closed","ping_status":"closed","sticky":false,"template":"","format":"standard","meta":{"footnotes":""},"categories":[24],"tags":[],"ppma_author":[31],"class_list":["post-16867","post","type-post","status-publish","format-standard","has-post-thumbnail","hentry","category-relevantes"],"aioseo_notices":[],"authors":[{"term_id":31,"user_id":1,"is_guest":0,"slug":"ivan3vino","display_name":"Iv\u00e1n Trevi\u00f1o","avatar_url":{"url":"https:\/\/visionciudadana.com.mx\/oficial\/wp-content\/uploads\/2025\/09\/columna-ivan-Trevino.png","url2x":"https:\/\/visionciudadana.com.mx\/oficial\/wp-content\/uploads\/2025\/09\/columna-ivan-Trevino.png"},"0":null,"1":"","2":"","3":"","4":"","5":"","6":"","7":"","8":""}],"_links":{"self":[{"href":"https:\/\/visionciudadana.com.mx\/oficial\/wp-json\/wp\/v2\/posts\/16867","targetHints":{"allow":["GET"]}}],"collection":[{"href":"https:\/\/visionciudadana.com.mx\/oficial\/wp-json\/wp\/v2\/posts"}],"about":[{"href":"https:\/\/visionciudadana.com.mx\/oficial\/wp-json\/wp\/v2\/types\/post"}],"author":[{"embeddable":true,"href":"https:\/\/visionciudadana.com.mx\/oficial\/wp-json\/wp\/v2\/users\/1"}],"replies":[{"embeddable":true,"href":"https:\/\/visionciudadana.com.mx\/oficial\/wp-json\/wp\/v2\/comments?post=16867"}],"version-history":[{"count":1,"href":"https:\/\/visionciudadana.com.mx\/oficial\/wp-json\/wp\/v2\/posts\/16867\/revisions"}],"predecessor-version":[{"id":31059,"href":"https:\/\/visionciudadana.com.mx\/oficial\/wp-json\/wp\/v2\/posts\/16867\/revisions\/31059"}],"wp:featuredmedia":[{"embeddable":true,"href":"https:\/\/visionciudadana.com.mx\/oficial\/wp-json\/wp\/v2\/posts\/569"}],"wp:attachment":[{"href":"https:\/\/visionciudadana.com.mx\/oficial\/wp-json\/wp\/v2\/media?parent=16867"}],"wp:term":[{"taxonomy":"category","embeddable":true,"href":"https:\/\/visionciudadana.com.mx\/oficial\/wp-json\/wp\/v2\/categories?post=16867"},{"taxonomy":"post_tag","embeddable":true,"href":"https:\/\/visionciudadana.com.mx\/oficial\/wp-json\/wp\/v2\/tags?post=16867"},{"taxonomy":"author","embeddable":true,"href":"https:\/\/visionciudadana.com.mx\/oficial\/wp-json\/wp\/v2\/ppma_author?post=16867"}],"curies":[{"name":"wp","href":"https:\/\/api.w.org\/{rel}","templated":true}]}}