{"id":16866,"date":"2021-05-12T00:03:22","date_gmt":"2021-05-12T00:03:22","guid":{"rendered":"https:\/\/visionciudadana.com.mx\/chio\/2021\/05\/12\/adrian-de-la-garza-no-ha-cometido-ningun-acto-que-viole-la-constitucion-pri\/"},"modified":"2025-06-25T00:16:14","modified_gmt":"2025-06-25T00:16:14","slug":"adrian-de-la-garza-no-ha-cometido-ningun-acto-que-viole-la-constitucion-pri","status":"publish","type":"post","link":"https:\/\/visionciudadana.com.mx\/oficial\/2021\/05\/12\/adrian-de-la-garza-no-ha-cometido-ningun-acto-que-viole-la-constitucion-pri\/","title":{"rendered":"Adri\u00e1n de la Garza no ha cometido ning\u00fan acto que viole la constituci\u00f3n: PRI"},"content":{"rendered":"<p>&nbsp;<\/p>\n<p><img fetchpriority=\"high\" decoding=\"async\" src=\"images\/2021\/mayo21\/ale-cama.jpg\" alt=\"ale cama\" width=\"780\" height=\"420\" style=\"display: block; margin: 20px auto;\" \/><\/p>\n<p class=\"x_MsoNormal\" style=\"text-align: justify;\"><span style=\"font-size: 14pt; font-family: arial, helvetica, sans-serif;\">En&nbsp;&nbsp; ning\u00fan&nbsp;&nbsp; momento&nbsp;&nbsp; Adri\u00e1n&nbsp;&nbsp; de&nbsp; la Garza, o cualquiera de nuestros candidatos, ha cometido ning\u00fan acto que viole la Constituci\u00f3n o la norma electoral, su campa\u00f1a est\u00e1 apegada a la ley y es de propuestas que ser\u00e1n cumplidas, afirm\u00f3 Alejandro Moreno, Presidente del Comit\u00e9 Ejecutivo Nacional (CEN) del Partido Revolucionario Institucional (PRI).<\/span><\/p>\n<p style=\"text-align: justify;\">&nbsp;<\/p>\n<p class=\"x_MsoNormal\" style=\"text-align: justify;\"><span style=\"font-size: 14pt; font-family: arial, helvetica, sans-serif;\">El dirigente del partido tricolor se\u00f1al\u00f3 que el gobierno&nbsp; federal&nbsp; ha&nbsp; expuesto una vez m\u00e1s su rostro m\u00e1s antidemocr\u00e1tico y hoy, el blanco de sus ataques es el candidato de este instituto pol\u00edtico a la gubernatura de Nuevo Le\u00f3n. Ello, en respuesta al comunicado emitido por la Fiscal\u00eda General de la Rep\u00fablica (FGR), en el que se acusa al abanderado de usar programas sociales con fines electorales.<\/span><\/p>\n<p style=\"text-align: justify;\">&nbsp;<\/p>\n<p class=\"x_MsoNormal\" style=\"text-align: justify;\"><span style=\"font-size: 14pt; font-family: arial, helvetica, sans-serif;\">El l\u00edder priista expuso que se tiene como antecedente la validaci\u00f3n, con sentencia, que realiz\u00f3 el Tribunal Electoral del Poder Judicial de la Federaci\u00f3n (TEPJF), en la entrega de monederos en 2017 en el caso de campa\u00f1a a la gubernatura de Coahuila y, en 2018, los monederos llamados Ingreso B\u00e1sico Universal, del candidato Ricardo Anaya.<\/span><\/p>\n<p style=\"text-align: justify;\">&nbsp;<\/p>\n<p class=\"x_MsoNormal\" style=\"text-align: justify;\"><span style=\"font-size: 14pt; font-family: arial, helvetica, sans-serif;\">\u201cNo hay ninguna diferencia en ofrecer esto y dar discursos, como lo hizo el Presidente&nbsp; de la Rep\u00fablica, al ofrecer becas para los adultos mayores y todos los programas que se ofrecieron en su campa\u00f1a\u201d, destac\u00f3 el dirigente, para luego precisar que&nbsp; \u201cla campa\u00f1a del PRI es atacada por ser innovadora y exitosa, pero no nos van a intimidar\u201d.<\/span><\/p>\n<p style=\"text-align: justify;\">&nbsp;<\/p>\n<p class=\"x_MsoNormal\" style=\"text-align: justify;\"><span style=\"font-size: 14pt; font-family: arial, helvetica, sans-serif;\">Est\u00e1 claro, asever\u00f3 el titular del CEN del PRI, que el oficialismo ya se dio cuenta que Adri\u00e1n de la Garza ser\u00e1 el pr\u00f3ximo Gobernador de Nuevo Le\u00f3n y, como ya es costumbre, est\u00e1n haciendo circo, maroma y teatro para frenarlo. Subray\u00f3 que es vergonzoso que se valgan de las instituciones&nbsp; de&nbsp; los&nbsp; mexicanos&nbsp; para perjudicar a la oposici\u00f3n y de partidos que simulan serlo, como Movimiento Ciudadano (MC), para conseguir sus fines.<\/span><\/p>\n<p style=\"text-align: justify;\">&nbsp;<\/p>\n<p class=\"x_MsoNormal\" style=\"text-align: justify;\"><span style=\"font-size: 14pt; font-family: arial, helvetica, sans-serif;\">\u201cDesde el PRI, reprobamos los intentos descarados del gobierno federal por influir en el proceso electoral y por crear una narrativa de desconfianza hacia la autoridad electoral y hacia nosotros, los partidos de verdadera oposici\u00f3n\u201d, enfatiz\u00f3 Alejandro Moreno.<\/span><\/p>\n<p class=\"x_MsoNormal\" style=\"text-align: justify;\"><span style=\"font-size: 14pt; font-family: arial, helvetica, sans-serif;\">&nbsp;&nbsp;&nbsp;&nbsp;&nbsp;&nbsp;&nbsp;<\/span><\/p>\n<p class=\"x_MsoNormal\" style=\"text-align: justify;\"><span style=\"font-size: 14pt; font-family: arial, helvetica, sans-serif;\">Adem\u00e1s, el l\u00edder tricolor asever\u00f3 que es inadmisible que el gobierno de Morena est\u00e9 empe\u00f1ado en bloquear a candidatos que s\u00f3lo buscan el bien de las familias mexicanas mediante un verdadero cambio con rumbo, cuando M\u00e9xico&nbsp; vive&nbsp; una&nbsp; preocupante&nbsp; ola&nbsp; de violencia pol\u00edtica, que no respeta colores, ni ideolog\u00edas, y que,&nbsp; en&nbsp; los \u00faltimos meses, ha dejado 210 v\u00edctimas, de las cuales 143 han sido mortales.<\/span><\/p>\n<p style=\"text-align: justify;\">&nbsp;<\/p>\n<p class=\"x_MsoNormal\" style=\"text-align: justify;\"><span style=\"font-size: 14pt; font-family: arial, helvetica, sans-serif;\">Por ello, urgi\u00f3 al gobierno federal a comportarse a la altura del proceso electoral&nbsp;&nbsp;&nbsp; m\u00e1s importante en la historia de M\u00e9xico, y garantizar la seguridad e integridad de todas las personas involucradas en esta elecci\u00f3n.<\/span><\/p>\n<p style=\"text-align: justify;\">&nbsp;<\/p>\n<p class=\"x_MsoNormal\" style=\"text-align: justify;\"><span style=\"font-size: 14pt; font-family: arial, helvetica, sans-serif;\">\u201cLa gente sabe y no se va a dejar enga\u00f1ar. El pr\u00f3ximo 6 de junio el voto popular va a refrendar lo que las encuestas&nbsp; vienen&nbsp; se\u00f1alando: Adri\u00e1n de la Garza ser\u00e1 el pr\u00f3ximo Gobernador de nuevo le\u00f3n\u201d, concluy\u00f3 Alejandro Moreno.<\/span><\/p>\n<p style=\"text-align: justify;\">&nbsp;<\/p>\n<p style=\"text-align: justify;\">&nbsp;<\/p>\n<p style=\"text-align: justify;\"><span style=\"font-size: 14pt; font-family: arial, helvetica, sans-serif;\">REDACCI\u00d3N\/VISI\u00d3N CIUDADANA.<\/span><\/p>\n<div style=\"text-align: justify;\"><span style=\"font-size: 14pt; font-family: arial, helvetica, sans-serif;\"><\/span><\/div>\n","protected":false},"excerpt":{"rendered":"<p>&nbsp; En&nbsp;&nbsp; ning\u00fan&nbsp;&nbsp; momento&nbsp;&nbsp; Adri\u00e1n&nbsp;&nbsp; de&nbsp; la Garza, o cualquiera de nuestros candidatos, ha cometido ning\u00fan acto que viole la Constituci\u00f3n o la norma electoral, su campa\u00f1a est\u00e1 apegada a la ley y es de propuestas que ser\u00e1n cumplidas, afirm\u00f3 Alejandro Moreno, Presidente del Comit\u00e9 Ejecutivo Nacional (CEN) del Partido Revolucionario Institucional (PRI). &nbsp; El [&hellip;]<\/p>\n","protected":false},"author":1,"featured_media":567,"comment_status":"closed","ping_status":"closed","sticky":false,"template":"","format":"standard","meta":{"footnotes":""},"categories":[24],"tags":[],"ppma_author":[31],"class_list":["post-16866","post","type-post","status-publish","format-standard","has-post-thumbnail","hentry","category-relevantes"],"aioseo_notices":[],"authors":[{"term_id":31,"user_id":1,"is_guest":0,"slug":"ivan3vino","display_name":"Iv\u00e1n Trevi\u00f1o","avatar_url":{"url":"https:\/\/visionciudadana.com.mx\/oficial\/wp-content\/uploads\/2025\/09\/columna-ivan-Trevino.png","url2x":"https:\/\/visionciudadana.com.mx\/oficial\/wp-content\/uploads\/2025\/09\/columna-ivan-Trevino.png"},"0":null,"1":"","2":"","3":"","4":"","5":"","6":"","7":"","8":""}],"_links":{"self":[{"href":"https:\/\/visionciudadana.com.mx\/oficial\/wp-json\/wp\/v2\/posts\/16866","targetHints":{"allow":["GET"]}}],"collection":[{"href":"https:\/\/visionciudadana.com.mx\/oficial\/wp-json\/wp\/v2\/posts"}],"about":[{"href":"https:\/\/visionciudadana.com.mx\/oficial\/wp-json\/wp\/v2\/types\/post"}],"author":[{"embeddable":true,"href":"https:\/\/visionciudadana.com.mx\/oficial\/wp-json\/wp\/v2\/users\/1"}],"replies":[{"embeddable":true,"href":"https:\/\/visionciudadana.com.mx\/oficial\/wp-json\/wp\/v2\/comments?post=16866"}],"version-history":[{"count":1,"href":"https:\/\/visionciudadana.com.mx\/oficial\/wp-json\/wp\/v2\/posts\/16866\/revisions"}],"predecessor-version":[{"id":31060,"href":"https:\/\/visionciudadana.com.mx\/oficial\/wp-json\/wp\/v2\/posts\/16866\/revisions\/31060"}],"wp:featuredmedia":[{"embeddable":true,"href":"https:\/\/visionciudadana.com.mx\/oficial\/wp-json\/wp\/v2\/posts\/567"}],"wp:attachment":[{"href":"https:\/\/visionciudadana.com.mx\/oficial\/wp-json\/wp\/v2\/media?parent=16866"}],"wp:term":[{"taxonomy":"category","embeddable":true,"href":"https:\/\/visionciudadana.com.mx\/oficial\/wp-json\/wp\/v2\/categories?post=16866"},{"taxonomy":"post_tag","embeddable":true,"href":"https:\/\/visionciudadana.com.mx\/oficial\/wp-json\/wp\/v2\/tags?post=16866"},{"taxonomy":"author","embeddable":true,"href":"https:\/\/visionciudadana.com.mx\/oficial\/wp-json\/wp\/v2\/ppma_author?post=16866"}],"curies":[{"name":"wp","href":"https:\/\/api.w.org\/{rel}","templated":true}]}}