{"id":16858,"date":"2021-05-09T20:10:15","date_gmt":"2021-05-09T20:10:15","guid":{"rendered":"https:\/\/visionciudadana.com.mx\/chio\/2021\/05\/09\/obras-pluviales-prioritarias-en-la-ciudad-continuaran-en-mi-gobierno-estrada-ferreiro\/"},"modified":"2025-06-25T00:16:15","modified_gmt":"2025-06-25T00:16:15","slug":"obras-pluviales-prioritarias-en-la-ciudad-continuaran-en-mi-gobierno-estrada-ferreiro","status":"publish","type":"post","link":"https:\/\/visionciudadana.com.mx\/oficial\/2021\/05\/09\/obras-pluviales-prioritarias-en-la-ciudad-continuaran-en-mi-gobierno-estrada-ferreiro\/","title":{"rendered":"Obras pluviales prioritarias en la ciudad continuar\u00e1n en mi Gobierno: Estrada Ferreiro"},"content":{"rendered":"<p style=\"text-align: justify;\"><img fetchpriority=\"high\" decoding=\"async\" src=\"images\/2021\/mayo21\/jef33.jpg\" alt=\"jef33\" width=\"780\" height=\"420\" style=\"display: block; margin: 20px auto;\" \/><\/p>\n<div style=\"text-align: justify;\"><span style=\"font-size: 14pt; font-family: arial, helvetica, sans-serif;\"><\/span><\/div>\n<div style=\"text-align: justify;\"><span style=\"font-size: 14pt; font-family: arial, helvetica, sans-serif;\">A su llegada a la Administraci\u00f3n Municipal de Culiac\u00e1n, el Lic. Jes\u00fas Estrada Ferreiro, se enfrent\u00f3 al reto de evitar futuras inundaciones en la ciudad, esto debido a la falta de infraestructura para reforzar los causes de los drenes y canales, por ello dijo inici\u00f3 la gesti\u00f3n de recursos p\u00fablicos y privados para mejorar dichas obras.&nbsp;<\/span><\/div>\n<div style=\"text-align: justify;\">&nbsp;<\/div>\n<div style=\"text-align: justify;\"><span style=\"font-size: 14pt; font-family: arial, helvetica, sans-serif;\"><\/span><\/div>\n<div style=\"text-align: justify;\"><span style=\"font-size: 14pt; font-family: arial, helvetica, sans-serif;\">Durante este periodo, Estrada Ferreiro destac\u00f3 la relevancia de haber consumado la ampliaci\u00f3n del dren Bacurimi lo que permiti\u00f3 prevenir inundaciones en los sectores de Valle Alto y Villas del R\u00edo, zonas que hab\u00edan sido castigadas por el embate de la naturaleza y la falta de estas obras pluviales.&nbsp;<\/span><\/div>\n<div style=\"text-align: justify;\">&nbsp;<\/div>\n<div style=\"text-align: justify;\"><span style=\"font-size: 14pt; font-family: arial, helvetica, sans-serif;\"><\/span><\/div>\n<div style=\"text-align: justify;\"><span style=\"font-size: 14pt; font-family: arial, helvetica, sans-serif;\">\u201cYo no pod\u00eda esperar a que hubiera un recurso federal o estatal para ello, mi preocupaci\u00f3n era que no se inundaran por esa ocasi\u00f3n, convoqu\u00e9 a todos los integrantes de la Comisi\u00f3n del Agua, parte del Gobierno del Estado, Protecci\u00f3n Civil, a los constructores particulares, desarrolladores que ten\u00edan obras en proceso, y logr\u00e9 reunir m\u00e1s de 25 millones de pesos de aportaciones de ellos y por supuesto no los manej\u00e9 yo\u201d. Asegur\u00f3.&nbsp;<\/span><\/div>\n<div style=\"text-align: justify;\">&nbsp;<\/div>\n<div>&nbsp;<\/div>\n<div style=\"text-align: justify;\"><span style=\"font-size: 14pt; font-family: arial, helvetica, sans-serif;\"><\/span><\/div>\n<div style=\"text-align: justify;\"><span style=\"font-size: 14pt; font-family: arial, helvetica, sans-serif;\">El candidato a presidente de Culiac\u00e1n por la alianza Morena \u2013PAS, Lic. Jes\u00fas Estrada Ferreiro afirm\u00f3 que con las obras pluviales construidos se ha brindado seguridad para la gente que vive en los sectores desarrollados que son considerados zonas de riesgo.&nbsp;<\/span><\/div>\n<div style=\"text-align: justify;\">&nbsp;<\/div>\n<div style=\"text-align: justify;\"><span style=\"font-size: 14pt; font-family: arial, helvetica, sans-serif;\"><\/span><\/div>\n<div style=\"text-align: justify;\"><span style=\"font-size: 14pt; font-family: arial, helvetica, sans-serif;\">Finalmente comparti\u00f3 que con el apoyo de la ciudadan\u00eda este pr\u00f3ximo 6 de junio, las pol\u00edticas de mejora de infraestructura pluvial prioritarias en la capital sinaloense continuar\u00e1n en su segunda administraci\u00f3n municipal.<\/span><\/div>\n<div style=\"text-align: justify;\">&nbsp;<\/div>\n<div style=\"text-align: justify;\">&nbsp;<\/div>\n<div style=\"text-align: justify;\">&nbsp;<\/div>\n<div style=\"text-align: justify;\"><span style=\"font-size: 14pt; font-family: arial, helvetica, sans-serif;\">REDACCI\u00d3N\/VISI\u00d3N CIUDADANA.<\/span><\/div>\n","protected":false},"excerpt":{"rendered":"<p>A su llegada a la Administraci\u00f3n Municipal de Culiac\u00e1n, el Lic. Jes\u00fas Estrada Ferreiro, se enfrent\u00f3 al reto de evitar futuras inundaciones en la ciudad, esto debido a la falta de infraestructura para reforzar los causes de los drenes y canales, por ello dijo inici\u00f3 la gesti\u00f3n de recursos p\u00fablicos y privados para mejorar dichas [&hellip;]<\/p>\n","protected":false},"author":1,"featured_media":558,"comment_status":"closed","ping_status":"closed","sticky":false,"template":"","format":"standard","meta":{"footnotes":""},"categories":[24],"tags":[],"ppma_author":[31],"class_list":["post-16858","post","type-post","status-publish","format-standard","has-post-thumbnail","hentry","category-relevantes"],"aioseo_notices":[],"authors":[{"term_id":31,"user_id":1,"is_guest":0,"slug":"ivan3vino","display_name":"Iv\u00e1n Trevi\u00f1o","avatar_url":{"url":"https:\/\/visionciudadana.com.mx\/oficial\/wp-content\/uploads\/2025\/09\/columna-ivan-Trevino.png","url2x":"https:\/\/visionciudadana.com.mx\/oficial\/wp-content\/uploads\/2025\/09\/columna-ivan-Trevino.png"},"0":null,"1":"","2":"","3":"","4":"","5":"","6":"","7":"","8":""}],"_links":{"self":[{"href":"https:\/\/visionciudadana.com.mx\/oficial\/wp-json\/wp\/v2\/posts\/16858","targetHints":{"allow":["GET"]}}],"collection":[{"href":"https:\/\/visionciudadana.com.mx\/oficial\/wp-json\/wp\/v2\/posts"}],"about":[{"href":"https:\/\/visionciudadana.com.mx\/oficial\/wp-json\/wp\/v2\/types\/post"}],"author":[{"embeddable":true,"href":"https:\/\/visionciudadana.com.mx\/oficial\/wp-json\/wp\/v2\/users\/1"}],"replies":[{"embeddable":true,"href":"https:\/\/visionciudadana.com.mx\/oficial\/wp-json\/wp\/v2\/comments?post=16858"}],"version-history":[{"count":1,"href":"https:\/\/visionciudadana.com.mx\/oficial\/wp-json\/wp\/v2\/posts\/16858\/revisions"}],"predecessor-version":[{"id":31061,"href":"https:\/\/visionciudadana.com.mx\/oficial\/wp-json\/wp\/v2\/posts\/16858\/revisions\/31061"}],"wp:featuredmedia":[{"embeddable":true,"href":"https:\/\/visionciudadana.com.mx\/oficial\/wp-json\/wp\/v2\/media\/558"}],"wp:attachment":[{"href":"https:\/\/visionciudadana.com.mx\/oficial\/wp-json\/wp\/v2\/media?parent=16858"}],"wp:term":[{"taxonomy":"category","embeddable":true,"href":"https:\/\/visionciudadana.com.mx\/oficial\/wp-json\/wp\/v2\/categories?post=16858"},{"taxonomy":"post_tag","embeddable":true,"href":"https:\/\/visionciudadana.com.mx\/oficial\/wp-json\/wp\/v2\/tags?post=16858"},{"taxonomy":"author","embeddable":true,"href":"https:\/\/visionciudadana.com.mx\/oficial\/wp-json\/wp\/v2\/ppma_author?post=16858"}],"curies":[{"name":"wp","href":"https:\/\/api.w.org\/{rel}","templated":true}]}}